{"id":13348,"date":"2019-01-26T20:20:01","date_gmt":"2019-01-26T19:20:01","guid":{"rendered":"https:\/\/www.neuperlach.org\/blog\/?p=13348"},"modified":"2020-05-29T00:27:42","modified_gmt":"2020-05-28T22:27:42","slug":"neuperlach-ohne-staendlerstrasse-1969-1970","status":"publish","type":"post","link":"https:\/\/www.neuperlach.org\/blog\/neuperlach-ohne-staendlerstrasse-1969-1970\/","title":{"rendered":"Neuperlach ohne St\u00e4ndlerstra\u00dfe (1969\/1970)"},"content":{"rendered":"<h3>Neuperlach ohne St\u00e4ndlerstra\u00dfe (1969\/1970)<\/h3>\n<figure id=\"attachment_13356\" aria-describedby=\"caption-attachment-13356\" style=\"width: 660px\" class=\"wp-caption alignnone\"><a href=\"https:\/\/www.neuperlach.org\/blog\/wp-content\/uploads\/2019\/01\/Blick_vom_Strehleranger_Richtung_Perlach_1969_1970.jpg\"><img loading=\"lazy\" decoding=\"async\" class=\"size-large wp-image-13356\" src=\"https:\/\/www.neuperlach.org\/blog\/wp-content\/uploads\/2019\/01\/Blick_vom_Strehleranger_Richtung_Perlach_1969_1970-1024x679.jpg\" alt=\"Blick vom Strehleranger Richtung Perlach 1969 1970\" width=\"660\" height=\"438\" \/><\/a><figcaption id=\"caption-attachment-13356\" class=\"wp-caption-text\">Bild 1: Blick von einem Wohnhaus am Strehleranger Richtung Perlach (1969\/1970). Wo nur ist die St\u00e4ndlerstra\u00dfe? Foto: Astrid St\u00e4hn; Farben aufgefrischt von neuperlach.org<\/figcaption><\/figure>\n<figure id=\"attachment_15870\" aria-describedby=\"caption-attachment-15870\" style=\"width: 200px\" class=\"wp-caption alignleft\"><a href=\"https:\/\/www.neuperlach.org\/blog\/wp-content\/uploads\/2019\/01\/map_nachstellung_foto_nawiaskystrasse.jpg\"><img loading=\"lazy\" decoding=\"async\" class=\"size-medium wp-image-15870\" src=\"https:\/\/www.neuperlach.org\/blog\/wp-content\/uploads\/2019\/01\/map_nachstellung_foto_nawiaskystrasse-200x300.jpg\" alt=\"Map \u2013 Nachgestellt \u2013 Blick vom Strehleranger Richtung Perlach 1969 1970\" width=\"200\" height=\"300\" srcset=\"https:\/\/www.neuperlach.org\/blog\/wp-content\/uploads\/2019\/01\/map_nachstellung_foto_nawiaskystrasse-200x300.jpg 200w, https:\/\/www.neuperlach.org\/blog\/wp-content\/uploads\/2019\/01\/map_nachstellung_foto_nawiaskystrasse-681x1024.jpg 681w, https:\/\/www.neuperlach.org\/blog\/wp-content\/uploads\/2019\/01\/map_nachstellung_foto_nawiaskystrasse.jpg 738w\" sizes=\"auto, (max-width: 200px) 100vw, 200px\" \/><\/a><figcaption id=\"caption-attachment-15870\" class=\"wp-caption-text\">Bild 2: Umgebungskarte Nawiaskystra\u00dfe mit Standort des nachgestellten Fotos, der in etwa dem urspr\u00fcnglichen Standpunkt entsprechen sollte. Quelle: OpenStreetMap, Lizenz: <a href=\"https:\/\/www.opendatacommons.org\/licenses\/odbl\/\" target=\"_blank\">Open Database License 1.0<\/a><\/figcaption><\/figure>\n<p>Was heute unvorstellbar erscheint, Neuperlach gab es einmal ohne St\u00e4ndlerstra\u00dfe. Astrid St\u00e4hn hat ein herrliches Foto ausgegraben, das 1969 oder 1970 entstanden ist. Es wurde von einem Wohnblock am Strehleranger aufgenommen. Der Blick geht Richtung Perlach, St. Michael Perlach ist gut zu erkennen. Die Querstra\u00dfe im Bild unten ist die Nawiaskystra\u00dfe. Hinter dieser wurde sp\u00e4ter der Neuperlacher Teil St\u00e4ndlerstra\u00dfe gebaut \u2013 das hei\u00dft, die bestehende St\u00e4ndlerstra\u00dfe in Harlaching wurde verl\u00e4ngert \u2013, abgetrennt durch einen bepflanzten Erddamm, um den Verkehrsl\u00e4rm abzuschirmen. (Wann diese Verl\u00e4ngerung der St\u00e4ndlerstra\u00dfe genau er\u00f6ffnet wurde, fehlt leider in meiner sonst einigerma\u00dfen kompletten <a href=\"https:\/\/www.neuperlach.org\/blog\/?page_id=10\">Neuperlach-Chronologie<\/a>. Wer bei der Komplettierung dieser und anderer Angaben helfen kann, darf sich gerne melden.)<\/p>\n<p>Im historischen Foto erkennt man ganz links und ganz rechts zwei Tiefgaragenabfahrten. Die rechte existiert noch, die andere Tiefgarage wurde im Rahmen einer Nachverdichtung (Patrizia Bachquartier) abgerissen und neu gebaut (in Bild 3 ist die Tiefgarageneinfahrt mit &#8222;2&#8220; markiert). Der Grund: Die in Neuperlach lange \u00fcblichen Tiefgaragen sind nicht so stabil, um H\u00e4user tragen zu k\u00f6nnen. Auch ben\u00f6tigt man bei Nachverdichtungen zus\u00e4tzliche Abstellpl\u00e4tze, also braucht es in solchen F\u00e4llen neue, stabilere Tiefgaragen.<\/p>\n<h3>Foto nachgestellt<\/h3>\n<figure id=\"attachment_15871\" aria-describedby=\"caption-attachment-15871\" style=\"width: 580px\" class=\"wp-caption alignnone\"><a href=\"https:\/\/www.neuperlach.org\/blog\/wp-content\/uploads\/2019\/01\/IMG_7331-Bearbeitet.jpg\"><img loading=\"lazy\" decoding=\"async\" class=\"size-large wp-image-15871\" src=\"https:\/\/www.neuperlach.org\/blog\/wp-content\/uploads\/2019\/01\/IMG_7331-Bearbeitet-1024x768.jpg\" alt=\"Nachgestellt \u2013 Blick vom Strehleranger Richtung Perlach 1969 1970\" width=\"580\" height=\"435\" srcset=\"https:\/\/www.neuperlach.org\/blog\/wp-content\/uploads\/2019\/01\/IMG_7331-Bearbeitet-1024x768.jpg 1024w, https:\/\/www.neuperlach.org\/blog\/wp-content\/uploads\/2019\/01\/IMG_7331-Bearbeitet-300x225.jpg 300w, https:\/\/www.neuperlach.org\/blog\/wp-content\/uploads\/2019\/01\/IMG_7331-Bearbeitet-768x576.jpg 768w, https:\/\/www.neuperlach.org\/blog\/wp-content\/uploads\/2019\/01\/IMG_7331-Bearbeitet-1536x1152.jpg 1536w, https:\/\/www.neuperlach.org\/blog\/wp-content\/uploads\/2019\/01\/IMG_7331-Bearbeitet-1200x900.jpg 1200w, https:\/\/www.neuperlach.org\/blog\/wp-content\/uploads\/2019\/01\/IMG_7331-Bearbeitet.jpg 1920w\" sizes=\"auto, (max-width: 580px) 100vw, 580px\" \/><\/a><figcaption id=\"caption-attachment-15871\" class=\"wp-caption-text\">Bild 3: Heutige Position \u2013 1: Nawiaskystra\u00dfe, 2: Einfahrt neu gebaute Tiefgarage, 3: bestehende Tiefgaragenabfahrt (hinter B\u00fcschen), 4a\/b\/c: Wohnh\u00e4user des Patrizia Bachquartier (26.01.2019) \u00a9 Thomas Irlbeck<\/figcaption><\/figure>\n<p>Nun habe ich das alte Foto nachgestellt. Dabei befinde ich mich tats\u00e4chlich wohl ziemlich genau an der Stelle, an der das alte Foto geschossen wurde. Das neue Foto entstand mit dem R\u00fccken zu dem Wohnblock, quasi lehnend an ihm. Dabei konnte ich leider lediglich vom Erdgeschoss aus fotografieren.<\/p>\n<p>Die Stelle ist nat\u00fcrlich nicht mehr wiederzuerkennen. Immerhin kann man die Nawiaskystra\u00dfe identifizieren (mit &#8222;1&#8220; markiert). Die rechte Tiefgaragenabfahrt (mit &#8222;3&#8220; markiert) ist hinter B\u00fcschen versteckt. Die drei wei\u00dfen H\u00e4user (man sieht zwei ein halb davon \u2013 mit &#8222;4a\/4b\/4c&#8220; markiert) mit den gemischten Hoch- und Querformatfenstern \u2013 das bereits erw\u00e4hnte Patrizia Bachquartier \u2013 wurden \u00fcbrigens erst 2015\/2016 gebaut.<\/p>\n<p>Um das Ganze etwas besser herauszuarbeiten, zeige ich weitere Fotos mit anderen Ansichten dieses Quartiers.<img loading=\"lazy\" decoding=\"async\" class=\"vg\" src=\"https:\/\/ssl-vg03.met.vgwort.de\/na\/21ee8165650b4242aaef853081a1ba32\" alt=\"\" width=\"1\" height=\"1\" \/><\/p>\n<figure id=\"attachment_15872\" aria-describedby=\"caption-attachment-15872\" style=\"width: 580px\" class=\"wp-caption alignnone\"><a href=\"https:\/\/www.neuperlach.org\/blog\/wp-content\/uploads\/2019\/01\/IMG_7334.jpg\"><img loading=\"lazy\" decoding=\"async\" class=\"size-large wp-image-15872\" src=\"https:\/\/www.neuperlach.org\/blog\/wp-content\/uploads\/2019\/01\/IMG_7334-1024x768.jpg\" alt=\"Rechte Tiefgarage Nawiaskystra\u00dfe\" width=\"580\" height=\"435\" srcset=\"https:\/\/www.neuperlach.org\/blog\/wp-content\/uploads\/2019\/01\/IMG_7334-1024x768.jpg 1024w, https:\/\/www.neuperlach.org\/blog\/wp-content\/uploads\/2019\/01\/IMG_7334-300x225.jpg 300w, https:\/\/www.neuperlach.org\/blog\/wp-content\/uploads\/2019\/01\/IMG_7334-768x576.jpg 768w, https:\/\/www.neuperlach.org\/blog\/wp-content\/uploads\/2019\/01\/IMG_7334-1536x1152.jpg 1536w, https:\/\/www.neuperlach.org\/blog\/wp-content\/uploads\/2019\/01\/IMG_7334-1200x900.jpg 1200w, https:\/\/www.neuperlach.org\/blog\/wp-content\/uploads\/2019\/01\/IMG_7334.jpg 1920w\" sizes=\"auto, (max-width: 580px) 100vw, 580px\" \/><\/a><figcaption id=\"caption-attachment-15872\" class=\"wp-caption-text\">Bild 4: N\u00e4her an der zweiten, rechten Tiefgaragenabfahrt (26.01.2019) \u00a9 Thomas Irlbeck<\/figcaption><\/figure>\n<figure style=\"width: 580px\" class=\"wp-caption alignnone\"><a href=\"https:\/\/www.neuperlach.org\/blog\/wp-content\/uploads\/2019\/01\/IMG_7336.jpg\"><img loading=\"lazy\" decoding=\"async\" class=\"size-large wp-image-15873\" src=\"https:\/\/www.neuperlach.org\/blog\/wp-content\/uploads\/2019\/01\/IMG_7336-1024x768.jpg\" alt=\"Neue Tiefgarage Nawiaskystra\u00dfe\" width=\"580\" height=\"435\" srcset=\"https:\/\/www.neuperlach.org\/blog\/wp-content\/uploads\/2019\/01\/IMG_7336-1024x768.jpg 1024w, https:\/\/www.neuperlach.org\/blog\/wp-content\/uploads\/2019\/01\/IMG_7336-300x225.jpg 300w, https:\/\/www.neuperlach.org\/blog\/wp-content\/uploads\/2019\/01\/IMG_7336-768x576.jpg 768w, https:\/\/www.neuperlach.org\/blog\/wp-content\/uploads\/2019\/01\/IMG_7336-1536x1152.jpg 1536w, https:\/\/www.neuperlach.org\/blog\/wp-content\/uploads\/2019\/01\/IMG_7336-1200x900.jpg 1200w, https:\/\/www.neuperlach.org\/blog\/wp-content\/uploads\/2019\/01\/IMG_7336.jpg 1920w\" sizes=\"auto, (max-width: 580px) 100vw, 580px\" \/><\/a><figcaption class=\"wp-caption-text\">Bild 5: Einfahrt zu der neu gebauten, ersten (linken) Tiefgarage (26.01.2019) \u00a9 Thomas Irlbeck<\/figcaption><\/figure>\n<figure id=\"attachment_15874\" aria-describedby=\"caption-attachment-15874\" style=\"width: 580px\" class=\"wp-caption alignnone\"><a href=\"https:\/\/www.neuperlach.org\/blog\/wp-content\/uploads\/2019\/01\/IMG_7337.jpg\"><img loading=\"lazy\" decoding=\"async\" class=\"size-large wp-image-15874\" src=\"https:\/\/www.neuperlach.org\/blog\/wp-content\/uploads\/2019\/01\/IMG_7337-1024x768.jpg\" alt=\"Neue Tiefgarage Nawiaskystra\u00dfe\" width=\"580\" height=\"435\" srcset=\"https:\/\/www.neuperlach.org\/blog\/wp-content\/uploads\/2019\/01\/IMG_7337-1024x768.jpg 1024w, https:\/\/www.neuperlach.org\/blog\/wp-content\/uploads\/2019\/01\/IMG_7337-300x225.jpg 300w, https:\/\/www.neuperlach.org\/blog\/wp-content\/uploads\/2019\/01\/IMG_7337-768x576.jpg 768w, https:\/\/www.neuperlach.org\/blog\/wp-content\/uploads\/2019\/01\/IMG_7337-1536x1152.jpg 1536w, https:\/\/www.neuperlach.org\/blog\/wp-content\/uploads\/2019\/01\/IMG_7337-1200x900.jpg 1200w, https:\/\/www.neuperlach.org\/blog\/wp-content\/uploads\/2019\/01\/IMG_7337.jpg 1920w\" sizes=\"auto, (max-width: 580px) 100vw, 580px\" \/><\/a><figcaption id=\"caption-attachment-15874\" class=\"wp-caption-text\">Bild 6: N\u00e4her dran an der Tiefgarageneinfahrt (26.01.2019) \u00a9 Thomas Irlbeck<\/figcaption><\/figure>\n<figure id=\"attachment_15875\" aria-describedby=\"caption-attachment-15875\" style=\"width: 580px\" class=\"wp-caption alignnone\"><a href=\"https:\/\/www.neuperlach.org\/blog\/wp-content\/uploads\/2019\/01\/IMG_7338.jpg\"><img loading=\"lazy\" decoding=\"async\" class=\"size-large wp-image-15875\" src=\"https:\/\/www.neuperlach.org\/blog\/wp-content\/uploads\/2019\/01\/IMG_7338-1024x768.jpg\" alt=\"Nawiaskystra\u00dfe, rechte Tiefgarage\" width=\"580\" height=\"435\" srcset=\"https:\/\/www.neuperlach.org\/blog\/wp-content\/uploads\/2019\/01\/IMG_7338-1024x768.jpg 1024w, https:\/\/www.neuperlach.org\/blog\/wp-content\/uploads\/2019\/01\/IMG_7338-300x225.jpg 300w, https:\/\/www.neuperlach.org\/blog\/wp-content\/uploads\/2019\/01\/IMG_7338-768x576.jpg 768w, https:\/\/www.neuperlach.org\/blog\/wp-content\/uploads\/2019\/01\/IMG_7338-1536x1152.jpg 1536w, https:\/\/www.neuperlach.org\/blog\/wp-content\/uploads\/2019\/01\/IMG_7338-1200x900.jpg 1200w, https:\/\/www.neuperlach.org\/blog\/wp-content\/uploads\/2019\/01\/IMG_7338.jpg 1920w\" sizes=\"auto, (max-width: 580px) 100vw, 580px\" \/><\/a><figcaption id=\"caption-attachment-15875\" class=\"wp-caption-text\">Bild 7: Die zweite, noch bestehende Tiefgarageneinfahrt von der anderen Seite aus gesehen (26.01.2019) \u00a9 Thomas Irlbeck<\/figcaption><\/figure>\n<figure id=\"attachment_15876\" aria-describedby=\"caption-attachment-15876\" style=\"width: 580px\" class=\"wp-caption alignnone\"><a href=\"https:\/\/www.neuperlach.org\/blog\/wp-content\/uploads\/2019\/01\/IMG_7341.jpg\"><img loading=\"lazy\" decoding=\"async\" class=\"size-large wp-image-15876\" src=\"https:\/\/www.neuperlach.org\/blog\/wp-content\/uploads\/2019\/01\/IMG_7341-1024x768.jpg\" alt=\"Nawiaskystra\u00dfe, Spielplatz nahe Tiefgarageneinfahrt\" width=\"580\" height=\"435\" srcset=\"https:\/\/www.neuperlach.org\/blog\/wp-content\/uploads\/2019\/01\/IMG_7341-1024x768.jpg 1024w, https:\/\/www.neuperlach.org\/blog\/wp-content\/uploads\/2019\/01\/IMG_7341-300x225.jpg 300w, https:\/\/www.neuperlach.org\/blog\/wp-content\/uploads\/2019\/01\/IMG_7341-768x576.jpg 768w, https:\/\/www.neuperlach.org\/blog\/wp-content\/uploads\/2019\/01\/IMG_7341-1536x1152.jpg 1536w, https:\/\/www.neuperlach.org\/blog\/wp-content\/uploads\/2019\/01\/IMG_7341-1200x900.jpg 1200w, https:\/\/www.neuperlach.org\/blog\/wp-content\/uploads\/2019\/01\/IMG_7341.jpg 1920w\" sizes=\"auto, (max-width: 580px) 100vw, 580px\" \/><\/a><figcaption id=\"caption-attachment-15876\" class=\"wp-caption-text\">Bild 8: Spielplatz nahe Tiefgarageneinfahrt (26.01.2019) \u00a9 Thomas Irlbeck<\/figcaption><\/figure>\n<figure id=\"attachment_15877\" aria-describedby=\"caption-attachment-15877\" style=\"width: 580px\" class=\"wp-caption alignnone\"><a href=\"https:\/\/www.neuperlach.org\/blog\/wp-content\/uploads\/2019\/01\/IMG_7343.jpg\"><img loading=\"lazy\" decoding=\"async\" class=\"size-large wp-image-15877\" src=\"https:\/\/www.neuperlach.org\/blog\/wp-content\/uploads\/2019\/01\/IMG_7343-1024x768.jpg\" alt=\"Nawiaskystra\u00dfe, Blick Richtung Lidl und Quiddestra\u00dfe\" width=\"580\" height=\"435\" srcset=\"https:\/\/www.neuperlach.org\/blog\/wp-content\/uploads\/2019\/01\/IMG_7343-1024x768.jpg 1024w, https:\/\/www.neuperlach.org\/blog\/wp-content\/uploads\/2019\/01\/IMG_7343-300x225.jpg 300w, https:\/\/www.neuperlach.org\/blog\/wp-content\/uploads\/2019\/01\/IMG_7343-768x576.jpg 768w, https:\/\/www.neuperlach.org\/blog\/wp-content\/uploads\/2019\/01\/IMG_7343-1536x1152.jpg 1536w, https:\/\/www.neuperlach.org\/blog\/wp-content\/uploads\/2019\/01\/IMG_7343-1200x900.jpg 1200w, https:\/\/www.neuperlach.org\/blog\/wp-content\/uploads\/2019\/01\/IMG_7343.jpg 1920w\" sizes=\"auto, (max-width: 580px) 100vw, 580px\" \/><\/a><figcaption id=\"caption-attachment-15877\" class=\"wp-caption-text\">Bild 9: Blick Richtung Lidl und Quiddestra\u00dfe. In das Geb\u00e4ude rechts ist die neue Tiefgarageneinfahrt integriert (26.01.2019) \u00a9 Thomas Irlbeck<\/figcaption><\/figure>\n<figure id=\"attachment_15878\" aria-describedby=\"caption-attachment-15878\" style=\"width: 580px\" class=\"wp-caption alignnone\"><a href=\"https:\/\/www.neuperlach.org\/blog\/wp-content\/uploads\/2019\/01\/IMG_7346.jpg\"><img loading=\"lazy\" decoding=\"async\" class=\"size-large wp-image-15878\" src=\"https:\/\/www.neuperlach.org\/blog\/wp-content\/uploads\/2019\/01\/IMG_7346-1024x768.jpg\" alt=\"Nawiaskystra\u00dfe\" width=\"580\" height=\"435\" srcset=\"https:\/\/www.neuperlach.org\/blog\/wp-content\/uploads\/2019\/01\/IMG_7346-1024x768.jpg 1024w, https:\/\/www.neuperlach.org\/blog\/wp-content\/uploads\/2019\/01\/IMG_7346-300x225.jpg 300w, https:\/\/www.neuperlach.org\/blog\/wp-content\/uploads\/2019\/01\/IMG_7346-768x576.jpg 768w, https:\/\/www.neuperlach.org\/blog\/wp-content\/uploads\/2019\/01\/IMG_7346-1536x1152.jpg 1536w, https:\/\/www.neuperlach.org\/blog\/wp-content\/uploads\/2019\/01\/IMG_7346-1200x900.jpg 1200w, https:\/\/www.neuperlach.org\/blog\/wp-content\/uploads\/2019\/01\/IMG_7346.jpg 1920w\" sizes=\"auto, (max-width: 580px) 100vw, 580px\" \/><\/a><figcaption id=\"caption-attachment-15878\" class=\"wp-caption-text\">Bild 10: Nawiaskystra\u00dfe \u2013 Die H\u00e4userdurchfahrt aus dem obigen Bild nun von der anderen Seite aus gesehen. Wir stehen hier nahe Lidl\/Quiddestra\u00dfe (26.01.2019) \u00a9 Thomas Irlbeck<\/figcaption><\/figure>\n<figure id=\"attachment_15879\" aria-describedby=\"caption-attachment-15879\" style=\"width: 580px\" class=\"wp-caption alignnone\"><a href=\"https:\/\/www.neuperlach.org\/blog\/wp-content\/uploads\/2019\/01\/IMG_7349.jpg\"><img loading=\"lazy\" decoding=\"async\" class=\"size-large wp-image-15879\" src=\"https:\/\/www.neuperlach.org\/blog\/wp-content\/uploads\/2019\/01\/IMG_7349-1024x768.jpg\" alt=\"Nawiaskystra\u00dfe\" width=\"580\" height=\"435\" srcset=\"https:\/\/www.neuperlach.org\/blog\/wp-content\/uploads\/2019\/01\/IMG_7349-1024x768.jpg 1024w, https:\/\/www.neuperlach.org\/blog\/wp-content\/uploads\/2019\/01\/IMG_7349-300x225.jpg 300w, https:\/\/www.neuperlach.org\/blog\/wp-content\/uploads\/2019\/01\/IMG_7349-768x576.jpg 768w, https:\/\/www.neuperlach.org\/blog\/wp-content\/uploads\/2019\/01\/IMG_7349-1536x1152.jpg 1536w, https:\/\/www.neuperlach.org\/blog\/wp-content\/uploads\/2019\/01\/IMG_7349-1200x900.jpg 1200w, https:\/\/www.neuperlach.org\/blog\/wp-content\/uploads\/2019\/01\/IMG_7349.jpg 1920w\" sizes=\"auto, (max-width: 580px) 100vw, 580px\" \/><\/a><figcaption id=\"caption-attachment-15879\" class=\"wp-caption-text\">Bild 11: Wie Bild 10, aber n\u00e4her dran (26.01.2019) \u00a9 Thomas Irlbeck<\/figcaption><\/figure>\n","protected":false},"excerpt":{"rendered":"<p>Neuperlach ohne St\u00e4ndlerstra\u00dfe (1969\/1970) Was heute unvorstellbar erscheint, Neuperlach gab es einmal ohne St\u00e4ndlerstra\u00dfe. Astrid St\u00e4hn hat ein herrliches Foto ausgegraben, das 1969 oder 1970 entstanden ist. Es wurde von einem Wohnblock am Strehleranger aufgenommen. Der Blick geht Richtung Perlach, St. Michael Perlach ist gut zu erkennen. Die Querstra\u00dfe im Bild unten ist die Nawiaskystra\u00dfe. [&hellip;]<\/p>\n","protected":false},"author":1,"featured_media":0,"comment_status":"open","ping_status":"open","sticky":false,"template":"","format":"standard","meta":{"footnotes":""},"categories":[5,10,400,393],"tags":[11,2297,958,1830,897,314,1402,258,146,658,726,136,896,1485],"class_list":["post-13348","post","type-post","status-publish","format-standard","hentry","category-architektur","category-bilder","category-historisches","category-strasenverkehr","tag-alpenpanorama","tag-haeuserdurchfahrt","tag-kirche","tag-nachverdichtung","tag-nawiaskystrase","tag-panorama","tag-patrizia-bachquartier","tag-perlach","tag-quiddestrase","tag-spielplatz","tag-st-michael","tag-standlerstrase","tag-strehleranger","tag-tiefgarage"],"_links":{"self":[{"href":"https:\/\/www.neuperlach.org\/blog\/wp-json\/wp\/v2\/posts\/13348","targetHints":{"allow":["GET"]}}],"collection":[{"href":"https:\/\/www.neuperlach.org\/blog\/wp-json\/wp\/v2\/posts"}],"about":[{"href":"https:\/\/www.neuperlach.org\/blog\/wp-json\/wp\/v2\/types\/post"}],"author":[{"embeddable":true,"href":"https:\/\/www.neuperlach.org\/blog\/wp-json\/wp\/v2\/users\/1"}],"replies":[{"embeddable":true,"href":"https:\/\/www.neuperlach.org\/blog\/wp-json\/wp\/v2\/comments?post=13348"}],"version-history":[{"count":0,"href":"https:\/\/www.neuperlach.org\/blog\/wp-json\/wp\/v2\/posts\/13348\/revisions"}],"wp:attachment":[{"href":"https:\/\/www.neuperlach.org\/blog\/wp-json\/wp\/v2\/media?parent=13348"}],"wp:term":[{"taxonomy":"category","embeddable":true,"href":"https:\/\/www.neuperlach.org\/blog\/wp-json\/wp\/v2\/categories?post=13348"},{"taxonomy":"post_tag","embeddable":true,"href":"https:\/\/www.neuperlach.org\/blog\/wp-json\/wp\/v2\/tags?post=13348"}],"curies":[{"name":"wp","href":"https:\/\/api.w.org\/{rel}","templated":true}]}}