{"id":13871,"date":"2019-04-29T23:41:00","date_gmt":"2019-04-29T21:41:00","guid":{"rendered":"https:\/\/www.neuperlach.org\/blog\/?p=13871"},"modified":"2021-07-03T22:30:27","modified_gmt":"2021-07-03T20:30:27","slug":"neues-quidde-zentrum-jetzt-soll-es-schnell-gehen","status":"publish","type":"post","link":"https:\/\/www.neuperlach.org\/blog\/neues-quidde-zentrum-jetzt-soll-es-schnell-gehen\/","title":{"rendered":"Neues Quidde-Zentrum: Jetzt soll es schnell gehen"},"content":{"rendered":"<figure id=\"attachment_15855\" aria-describedby=\"caption-attachment-15855\" style=\"width: 580px\" class=\"wp-caption alignnone\"><a href=\"https:\/\/www.neuperlach.org\/blog\/wp-content\/uploads\/2019\/04\/IMG_4230.jpg\"><img loading=\"lazy\" decoding=\"async\" class=\"size-large wp-image-15855\" src=\"https:\/\/www.neuperlach.org\/blog\/wp-content\/uploads\/2019\/04\/IMG_4230-1024x768.jpg\" alt=\"Quidde-Zentrum\" width=\"580\" height=\"435\" srcset=\"https:\/\/www.neuperlach.org\/blog\/wp-content\/uploads\/2019\/04\/IMG_4230-1024x768.jpg 1024w, https:\/\/www.neuperlach.org\/blog\/wp-content\/uploads\/2019\/04\/IMG_4230-300x225.jpg 300w, https:\/\/www.neuperlach.org\/blog\/wp-content\/uploads\/2019\/04\/IMG_4230-768x576.jpg 768w, https:\/\/www.neuperlach.org\/blog\/wp-content\/uploads\/2019\/04\/IMG_4230-1536x1152.jpg 1536w, https:\/\/www.neuperlach.org\/blog\/wp-content\/uploads\/2019\/04\/IMG_4230-1200x900.jpg 1200w, https:\/\/www.neuperlach.org\/blog\/wp-content\/uploads\/2019\/04\/IMG_4230.jpg 1920w\" sizes=\"auto, (max-width: 580px) 100vw, 580px\" \/><\/a><figcaption id=\"caption-attachment-15855\" class=\"wp-caption-text\">Bild 1: Quidde-Zentrum (Archivbild von 2015) \u00a9 Thomas Irlbeck<\/figcaption><\/figure>\n<p>Nach vielen, vielen Jahren des Wartens soll es nun schnell gehen \u2013 am Quidde-Zentrum sollen ein neues Ladenzentrum, aber auch Wohnungen kommen \u2013 in Gestalt eines achtgeschossigen Zeilenhauses und eines sechsgeschossigen Punkthauses. Das berichtet die S\u00fcddeutsche Zeitung, die ihren Artikel mit \u00e4u\u00dferst passenden Worten einleitet:<\/p>\n<blockquote><p>&#8222;Fast h\u00e4tte man vergessen, dass das Quiddezentrum abgerissen werden soll, so viel Zeit ist nach den ersten Ank\u00fcndigungen inzwischen vergangen.&#8220;<\/p><\/blockquote>\n<p>Zum gesamten SZ-Artikel: <a href=\"https:\/\/www.sueddeutsche.de\/muenchen\/neuperlach-ende-eines-schwebezustands-1.4426662\" target=\"_blank\" rel=\"noopener noreferrer\">Ende eines Schwebezustands<\/a><\/p>\n<p>Wir erinnern uns, im November 2011 schloss der letzte gr\u00f6\u00dfere Laden, der Mix Markt. Die Stadtbibliothek gab wenige Wochen sp\u00e4ter am 23. Dezember auf. Die Stadtsparkasse, die Papeterie Schwarz, das Tortenparadies (jetzt passenderweise am Neuen S\u00fcdfriedhof in der Unterhachinger Stra\u00dfe zu finden), die Apotheke, Reinigung, der Friseur \u2013 oder, noch \u00e4lter: der Edeka, Rewe und der Wienerwald \u2013 sind ebenfalls l\u00e4ngst Geschichte.<\/p>\n<p>Seit fast zehn Jahren ist das Ladenzentrum Geschichte. Einige der R\u00e4ume werden nun von K\u00fcnstlern genutzt \u2013 im Rahmen des &#8222;Neuperlach Zoo&#8220;. Andere R\u00e4ume sind in einem derart desolaten Zustand, dass sie nicht mehr benutzt werden k\u00f6nnen. Ein Teil des Quidde-Zentrum ist inzwischen mit Bauz\u00e4unen abgesperrt.<\/p>\n<p>Der Abriss und eine Realisierung eines Neubaus wurden immer wieder verschoben. Als Grund wurde angegeben, dass man bei der urspr\u00fcnglichen Neuplanung nachtr\u00e4glich zum Ergebnis gekommen sei, dass der Anteil der Ladenfl\u00e4chen zu hoch ausgefallen sei. Man bef\u00fcrchtete Leerst\u00e4nde. Warum aber diese Umplanung sich \u00fcber so viele Jahre hinzog, ist unverst\u00e4ndlich, zumal Wohnungen dringend gebraucht werden und die Versorgung mit Waren in dem Quartier nicht mehr optimal ist. Immerhin ist ein Lidl (Nawiaskystra\u00dfe) und ein Penny (Quiddestra\u00dfe, Ecke Staudingerstra\u00dfe) zumindest in fu\u00dfl\u00e4ufiger Umgebung erreichbar. Das war es aber dann auch schon im Wesentlichen.<\/p>\n<figure id=\"attachment_15856\" aria-describedby=\"caption-attachment-15856\" style=\"width: 580px\" class=\"wp-caption alignnone\"><a href=\"https:\/\/www.neuperlach.org\/blog\/wp-content\/uploads\/2019\/04\/IMG_4687.jpg\"><img loading=\"lazy\" decoding=\"async\" class=\"size-large wp-image-15856\" src=\"https:\/\/www.neuperlach.org\/blog\/wp-content\/uploads\/2019\/04\/IMG_4687-1024x768.jpg\" alt=\"Quidde-Zentrum\" width=\"580\" height=\"435\" srcset=\"https:\/\/www.neuperlach.org\/blog\/wp-content\/uploads\/2019\/04\/IMG_4687-1024x768.jpg 1024w, https:\/\/www.neuperlach.org\/blog\/wp-content\/uploads\/2019\/04\/IMG_4687-300x225.jpg 300w, https:\/\/www.neuperlach.org\/blog\/wp-content\/uploads\/2019\/04\/IMG_4687-768x576.jpg 768w, https:\/\/www.neuperlach.org\/blog\/wp-content\/uploads\/2019\/04\/IMG_4687-1536x1152.jpg 1536w, https:\/\/www.neuperlach.org\/blog\/wp-content\/uploads\/2019\/04\/IMG_4687-1200x900.jpg 1200w, https:\/\/www.neuperlach.org\/blog\/wp-content\/uploads\/2019\/04\/IMG_4687.jpg 1920w\" sizes=\"auto, (max-width: 580px) 100vw, 580px\" \/><\/a><figcaption id=\"caption-attachment-15856\" class=\"wp-caption-text\">Bild 2: Quidde-Zentrum (Archivbild von 2016) \u00a9 Thomas Irlbeck<\/figcaption><\/figure>\n<figure id=\"attachment_15857\" aria-describedby=\"caption-attachment-15857\" style=\"width: 580px\" class=\"wp-caption alignnone\"><a href=\"https:\/\/www.neuperlach.org\/blog\/wp-content\/uploads\/2019\/04\/IMG_3175.jpg\"><img loading=\"lazy\" decoding=\"async\" class=\"size-large wp-image-15857\" src=\"https:\/\/www.neuperlach.org\/blog\/wp-content\/uploads\/2019\/04\/IMG_3175-1024x768.jpg\" alt=\"Quidde-Zentrum\" width=\"580\" height=\"435\" srcset=\"https:\/\/www.neuperlach.org\/blog\/wp-content\/uploads\/2019\/04\/IMG_3175-1024x768.jpg 1024w, https:\/\/www.neuperlach.org\/blog\/wp-content\/uploads\/2019\/04\/IMG_3175-300x225.jpg 300w, https:\/\/www.neuperlach.org\/blog\/wp-content\/uploads\/2019\/04\/IMG_3175-768x576.jpg 768w, https:\/\/www.neuperlach.org\/blog\/wp-content\/uploads\/2019\/04\/IMG_3175-1536x1152.jpg 1536w, https:\/\/www.neuperlach.org\/blog\/wp-content\/uploads\/2019\/04\/IMG_3175-1200x900.jpg 1200w, https:\/\/www.neuperlach.org\/blog\/wp-content\/uploads\/2019\/04\/IMG_3175.jpg 1920w\" sizes=\"auto, (max-width: 580px) 100vw, 580px\" \/><\/a><figcaption id=\"caption-attachment-15857\" class=\"wp-caption-text\">Bild 3: Dieses Bild spricht f\u00fcr sich! Zentrum (Archivbild von 2015) \u00a9 Thomas Irlbeck<\/figcaption><\/figure>\n<figure id=\"attachment_15609\" aria-describedby=\"caption-attachment-15609\" style=\"width: 580px\" class=\"wp-caption alignnone\"><a href=\"https:\/\/www.neuperlach.org\/blog\/wp-content\/uploads\/2019\/04\/IMG_3244.jpg\"><img loading=\"lazy\" decoding=\"async\" class=\"size-large wp-image-15609\" src=\"https:\/\/www.neuperlach.org\/blog\/wp-content\/uploads\/2019\/04\/IMG_3244-1024x683.jpg\" alt=\"Quidde-Zentrum\" width=\"580\" height=\"387\" srcset=\"https:\/\/www.neuperlach.org\/blog\/wp-content\/uploads\/2019\/04\/IMG_3244-1024x683.jpg 1024w, https:\/\/www.neuperlach.org\/blog\/wp-content\/uploads\/2019\/04\/IMG_3244-300x200.jpg 300w, https:\/\/www.neuperlach.org\/blog\/wp-content\/uploads\/2019\/04\/IMG_3244-768x512.jpg 768w, https:\/\/www.neuperlach.org\/blog\/wp-content\/uploads\/2019\/04\/IMG_3244-1536x1024.jpg 1536w, https:\/\/www.neuperlach.org\/blog\/wp-content\/uploads\/2019\/04\/IMG_3244-1200x800.jpg 1200w, https:\/\/www.neuperlach.org\/blog\/wp-content\/uploads\/2019\/04\/IMG_3244.jpg 1920w\" sizes=\"auto, (max-width: 580px) 100vw, 580px\" \/><\/a><figcaption id=\"caption-attachment-15609\" class=\"wp-caption-text\">Bild 4: Hier waren die Zeiten zumindest noch etwas besser (Archivbild vom 24.05.2010) \u00a9 Thomas Irlbeck<\/figcaption><\/figure>\n<figure id=\"attachment_15858\" aria-describedby=\"caption-attachment-15858\" style=\"width: 580px\" class=\"wp-caption alignnone\"><a href=\"https:\/\/www.neuperlach.org\/blog\/wp-content\/uploads\/2019\/04\/IMG_3248.jpg\"><img loading=\"lazy\" decoding=\"async\" class=\"size-large wp-image-15858\" src=\"https:\/\/www.neuperlach.org\/blog\/wp-content\/uploads\/2019\/04\/IMG_3248-1024x683.jpg\" alt=\"Quidde-Zentrum\" width=\"580\" height=\"387\" srcset=\"https:\/\/www.neuperlach.org\/blog\/wp-content\/uploads\/2019\/04\/IMG_3248-1024x683.jpg 1024w, https:\/\/www.neuperlach.org\/blog\/wp-content\/uploads\/2019\/04\/IMG_3248-300x200.jpg 300w, https:\/\/www.neuperlach.org\/blog\/wp-content\/uploads\/2019\/04\/IMG_3248-768x512.jpg 768w, https:\/\/www.neuperlach.org\/blog\/wp-content\/uploads\/2019\/04\/IMG_3248-1536x1024.jpg 1536w, https:\/\/www.neuperlach.org\/blog\/wp-content\/uploads\/2019\/04\/IMG_3248-1200x800.jpg 1200w, https:\/\/www.neuperlach.org\/blog\/wp-content\/uploads\/2019\/04\/IMG_3248.jpg 1920w\" sizes=\"auto, (max-width: 580px) 100vw, 580px\" \/><\/a><figcaption id=\"caption-attachment-15858\" class=\"wp-caption-text\">Bild 5: Der Mix Markt im Quidde-Zentrum (24.05.2010) \u00a9 Thomas Irlbeck<\/figcaption><\/figure>\n<figure id=\"attachment_15859\" aria-describedby=\"caption-attachment-15859\" style=\"width: 580px\" class=\"wp-caption alignnone\"><a href=\"https:\/\/www.neuperlach.org\/blog\/wp-content\/uploads\/2019\/04\/20190406_1754011.jpg\"><img loading=\"lazy\" decoding=\"async\" class=\"size-large wp-image-15859\" src=\"https:\/\/www.neuperlach.org\/blog\/wp-content\/uploads\/2019\/04\/20190406_1754011-1024x576.jpg\" alt=\"Quidde-Zentrum\" width=\"580\" height=\"326\" srcset=\"https:\/\/www.neuperlach.org\/blog\/wp-content\/uploads\/2019\/04\/20190406_1754011-1024x576.jpg 1024w, https:\/\/www.neuperlach.org\/blog\/wp-content\/uploads\/2019\/04\/20190406_1754011-300x169.jpg 300w, https:\/\/www.neuperlach.org\/blog\/wp-content\/uploads\/2019\/04\/20190406_1754011-768x432.jpg 768w, https:\/\/www.neuperlach.org\/blog\/wp-content\/uploads\/2019\/04\/20190406_1754011-1536x864.jpg 1536w, https:\/\/www.neuperlach.org\/blog\/wp-content\/uploads\/2019\/04\/20190406_1754011-1200x675.jpg 1200w, https:\/\/www.neuperlach.org\/blog\/wp-content\/uploads\/2019\/04\/20190406_1754011.jpg 1920w\" sizes=\"auto, (max-width: 580px) 100vw, 580px\" \/><\/a><figcaption id=\"caption-attachment-15859\" class=\"wp-caption-text\">Bild 6: Der Kunsttreff in den ehemaligen R\u00e4umen der Stadtteilbibliothek. Ganz fr\u00fcher war hier ein Edeka ans\u00e4ssig (06.04.2019). Foto: Ingrid M\u00fcller<\/figcaption><\/figure>\n<h3>Update 27.07.2019<\/h3>\n<p>Der Abriss soll noch dieses Jahr erfolgen, der Neubau dann n\u00e4chstes Jahr starten. Die WSB will die Anwohner in den n\u00e4chsten Wochen \u00fcber die Pl\u00e4ne informieren. Mehr dazu in der <a href=\"https:\/\/www.hallo-muenchen.de\/muenchen\/ramersdorf-perlach-berg-am-laim\/keine-einwohnerversammlung-neubau-quiddezentrums-12861713.html\" target=\"_blank\" rel=\"noopener noreferrer\">Hallo<\/a>.<\/p>\n","protected":false},"excerpt":{"rendered":"<p>Nach vielen, vielen Jahren des Wartens soll es nun schnell gehen \u2013 am Quidde-Zentrum sollen ein neues Ladenzentrum, aber auch Wohnungen kommen \u2013 in Gestalt eines achtgeschossigen Zeilenhauses und eines sechsgeschossigen Punkthauses. Das berichtet die S\u00fcddeutsche Zeitung, die ihren Artikel mit \u00e4u\u00dferst passenden Worten einleitet: &#8222;Fast h\u00e4tte man vergessen, dass das Quiddezentrum abgerissen werden soll, [&hellip;]<\/p>\n","protected":false},"author":1,"featured_media":0,"comment_status":"open","ping_status":"open","sticky":false,"template":"","format":"standard","meta":{"footnotes":""},"categories":[5,10,4,15,476,847],"tags":[108,1594,908,33,146,308,845,1168,2375,2400],"class_list":["post-13871","post","type-post","status-publish","format-standard","hentry","category-architektur","category-bilder","category-einkaufszentren","category-kunst","category-marodes","category-abrissneubau","tag-mix-markt","tag-zoo","tag-punkthaus","tag-quiddezentrum","tag-quiddestrase","tag-schreibwarengeschaft","tag-stadtbibliothek","tag-stadtsparkasse","tag-tortenparadies","tag-zeilenhaus"],"_links":{"self":[{"href":"https:\/\/www.neuperlach.org\/blog\/wp-json\/wp\/v2\/posts\/13871","targetHints":{"allow":["GET"]}}],"collection":[{"href":"https:\/\/www.neuperlach.org\/blog\/wp-json\/wp\/v2\/posts"}],"about":[{"href":"https:\/\/www.neuperlach.org\/blog\/wp-json\/wp\/v2\/types\/post"}],"author":[{"embeddable":true,"href":"https:\/\/www.neuperlach.org\/blog\/wp-json\/wp\/v2\/users\/1"}],"replies":[{"embeddable":true,"href":"https:\/\/www.neuperlach.org\/blog\/wp-json\/wp\/v2\/comments?post=13871"}],"version-history":[{"count":0,"href":"https:\/\/www.neuperlach.org\/blog\/wp-json\/wp\/v2\/posts\/13871\/revisions"}],"wp:attachment":[{"href":"https:\/\/www.neuperlach.org\/blog\/wp-json\/wp\/v2\/media?parent=13871"}],"wp:term":[{"taxonomy":"category","embeddable":true,"href":"https:\/\/www.neuperlach.org\/blog\/wp-json\/wp\/v2\/categories?post=13871"},{"taxonomy":"post_tag","embeddable":true,"href":"https:\/\/www.neuperlach.org\/blog\/wp-json\/wp\/v2\/tags?post=13871"}],"curies":[{"name":"wp","href":"https:\/\/api.w.org\/{rel}","templated":true}]}}