{"id":13873,"date":"2019-04-30T17:02:54","date_gmt":"2019-04-30T15:02:54","guid":{"rendered":"https:\/\/www.neuperlach.org\/blog\/?p=13873"},"modified":"2025-12-25T11:17:37","modified_gmt":"2025-12-25T10:17:37","slug":"baubeginn-bei-der-perlach-plaza","status":"publish","type":"post","link":"https:\/\/www.neuperlach.org\/blog\/baubeginn-bei-der-perlach-plaza\/","title":{"rendered":"Perlach Plaza (Neue Mitte)"},"content":{"rendered":"<p><strong>Bereits im September 2022 hat das Hotel Ibis Styles er\u00f6ffnet, am 7. Oktober 2022 die L\u2019Osteria, Am 13. Oktober 2022 folgten dann Lidl, Tegut und Wimmer. Sp\u00e4ter schlossen sich in mehreren Etappen die Stadtsparkasse, die B\u00e4ckerei M\u00fcller, Plana K\u00fcchenland, das Restaurant Haiky, der Laden &#8222;Tabak \/ Lotto \/Hermes&#8220; und das Hamburgerlokal Five Guys an. Statt Vodafone wird nun &#8222;Mr. Box Tea&#8220; kommen.<br \/>\n<\/strong><\/p>\n<figure id=\"attachment_17585\" aria-describedby=\"caption-attachment-17585\" style=\"width: 300px\" class=\"wp-caption alignleft\"><a href=\"https:\/\/www.neuperlach.org\/blog\/wp-content\/uploads\/2019\/04\/Map-Perlach-Plaza.png\"><img loading=\"lazy\" decoding=\"async\" class=\"size-medium wp-image-17585\" src=\"https:\/\/www.neuperlach.org\/blog\/wp-content\/uploads\/2019\/04\/Map-Perlach-Plaza-300x268.png\" alt=\"Map Neue Mitte\" width=\"300\" height=\"268\" srcset=\"https:\/\/www.neuperlach.org\/blog\/wp-content\/uploads\/2019\/04\/Map-Perlach-Plaza-300x268.png 300w, https:\/\/www.neuperlach.org\/blog\/wp-content\/uploads\/2019\/04\/Map-Perlach-Plaza-768x685.png 768w, https:\/\/www.neuperlach.org\/blog\/wp-content\/uploads\/2019\/04\/Map-Perlach-Plaza.png 937w\" sizes=\"auto, (max-width: 300px) 100vw, 300px\" \/><\/a><figcaption id=\"caption-attachment-17585\" class=\"wp-caption-text\">Neuperlachs Neue Mitte \u2013 Lage der Perlach Plaza sowie der anderen Bauten: Loge \u21161und \u21162 (fertiggestellt) und der Gewofag-Bauten (im Bau befindlich, gekennzeichnet&#8220;). Quelle: OpenStreetMap, Lizenz: <a href=\"https:\/\/www.opendatacommons.org\/licenses\/odbl\/\" target=\"_blank\">Open Database License 1.0<\/a><\/figcaption><\/figure>\n<p>Die Bauarbeiten zur Perlach Plaza sind am 29.04.2019 gestartet! In Zukunft muss man sich noch einen Begriff in Neuperlach merken: Die Perlach Plaza ist Teil des Kultur Quadrat auf dem Hanns-Seidel-Platz, also unserer Mitte. &#8222;Plaza&#8220; ist spanisch und bedeutet &#8222;(Markt-)Platz&#8220;. Ob es korrekt &#8222;die&#8220;, &#8222;der&#8220; oder &#8222;das&#8220; Plaza hei\u00dft, dar\u00fcber kann man streiten. Im Duden steht das Wort nicht und Wiktionary gibt kein Genus an. Auch wenn &#8222;Platz&#8220; maskulin ist, haben wir uns f\u00fcr &#8222;die Plaza&#8220; entschieden, da das &#8222;a&#8220; am Wortende dem Ausdruck eine feminine Note gibt.<\/p>\n<h3>Perlach Plaza \u2013 unser neuer Marktplatz mit unterirdischer Ladenstadt und \u00fcberirdischem Gewerbe, Hotel und Wohnbau<\/h3>\n<figure id=\"attachment_15823\" aria-describedby=\"caption-attachment-15823\" style=\"width: 580px\" class=\"wp-caption alignnone\"><a href=\"https:\/\/www.neuperlach.org\/blog\/wp-content\/uploads\/2019\/04\/IMG_8770.jpg\"><img loading=\"lazy\" decoding=\"async\" class=\"size-large wp-image-15823\" src=\"https:\/\/www.neuperlach.org\/blog\/wp-content\/uploads\/2019\/04\/IMG_8770-1024x768.jpg\" alt=\"Perlach Plaza\" width=\"580\" height=\"435\" srcset=\"https:\/\/www.neuperlach.org\/blog\/wp-content\/uploads\/2019\/04\/IMG_8770-1024x768.jpg 1024w, https:\/\/www.neuperlach.org\/blog\/wp-content\/uploads\/2019\/04\/IMG_8770-300x225.jpg 300w, https:\/\/www.neuperlach.org\/blog\/wp-content\/uploads\/2019\/04\/IMG_8770-768x576.jpg 768w, https:\/\/www.neuperlach.org\/blog\/wp-content\/uploads\/2019\/04\/IMG_8770-1536x1152.jpg 1536w, https:\/\/www.neuperlach.org\/blog\/wp-content\/uploads\/2019\/04\/IMG_8770-1200x900.jpg 1200w, https:\/\/www.neuperlach.org\/blog\/wp-content\/uploads\/2019\/04\/IMG_8770.jpg 1920w\" sizes=\"auto, (max-width: 580px) 100vw, 580px\" \/><\/a><figcaption id=\"caption-attachment-15823\" class=\"wp-caption-text\">Bild 1 (30.04.2019) \u00a9 Thomas Irlbeck<\/figcaption><\/figure>\n<p>Nach den beiden Logen-Wohnh\u00e4usern und den beiden <a href=\"https:\/\/www.neuperlach.org\/blog\/?p=17587\">Gewofag-Bauten<\/a> (Neuperlach.org berichtete) ist dies bereits das dritte Bauprojekt auf dem Hanns-Seidel-Platz. Die Perlach Plaza findet sich dort, wo fr\u00fcher der Sonntags-Flohmarkt war, also am Eck Thomas-Dehler-Stra\u00dfe\/Von-Knoeringen-Stra\u00dfe. Die w\u00f6rtliche \u00dcbersetzung <em>Marktplatz<\/em> deutet bereits vorsichtig an, was geboten werden wird. Konkret werden Einzelhandel (13.000 m\u00b2), Gastronomie, ein Hotel (150 Zimmer), insgesamt 110 Mietwohnungen und dazu noch Studentenappartements realisiert. Die Planung wird vom Architekturb\u00fcro AllesWirdGut aus Wien realisiert. Weitere Partner sind die BHB und <a href=\"https:\/\/concrete-capital.de\/perlach-plaza.html\" target=\"_blank\" rel=\"noopener noreferrer\">Concrete Capital<\/a> (der Link zeigt eine Visualisierung).<\/p>\n<p>Beim Einzelhandel standen bereits vor Baubeginn die Biolebensmittelkette Tegut sowie der Discounter Lidl als Mieter fest.<\/p>\n<h3>Ein paar Baudetails<\/h3>\n<p>Es werden insgesamt vier Bauk\u00f6rper errichtet, die l\u00e4ngs der Thomas-Dehler-Stra\u00dfe 6 Obergeschosse umfassen, hofseitig 5.<\/p>\n<p>Zur Plaza wird auch ein 5.000 Quadratmeter gro\u00dfer Park geh\u00f6ren, denn schlie\u00dflich soll man da auch flanieren k\u00f6nnen, sonst w\u00fcrde es dem Namen nicht gerecht werden. Dabei wird auch ein neuer Zugang zum U-Bahnhof realisiert. Die Einzelhandelsfl\u00e4chen werden dabei prim\u00e4r im Untergeschoss errichtet \u2013 mit direktem Zugang zum U-Bahnsteig.<\/p>\n<p>Die Fertigstellung der Perlach Plaza ist f\u00fcr 2022 anvisiert.<\/p>\n<p>Wie die heute entstandenen Fotos zeigen, wurde nun angefangen, den Asphalt des alten Parkplatzes abzutragen. Auch ein Rammger\u00e4t zur Herstellung der Spundwand wurde angeliefert.<img loading=\"lazy\" decoding=\"async\" class=\"vg\" src=\"https:\/\/ssl-vg03.met.vgwort.de\/na\/6dbba2d6302042268a9f6b340cb74f66\" alt=\"\" width=\"1\" height=\"1\" \/><\/p>\n<p>Mehr zum Thema auf muenchen.de: <a href=\"https:\/\/web.archive.org\/web\/20210125235933\/https:\/\/www.muenchen.de\/aktuell\/2019-04\/baubeginn-perlach-plaza.html\" target=\"_blank\" rel=\"noopener noreferrer\">Perlach Plaza: Neuperlach bekommt eine neue Mitte<\/a><\/p>\n<figure id=\"attachment_15824\" aria-describedby=\"caption-attachment-15824\" style=\"width: 580px\" class=\"wp-caption alignnone\"><a href=\"https:\/\/www.neuperlach.org\/blog\/wp-content\/uploads\/2019\/04\/IMG_8767.jpg\"><img loading=\"lazy\" decoding=\"async\" class=\"size-large wp-image-15824\" src=\"https:\/\/www.neuperlach.org\/blog\/wp-content\/uploads\/2019\/04\/IMG_8767-1024x768.jpg\" alt=\"Perlach Plaza\" width=\"580\" height=\"435\" srcset=\"https:\/\/www.neuperlach.org\/blog\/wp-content\/uploads\/2019\/04\/IMG_8767-1024x768.jpg 1024w, https:\/\/www.neuperlach.org\/blog\/wp-content\/uploads\/2019\/04\/IMG_8767-300x225.jpg 300w, https:\/\/www.neuperlach.org\/blog\/wp-content\/uploads\/2019\/04\/IMG_8767-768x576.jpg 768w, https:\/\/www.neuperlach.org\/blog\/wp-content\/uploads\/2019\/04\/IMG_8767-1536x1152.jpg 1536w, https:\/\/www.neuperlach.org\/blog\/wp-content\/uploads\/2019\/04\/IMG_8767-1200x900.jpg 1200w, https:\/\/www.neuperlach.org\/blog\/wp-content\/uploads\/2019\/04\/IMG_8767.jpg 1920w\" sizes=\"auto, (max-width: 580px) 100vw, 580px\" \/><\/a><figcaption id=\"caption-attachment-15824\" class=\"wp-caption-text\">Bild 2: Bauarbeiten mit Wacker Chemie im Hintergrund (30.04.2019) \u00a9 Thomas Irlbeck<\/figcaption><\/figure>\n<figure id=\"attachment_15825\" aria-describedby=\"caption-attachment-15825\" style=\"width: 580px\" class=\"wp-caption alignnone\"><a href=\"https:\/\/www.neuperlach.org\/blog\/wp-content\/uploads\/2019\/04\/IMG_8766.jpg\"><img loading=\"lazy\" decoding=\"async\" class=\"size-large wp-image-15825\" src=\"https:\/\/www.neuperlach.org\/blog\/wp-content\/uploads\/2019\/04\/IMG_8766-1024x768.jpg\" alt=\"Perlach Plaza\" width=\"580\" height=\"435\" srcset=\"https:\/\/www.neuperlach.org\/blog\/wp-content\/uploads\/2019\/04\/IMG_8766-1024x768.jpg 1024w, https:\/\/www.neuperlach.org\/blog\/wp-content\/uploads\/2019\/04\/IMG_8766-300x225.jpg 300w, https:\/\/www.neuperlach.org\/blog\/wp-content\/uploads\/2019\/04\/IMG_8766-768x576.jpg 768w, https:\/\/www.neuperlach.org\/blog\/wp-content\/uploads\/2019\/04\/IMG_8766-1536x1152.jpg 1536w, https:\/\/www.neuperlach.org\/blog\/wp-content\/uploads\/2019\/04\/IMG_8766-1200x900.jpg 1200w, https:\/\/www.neuperlach.org\/blog\/wp-content\/uploads\/2019\/04\/IMG_8766.jpg 1920w\" sizes=\"auto, (max-width: 580px) 100vw, 580px\" \/><\/a><figcaption id=\"caption-attachment-15825\" class=\"wp-caption-text\">Bild 3 (30.04.2019) \u00a9 Thomas Irlbeck<\/figcaption><\/figure>\n<figure id=\"attachment_15826\" aria-describedby=\"caption-attachment-15826\" style=\"width: 580px\" class=\"wp-caption alignnone\"><a href=\"https:\/\/www.neuperlach.org\/blog\/wp-content\/uploads\/2019\/04\/IMG_8760.jpg\"><img loading=\"lazy\" decoding=\"async\" class=\"size-large wp-image-15826\" src=\"https:\/\/www.neuperlach.org\/blog\/wp-content\/uploads\/2019\/04\/IMG_8760-1024x768.jpg\" alt=\"Perlach Plaza\" width=\"580\" height=\"435\" srcset=\"https:\/\/www.neuperlach.org\/blog\/wp-content\/uploads\/2019\/04\/IMG_8760-1024x768.jpg 1024w, https:\/\/www.neuperlach.org\/blog\/wp-content\/uploads\/2019\/04\/IMG_8760-300x225.jpg 300w, https:\/\/www.neuperlach.org\/blog\/wp-content\/uploads\/2019\/04\/IMG_8760-768x576.jpg 768w, https:\/\/www.neuperlach.org\/blog\/wp-content\/uploads\/2019\/04\/IMG_8760-1536x1152.jpg 1536w, https:\/\/www.neuperlach.org\/blog\/wp-content\/uploads\/2019\/04\/IMG_8760-1200x900.jpg 1200w, https:\/\/www.neuperlach.org\/blog\/wp-content\/uploads\/2019\/04\/IMG_8760.jpg 1920w\" sizes=\"auto, (max-width: 580px) 100vw, 580px\" \/><\/a><figcaption id=\"caption-attachment-15826\" class=\"wp-caption-text\">Bild 4 (30.04.2019) \u00a9 Thomas Irlbeck<\/figcaption><\/figure>\n<figure id=\"attachment_15827\" aria-describedby=\"caption-attachment-15827\" style=\"width: 580px\" class=\"wp-caption alignnone\"><a href=\"https:\/\/www.neuperlach.org\/blog\/wp-content\/uploads\/2019\/04\/IMG_8759.jpg\"><img loading=\"lazy\" decoding=\"async\" class=\"size-large wp-image-15827\" src=\"https:\/\/www.neuperlach.org\/blog\/wp-content\/uploads\/2019\/04\/IMG_8759-1024x768.jpg\" alt=\"Perlach Plaza\" width=\"580\" height=\"435\" srcset=\"https:\/\/www.neuperlach.org\/blog\/wp-content\/uploads\/2019\/04\/IMG_8759-1024x768.jpg 1024w, https:\/\/www.neuperlach.org\/blog\/wp-content\/uploads\/2019\/04\/IMG_8759-300x225.jpg 300w, https:\/\/www.neuperlach.org\/blog\/wp-content\/uploads\/2019\/04\/IMG_8759-768x576.jpg 768w, https:\/\/www.neuperlach.org\/blog\/wp-content\/uploads\/2019\/04\/IMG_8759-1536x1152.jpg 1536w, https:\/\/www.neuperlach.org\/blog\/wp-content\/uploads\/2019\/04\/IMG_8759-1200x900.jpg 1200w, https:\/\/www.neuperlach.org\/blog\/wp-content\/uploads\/2019\/04\/IMG_8759.jpg 1920w\" sizes=\"auto, (max-width: 580px) 100vw, 580px\" \/><\/a><figcaption id=\"caption-attachment-15827\" class=\"wp-caption-text\">Bild 5 (30.04.2019) \u00a9 Thomas Irlbeck<\/figcaption><\/figure>\n<figure id=\"attachment_15828\" aria-describedby=\"caption-attachment-15828\" style=\"width: 580px\" class=\"wp-caption alignnone\"><a href=\"https:\/\/www.neuperlach.org\/blog\/wp-content\/uploads\/2019\/04\/IMG_8757.jpg\"><img loading=\"lazy\" decoding=\"async\" class=\"size-large wp-image-15828\" src=\"https:\/\/www.neuperlach.org\/blog\/wp-content\/uploads\/2019\/04\/IMG_8757-1024x768.jpg\" alt=\"Perlach Plaza\" width=\"580\" height=\"435\" srcset=\"https:\/\/www.neuperlach.org\/blog\/wp-content\/uploads\/2019\/04\/IMG_8757-1024x768.jpg 1024w, https:\/\/www.neuperlach.org\/blog\/wp-content\/uploads\/2019\/04\/IMG_8757-300x225.jpg 300w, https:\/\/www.neuperlach.org\/blog\/wp-content\/uploads\/2019\/04\/IMG_8757-768x576.jpg 768w, https:\/\/www.neuperlach.org\/blog\/wp-content\/uploads\/2019\/04\/IMG_8757-1536x1152.jpg 1536w, https:\/\/www.neuperlach.org\/blog\/wp-content\/uploads\/2019\/04\/IMG_8757-1200x900.jpg 1200w, https:\/\/www.neuperlach.org\/blog\/wp-content\/uploads\/2019\/04\/IMG_8757.jpg 1920w\" sizes=\"auto, (max-width: 580px) 100vw, 580px\" \/><\/a><figcaption id=\"caption-attachment-15828\" class=\"wp-caption-text\">Bild 6 (30.04.2019) \u00a9 Thomas Irlbeck<\/figcaption><\/figure>\n<h3>Update 17.05.2019<\/h3>\n<p>Kiesberge haben parkende Autos und den Sonntags-Flohmarkt abgel\u00f6st.<\/p>\n<figure id=\"attachment_15829\" aria-describedby=\"caption-attachment-15829\" style=\"width: 580px\" class=\"wp-caption alignnone\"><a href=\"https:\/\/www.neuperlach.org\/blog\/wp-content\/uploads\/2019\/04\/IMG_9205.jpg\"><img loading=\"lazy\" decoding=\"async\" class=\"size-large wp-image-15829\" src=\"https:\/\/www.neuperlach.org\/blog\/wp-content\/uploads\/2019\/04\/IMG_9205-1024x768.jpg\" alt=\"Perlach Plaza\" width=\"580\" height=\"435\" srcset=\"https:\/\/www.neuperlach.org\/blog\/wp-content\/uploads\/2019\/04\/IMG_9205-1024x768.jpg 1024w, https:\/\/www.neuperlach.org\/blog\/wp-content\/uploads\/2019\/04\/IMG_9205-300x225.jpg 300w, https:\/\/www.neuperlach.org\/blog\/wp-content\/uploads\/2019\/04\/IMG_9205-768x576.jpg 768w, https:\/\/www.neuperlach.org\/blog\/wp-content\/uploads\/2019\/04\/IMG_9205-1536x1152.jpg 1536w, https:\/\/www.neuperlach.org\/blog\/wp-content\/uploads\/2019\/04\/IMG_9205-1200x900.jpg 1200w, https:\/\/www.neuperlach.org\/blog\/wp-content\/uploads\/2019\/04\/IMG_9205.jpg 1920w\" sizes=\"auto, (max-width: 580px) 100vw, 580px\" \/><\/a><figcaption id=\"caption-attachment-15829\" class=\"wp-caption-text\">Bild 7 (17.05.2019) \u00a9 Thomas Irlbeck<\/figcaption><\/figure>\n<h3>Update 31.07.2019<\/h3>\n<p>Derzeit entstehen die Baugrube und die Spundw\u00e4nde.<\/p>\n<figure id=\"attachment_15832\" aria-describedby=\"caption-attachment-15832\" style=\"width: 580px\" class=\"wp-caption alignnone\"><a href=\"https:\/\/www.neuperlach.org\/blog\/wp-content\/uploads\/2019\/04\/IMG_0694.jpg\"><img loading=\"lazy\" decoding=\"async\" class=\"size-large wp-image-15832\" src=\"https:\/\/www.neuperlach.org\/blog\/wp-content\/uploads\/2019\/04\/IMG_0694-1024x768.jpg\" alt=\"Perlach Plaza\" width=\"580\" height=\"435\" srcset=\"https:\/\/www.neuperlach.org\/blog\/wp-content\/uploads\/2019\/04\/IMG_0694-1024x768.jpg 1024w, https:\/\/www.neuperlach.org\/blog\/wp-content\/uploads\/2019\/04\/IMG_0694-300x225.jpg 300w, https:\/\/www.neuperlach.org\/blog\/wp-content\/uploads\/2019\/04\/IMG_0694-768x576.jpg 768w, https:\/\/www.neuperlach.org\/blog\/wp-content\/uploads\/2019\/04\/IMG_0694-1536x1152.jpg 1536w, https:\/\/www.neuperlach.org\/blog\/wp-content\/uploads\/2019\/04\/IMG_0694-1200x900.jpg 1200w, https:\/\/www.neuperlach.org\/blog\/wp-content\/uploads\/2019\/04\/IMG_0694.jpg 1920w\" sizes=\"auto, (max-width: 580px) 100vw, 580px\" \/><\/a><figcaption id=\"caption-attachment-15832\" class=\"wp-caption-text\">Bild 8: Baugrube der Plaza im Vordergrund, rechts die Loge 2 (31.07.2019) \u00a9 Thomas Irlbeck<\/figcaption><\/figure>\n<figure id=\"attachment_15833\" aria-describedby=\"caption-attachment-15833\" style=\"width: 580px\" class=\"wp-caption alignnone\"><a href=\"https:\/\/www.neuperlach.org\/blog\/wp-content\/uploads\/2019\/04\/IMG_0709.jpg\"><img loading=\"lazy\" decoding=\"async\" class=\"size-large wp-image-15833\" src=\"https:\/\/www.neuperlach.org\/blog\/wp-content\/uploads\/2019\/04\/IMG_0709-1024x768.jpg\" alt=\"Perlach Plaza\" width=\"580\" height=\"435\" srcset=\"https:\/\/www.neuperlach.org\/blog\/wp-content\/uploads\/2019\/04\/IMG_0709-1024x768.jpg 1024w, https:\/\/www.neuperlach.org\/blog\/wp-content\/uploads\/2019\/04\/IMG_0709-300x225.jpg 300w, https:\/\/www.neuperlach.org\/blog\/wp-content\/uploads\/2019\/04\/IMG_0709-768x576.jpg 768w, https:\/\/www.neuperlach.org\/blog\/wp-content\/uploads\/2019\/04\/IMG_0709-1536x1152.jpg 1536w, https:\/\/www.neuperlach.org\/blog\/wp-content\/uploads\/2019\/04\/IMG_0709-1200x900.jpg 1200w, https:\/\/www.neuperlach.org\/blog\/wp-content\/uploads\/2019\/04\/IMG_0709.jpg 1920w\" sizes=\"auto, (max-width: 580px) 100vw, 580px\" \/><\/a><figcaption id=\"caption-attachment-15833\" class=\"wp-caption-text\">Bild 8: Jetzt beide Logen-Wohnh\u00e4user und n\u00e4her dran (31.07.2019) \u00a9 Thomas Irlbeck<\/figcaption><\/figure>\n<figure id=\"attachment_15834\" aria-describedby=\"caption-attachment-15834\" style=\"width: 580px\" class=\"wp-caption alignnone\"><a href=\"https:\/\/www.neuperlach.org\/blog\/wp-content\/uploads\/2019\/04\/IMG_0711.jpg\"><img loading=\"lazy\" decoding=\"async\" class=\"size-large wp-image-15834\" src=\"https:\/\/www.neuperlach.org\/blog\/wp-content\/uploads\/2019\/04\/IMG_0711-1024x768.jpg\" alt=\"Perlach Plaza\" width=\"580\" height=\"435\" srcset=\"https:\/\/www.neuperlach.org\/blog\/wp-content\/uploads\/2019\/04\/IMG_0711-1024x768.jpg 1024w, https:\/\/www.neuperlach.org\/blog\/wp-content\/uploads\/2019\/04\/IMG_0711-300x225.jpg 300w, https:\/\/www.neuperlach.org\/blog\/wp-content\/uploads\/2019\/04\/IMG_0711-768x576.jpg 768w, https:\/\/www.neuperlach.org\/blog\/wp-content\/uploads\/2019\/04\/IMG_0711-1536x1152.jpg 1536w, https:\/\/www.neuperlach.org\/blog\/wp-content\/uploads\/2019\/04\/IMG_0711-1200x900.jpg 1200w, https:\/\/www.neuperlach.org\/blog\/wp-content\/uploads\/2019\/04\/IMG_0711.jpg 1920w\" sizes=\"auto, (max-width: 580px) 100vw, 580px\" \/><\/a><figcaption id=\"caption-attachment-15834\" class=\"wp-caption-text\">Bild 10 (31.07.2019) \u00a9 Thomas Irlbeck<\/figcaption><\/figure>\n<figure id=\"attachment_15835\" aria-describedby=\"caption-attachment-15835\" style=\"width: 580px\" class=\"wp-caption alignnone\"><a href=\"https:\/\/www.neuperlach.org\/blog\/wp-content\/uploads\/2019\/04\/IMG_0714.jpg\"><img loading=\"lazy\" decoding=\"async\" class=\"size-large wp-image-15835\" src=\"https:\/\/www.neuperlach.org\/blog\/wp-content\/uploads\/2019\/04\/IMG_0714-1024x768.jpg\" alt=\"Perlach Plaza\" width=\"580\" height=\"435\" srcset=\"https:\/\/www.neuperlach.org\/blog\/wp-content\/uploads\/2019\/04\/IMG_0714-1024x768.jpg 1024w, https:\/\/www.neuperlach.org\/blog\/wp-content\/uploads\/2019\/04\/IMG_0714-300x225.jpg 300w, https:\/\/www.neuperlach.org\/blog\/wp-content\/uploads\/2019\/04\/IMG_0714-768x576.jpg 768w, https:\/\/www.neuperlach.org\/blog\/wp-content\/uploads\/2019\/04\/IMG_0714-1536x1152.jpg 1536w, https:\/\/www.neuperlach.org\/blog\/wp-content\/uploads\/2019\/04\/IMG_0714-1200x900.jpg 1200w, https:\/\/www.neuperlach.org\/blog\/wp-content\/uploads\/2019\/04\/IMG_0714.jpg 1920w\" sizes=\"auto, (max-width: 580px) 100vw, 580px\" \/><\/a><figcaption id=\"caption-attachment-15835\" class=\"wp-caption-text\">Bild 11 (31.07.2019) \u00a9 Thomas Irlbeck<\/figcaption><\/figure>\n<h3>Update 22.09.2019<\/h3>\n<p>Die Perlach Plaza im Vordergrund, die beiden Gewofag-Wohnh\u00e4user links oben und die beiden Logen-Wohnh\u00e4user rechts oben.<\/p>\n<figure id=\"attachment_15836\" aria-describedby=\"caption-attachment-15836\" style=\"width: 580px\" class=\"wp-caption alignnone\"><a href=\"https:\/\/www.neuperlach.org\/blog\/wp-content\/uploads\/2019\/04\/IMG_1714.jpg\"><img loading=\"lazy\" decoding=\"async\" class=\"size-large wp-image-15836\" src=\"https:\/\/www.neuperlach.org\/blog\/wp-content\/uploads\/2019\/04\/IMG_1714-1024x768.jpg\" alt=\"Perlach Plaza\" width=\"580\" height=\"435\" srcset=\"https:\/\/www.neuperlach.org\/blog\/wp-content\/uploads\/2019\/04\/IMG_1714-1024x768.jpg 1024w, https:\/\/www.neuperlach.org\/blog\/wp-content\/uploads\/2019\/04\/IMG_1714-300x225.jpg 300w, https:\/\/www.neuperlach.org\/blog\/wp-content\/uploads\/2019\/04\/IMG_1714-768x576.jpg 768w, https:\/\/www.neuperlach.org\/blog\/wp-content\/uploads\/2019\/04\/IMG_1714-1536x1152.jpg 1536w, https:\/\/www.neuperlach.org\/blog\/wp-content\/uploads\/2019\/04\/IMG_1714-1200x900.jpg 1200w, https:\/\/www.neuperlach.org\/blog\/wp-content\/uploads\/2019\/04\/IMG_1714.jpg 1920w\" sizes=\"auto, (max-width: 580px) 100vw, 580px\" \/><\/a><figcaption id=\"caption-attachment-15836\" class=\"wp-caption-text\">Bild 12 (21.09.2019) \u00a9 Thomas Irlbeck<\/figcaption><\/figure>\n<h3>Update 10.10.2019 (Fotos vom 30.09.2019)<\/h3>\n<figure id=\"attachment_15838\" aria-describedby=\"caption-attachment-15838\" style=\"width: 580px\" class=\"wp-caption alignnone\"><a href=\"https:\/\/www.neuperlach.org\/blog\/wp-content\/uploads\/2019\/04\/IMG_1873.jpg\"><img loading=\"lazy\" decoding=\"async\" class=\"size-large wp-image-15838\" src=\"https:\/\/www.neuperlach.org\/blog\/wp-content\/uploads\/2019\/04\/IMG_1873-1024x768.jpg\" alt=\"Perlach Plaza\" width=\"580\" height=\"435\" srcset=\"https:\/\/www.neuperlach.org\/blog\/wp-content\/uploads\/2019\/04\/IMG_1873-1024x768.jpg 1024w, https:\/\/www.neuperlach.org\/blog\/wp-content\/uploads\/2019\/04\/IMG_1873-300x225.jpg 300w, https:\/\/www.neuperlach.org\/blog\/wp-content\/uploads\/2019\/04\/IMG_1873-768x576.jpg 768w, https:\/\/www.neuperlach.org\/blog\/wp-content\/uploads\/2019\/04\/IMG_1873-1536x1152.jpg 1536w, https:\/\/www.neuperlach.org\/blog\/wp-content\/uploads\/2019\/04\/IMG_1873-1200x900.jpg 1200w, https:\/\/www.neuperlach.org\/blog\/wp-content\/uploads\/2019\/04\/IMG_1873.jpg 1920w\" sizes=\"auto, (max-width: 580px) 100vw, 580px\" \/><\/a><figcaption id=\"caption-attachment-15838\" class=\"wp-caption-text\">Bild 13: Perlach Plaza, im Hintergrund die wachsenden Gewofag-Bauten (30.09.2019) \u00a9 Thomas Irlbeck<\/figcaption><\/figure>\n<figure id=\"attachment_15840\" aria-describedby=\"caption-attachment-15840\" style=\"width: 580px\" class=\"wp-caption alignnone\"><a href=\"https:\/\/www.neuperlach.org\/blog\/wp-content\/uploads\/2019\/04\/IMG_1862.jpg\"><img loading=\"lazy\" decoding=\"async\" class=\"size-large wp-image-15840\" src=\"https:\/\/www.neuperlach.org\/blog\/wp-content\/uploads\/2019\/04\/IMG_1862-1024x768.jpg\" alt=\"Perlach Plaza\" width=\"580\" height=\"435\" srcset=\"https:\/\/www.neuperlach.org\/blog\/wp-content\/uploads\/2019\/04\/IMG_1862-1024x768.jpg 1024w, https:\/\/www.neuperlach.org\/blog\/wp-content\/uploads\/2019\/04\/IMG_1862-300x225.jpg 300w, https:\/\/www.neuperlach.org\/blog\/wp-content\/uploads\/2019\/04\/IMG_1862-768x576.jpg 768w, https:\/\/www.neuperlach.org\/blog\/wp-content\/uploads\/2019\/04\/IMG_1862-1536x1152.jpg 1536w, https:\/\/www.neuperlach.org\/blog\/wp-content\/uploads\/2019\/04\/IMG_1862-1200x900.jpg 1200w, https:\/\/www.neuperlach.org\/blog\/wp-content\/uploads\/2019\/04\/IMG_1862.jpg 1920w\" sizes=\"auto, (max-width: 580px) 100vw, 580px\" \/><\/a><figcaption id=\"caption-attachment-15840\" class=\"wp-caption-text\">Bild 14: Abriss zweier U-Bahnabg\u00e4nge, da der U-Bahnhof an die unterirdische Ladenstadt angeschlossen wird (30.09.2019) \u00a9 Thomas Irlbeck<\/figcaption><\/figure>\n<figure id=\"attachment_15839\" aria-describedby=\"caption-attachment-15839\" style=\"width: 580px\" class=\"wp-caption alignnone\"><a href=\"https:\/\/www.neuperlach.org\/blog\/wp-content\/uploads\/2019\/04\/IMG_1864.jpg\"><img loading=\"lazy\" decoding=\"async\" class=\"size-large wp-image-15839\" src=\"https:\/\/www.neuperlach.org\/blog\/wp-content\/uploads\/2019\/04\/IMG_1864-1024x768.jpg\" alt=\"Perlach Plaza\" width=\"580\" height=\"435\" srcset=\"https:\/\/www.neuperlach.org\/blog\/wp-content\/uploads\/2019\/04\/IMG_1864-1024x768.jpg 1024w, https:\/\/www.neuperlach.org\/blog\/wp-content\/uploads\/2019\/04\/IMG_1864-300x225.jpg 300w, https:\/\/www.neuperlach.org\/blog\/wp-content\/uploads\/2019\/04\/IMG_1864-768x576.jpg 768w, https:\/\/www.neuperlach.org\/blog\/wp-content\/uploads\/2019\/04\/IMG_1864-1536x1152.jpg 1536w, https:\/\/www.neuperlach.org\/blog\/wp-content\/uploads\/2019\/04\/IMG_1864-1200x900.jpg 1200w, https:\/\/www.neuperlach.org\/blog\/wp-content\/uploads\/2019\/04\/IMG_1864.jpg 1920w\" sizes=\"auto, (max-width: 580px) 100vw, 580px\" \/><\/a><figcaption id=\"caption-attachment-15839\" class=\"wp-caption-text\">Bild 15: Abriss zweier U-Bahnabg\u00e4nge \u2013 mit etwas Abstand betrachtet (30.09.2019) \u00a9 Thomas Irlbeck<\/figcaption><\/figure>\n<figure id=\"attachment_15837\" aria-describedby=\"caption-attachment-15837\" style=\"width: 580px\" class=\"wp-caption alignnone\"><a href=\"https:\/\/www.neuperlach.org\/blog\/wp-content\/uploads\/2019\/04\/IMG_1875.jpg\"><img loading=\"lazy\" decoding=\"async\" class=\"size-large wp-image-15837\" src=\"https:\/\/www.neuperlach.org\/blog\/wp-content\/uploads\/2019\/04\/IMG_1875-1024x768.jpg\" alt=\"Perlach Plaza\" width=\"580\" height=\"435\" srcset=\"https:\/\/www.neuperlach.org\/blog\/wp-content\/uploads\/2019\/04\/IMG_1875-1024x768.jpg 1024w, https:\/\/www.neuperlach.org\/blog\/wp-content\/uploads\/2019\/04\/IMG_1875-300x225.jpg 300w, https:\/\/www.neuperlach.org\/blog\/wp-content\/uploads\/2019\/04\/IMG_1875-768x576.jpg 768w, https:\/\/www.neuperlach.org\/blog\/wp-content\/uploads\/2019\/04\/IMG_1875-1536x1152.jpg 1536w, https:\/\/www.neuperlach.org\/blog\/wp-content\/uploads\/2019\/04\/IMG_1875-1200x900.jpg 1200w, https:\/\/www.neuperlach.org\/blog\/wp-content\/uploads\/2019\/04\/IMG_1875.jpg 1920w\" sizes=\"auto, (max-width: 580px) 100vw, 580px\" \/><\/a><figcaption id=\"caption-attachment-15837\" class=\"wp-caption-text\">Bild 16: Gewofag-Bauten (30.09.2019) \u00a9 Thomas Irlbeck<\/figcaption><\/figure>\n<h3 id=\"Rolltreppe\">Rolltreppenausbau Neuperlach Zentrum (Update 07.11.2019)<\/h3>\n<p>Ausbau einer alten Rolltreppe an einem der beiden stillgelegten U-Bahn-Abg\u00e4nge Neuperlach Zentrum.<\/p>\n<figure id=\"attachment_15821\" aria-describedby=\"caption-attachment-15821\" style=\"width: 580px\" class=\"wp-caption alignnone\"><a href=\"https:\/\/www.neuperlach.org\/blog\/wp-content\/uploads\/2019\/04\/IMG_20191107_133636.jpg\"><img loading=\"lazy\" decoding=\"async\" class=\"size-large wp-image-15821\" src=\"https:\/\/www.neuperlach.org\/blog\/wp-content\/uploads\/2019\/04\/IMG_20191107_133636-768x1024.jpg\" alt=\"Rolltreppenausbau Neuperlach Zentrum\" width=\"580\" height=\"773\" srcset=\"https:\/\/www.neuperlach.org\/blog\/wp-content\/uploads\/2019\/04\/IMG_20191107_133636-768x1024.jpg 768w, https:\/\/www.neuperlach.org\/blog\/wp-content\/uploads\/2019\/04\/IMG_20191107_133636-225x300.jpg 225w, https:\/\/www.neuperlach.org\/blog\/wp-content\/uploads\/2019\/04\/IMG_20191107_133636-1152x1536.jpg 1152w, https:\/\/www.neuperlach.org\/blog\/wp-content\/uploads\/2019\/04\/IMG_20191107_133636-1200x1600.jpg 1200w, https:\/\/www.neuperlach.org\/blog\/wp-content\/uploads\/2019\/04\/IMG_20191107_133636.jpg 1440w\" sizes=\"auto, (max-width: 580px) 100vw, 580px\" \/><\/a><figcaption id=\"caption-attachment-15821\" class=\"wp-caption-text\">Bild 17 (07.11.2019). Foto: Lesereinsendung<\/figcaption><\/figure>\n<figure id=\"attachment_15822\" aria-describedby=\"caption-attachment-15822\" style=\"width: 580px\" class=\"wp-caption alignnone\"><a href=\"https:\/\/www.neuperlach.org\/blog\/wp-content\/uploads\/2019\/04\/IMG_20191107_133626.jpg\"><img loading=\"lazy\" decoding=\"async\" class=\"size-large wp-image-15822\" src=\"https:\/\/www.neuperlach.org\/blog\/wp-content\/uploads\/2019\/04\/IMG_20191107_133626-768x1024.jpg\" alt=\"Rolltreppenausbau Neuperlach Zentrum\" width=\"580\" height=\"773\" srcset=\"https:\/\/www.neuperlach.org\/blog\/wp-content\/uploads\/2019\/04\/IMG_20191107_133626-768x1024.jpg 768w, https:\/\/www.neuperlach.org\/blog\/wp-content\/uploads\/2019\/04\/IMG_20191107_133626-225x300.jpg 225w, https:\/\/www.neuperlach.org\/blog\/wp-content\/uploads\/2019\/04\/IMG_20191107_133626-1152x1536.jpg 1152w, https:\/\/www.neuperlach.org\/blog\/wp-content\/uploads\/2019\/04\/IMG_20191107_133626-1200x1600.jpg 1200w, https:\/\/www.neuperlach.org\/blog\/wp-content\/uploads\/2019\/04\/IMG_20191107_133626.jpg 1440w\" sizes=\"auto, (max-width: 580px) 100vw, 580px\" \/><\/a><figcaption id=\"caption-attachment-15822\" class=\"wp-caption-text\">Bild 18 (07.11.2019). Foto: Lesereinsendung<\/figcaption><\/figure>\n<h3>Fotos von der imposanten Baugrube (Update 10.12.2019)<\/h3>\n<figure id=\"attachment_15841\" aria-describedby=\"caption-attachment-15841\" style=\"width: 580px\" class=\"wp-caption alignnone\"><a href=\"https:\/\/www.neuperlach.org\/blog\/wp-content\/uploads\/2019\/04\/IMG_2476.jpg\"><img loading=\"lazy\" decoding=\"async\" class=\"size-large wp-image-15841\" src=\"https:\/\/www.neuperlach.org\/blog\/wp-content\/uploads\/2019\/04\/IMG_2476-1024x768.jpg\" alt=\"Perlach Plaza\" width=\"580\" height=\"435\" srcset=\"https:\/\/www.neuperlach.org\/blog\/wp-content\/uploads\/2019\/04\/IMG_2476-1024x768.jpg 1024w, https:\/\/www.neuperlach.org\/blog\/wp-content\/uploads\/2019\/04\/IMG_2476-300x225.jpg 300w, https:\/\/www.neuperlach.org\/blog\/wp-content\/uploads\/2019\/04\/IMG_2476-768x576.jpg 768w, https:\/\/www.neuperlach.org\/blog\/wp-content\/uploads\/2019\/04\/IMG_2476-1536x1152.jpg 1536w, https:\/\/www.neuperlach.org\/blog\/wp-content\/uploads\/2019\/04\/IMG_2476-1200x900.jpg 1200w, https:\/\/www.neuperlach.org\/blog\/wp-content\/uploads\/2019\/04\/IMG_2476.jpg 1920w\" sizes=\"auto, (max-width: 580px) 100vw, 580px\" \/><\/a><figcaption id=\"caption-attachment-15841\" class=\"wp-caption-text\">Bild 19 (10.12.2019) \u00a9 Thomas Irlbeck<\/figcaption><\/figure>\n<figure id=\"attachment_15842\" aria-describedby=\"caption-attachment-15842\" style=\"width: 580px\" class=\"wp-caption alignnone\"><a href=\"https:\/\/www.neuperlach.org\/blog\/wp-content\/uploads\/2019\/04\/IMG_2474.jpg\"><img loading=\"lazy\" decoding=\"async\" class=\"size-large wp-image-15842\" src=\"https:\/\/www.neuperlach.org\/blog\/wp-content\/uploads\/2019\/04\/IMG_2474-1024x768.jpg\" alt=\"Perlach Plaza\" width=\"580\" height=\"435\" srcset=\"https:\/\/www.neuperlach.org\/blog\/wp-content\/uploads\/2019\/04\/IMG_2474-1024x768.jpg 1024w, https:\/\/www.neuperlach.org\/blog\/wp-content\/uploads\/2019\/04\/IMG_2474-300x225.jpg 300w, https:\/\/www.neuperlach.org\/blog\/wp-content\/uploads\/2019\/04\/IMG_2474-768x576.jpg 768w, https:\/\/www.neuperlach.org\/blog\/wp-content\/uploads\/2019\/04\/IMG_2474-1536x1152.jpg 1536w, https:\/\/www.neuperlach.org\/blog\/wp-content\/uploads\/2019\/04\/IMG_2474-1200x900.jpg 1200w, https:\/\/www.neuperlach.org\/blog\/wp-content\/uploads\/2019\/04\/IMG_2474.jpg 1920w\" sizes=\"auto, (max-width: 580px) 100vw, 580px\" \/><\/a><figcaption id=\"caption-attachment-15842\" class=\"wp-caption-text\">Bild 20 (10.12.2019) \u00a9 Thomas Irlbeck<\/figcaption><\/figure>\n<h3>Update 05.04.2020<\/h3>\n<figure id=\"attachment_15612\" aria-describedby=\"caption-attachment-15612\" style=\"width: 580px\" class=\"wp-caption alignnone\"><a href=\"https:\/\/www.neuperlach.org\/blog\/wp-content\/uploads\/2019\/04\/IMG_3221.jpg\"><img loading=\"lazy\" decoding=\"async\" class=\"size-large wp-image-15612\" src=\"https:\/\/www.neuperlach.org\/blog\/wp-content\/uploads\/2019\/04\/IMG_3221-1024x768.jpg\" alt=\"Perlach Plaza\" width=\"580\" height=\"435\" srcset=\"https:\/\/www.neuperlach.org\/blog\/wp-content\/uploads\/2019\/04\/IMG_3221-1024x768.jpg 1024w, https:\/\/www.neuperlach.org\/blog\/wp-content\/uploads\/2019\/04\/IMG_3221-300x225.jpg 300w, https:\/\/www.neuperlach.org\/blog\/wp-content\/uploads\/2019\/04\/IMG_3221-768x576.jpg 768w, https:\/\/www.neuperlach.org\/blog\/wp-content\/uploads\/2019\/04\/IMG_3221-1536x1152.jpg 1536w, https:\/\/www.neuperlach.org\/blog\/wp-content\/uploads\/2019\/04\/IMG_3221-1200x900.jpg 1200w, https:\/\/www.neuperlach.org\/blog\/wp-content\/uploads\/2019\/04\/IMG_3221.jpg 1920w\" sizes=\"auto, (max-width: 580px) 100vw, 580px\" \/><\/a><figcaption id=\"caption-attachment-15612\" class=\"wp-caption-text\">Perlach Plaza (05.04.2020) \u00a9 Thomas Irlbeck<\/figcaption><\/figure>\n<figure id=\"attachment_15613\" aria-describedby=\"caption-attachment-15613\" style=\"width: 580px\" class=\"wp-caption alignnone\"><a href=\"https:\/\/www.neuperlach.org\/blog\/wp-content\/uploads\/2019\/04\/IMG_3224.jpg\"><img loading=\"lazy\" decoding=\"async\" class=\"size-large wp-image-15613\" src=\"https:\/\/www.neuperlach.org\/blog\/wp-content\/uploads\/2019\/04\/IMG_3224-1024x768.jpg\" alt=\"Perlach Plaza\" width=\"580\" height=\"435\" srcset=\"https:\/\/www.neuperlach.org\/blog\/wp-content\/uploads\/2019\/04\/IMG_3224-1024x768.jpg 1024w, https:\/\/www.neuperlach.org\/blog\/wp-content\/uploads\/2019\/04\/IMG_3224-300x225.jpg 300w, https:\/\/www.neuperlach.org\/blog\/wp-content\/uploads\/2019\/04\/IMG_3224-768x576.jpg 768w, https:\/\/www.neuperlach.org\/blog\/wp-content\/uploads\/2019\/04\/IMG_3224-1536x1152.jpg 1536w, https:\/\/www.neuperlach.org\/blog\/wp-content\/uploads\/2019\/04\/IMG_3224-1200x900.jpg 1200w, https:\/\/www.neuperlach.org\/blog\/wp-content\/uploads\/2019\/04\/IMG_3224.jpg 1920w\" sizes=\"auto, (max-width: 580px) 100vw, 580px\" \/><\/a><figcaption id=\"caption-attachment-15613\" class=\"wp-caption-text\">Perlach Plaza (05.04.2020) \u00a9 Thomas Irlbeck<\/figcaption><\/figure>\n<figure id=\"attachment_15614\" aria-describedby=\"caption-attachment-15614\" style=\"width: 580px\" class=\"wp-caption alignnone\"><a href=\"https:\/\/www.neuperlach.org\/blog\/wp-content\/uploads\/2019\/04\/IMG_3235.jpg\"><img loading=\"lazy\" decoding=\"async\" class=\"size-large wp-image-15614\" src=\"https:\/\/www.neuperlach.org\/blog\/wp-content\/uploads\/2019\/04\/IMG_3235-1024x768.jpg\" alt=\"Perlach Plaza\" width=\"580\" height=\"435\" srcset=\"https:\/\/www.neuperlach.org\/blog\/wp-content\/uploads\/2019\/04\/IMG_3235-1024x768.jpg 1024w, https:\/\/www.neuperlach.org\/blog\/wp-content\/uploads\/2019\/04\/IMG_3235-300x225.jpg 300w, https:\/\/www.neuperlach.org\/blog\/wp-content\/uploads\/2019\/04\/IMG_3235-768x576.jpg 768w, https:\/\/www.neuperlach.org\/blog\/wp-content\/uploads\/2019\/04\/IMG_3235-1536x1152.jpg 1536w, https:\/\/www.neuperlach.org\/blog\/wp-content\/uploads\/2019\/04\/IMG_3235-1200x900.jpg 1200w, https:\/\/www.neuperlach.org\/blog\/wp-content\/uploads\/2019\/04\/IMG_3235.jpg 1920w\" sizes=\"auto, (max-width: 580px) 100vw, 580px\" \/><\/a><figcaption id=\"caption-attachment-15614\" class=\"wp-caption-text\">Das im Hintergrund ist kein Gro\u00dfbildfernseher, sondern der alte Zugang zum U-Bahn-Sperrengeschoss (05.04.2020) \u00a9 Thomas Irlbeck<\/figcaption><\/figure>\n<h3>Update (02.09.2020)<\/h3>\n<figure id=\"attachment_16641\" aria-describedby=\"caption-attachment-16641\" style=\"width: 580px\" class=\"wp-caption alignnone\"><a href=\"https:\/\/www.neuperlach.org\/blog\/wp-content\/uploads\/2019\/04\/IMG_4643.jpg\"><img loading=\"lazy\" decoding=\"async\" class=\"size-large wp-image-16641\" src=\"https:\/\/www.neuperlach.org\/blog\/wp-content\/uploads\/2019\/04\/IMG_4643-1024x768.jpg\" alt=\"Perlach Plaza\" width=\"580\" height=\"435\" srcset=\"https:\/\/www.neuperlach.org\/blog\/wp-content\/uploads\/2019\/04\/IMG_4643-1024x768.jpg 1024w, https:\/\/www.neuperlach.org\/blog\/wp-content\/uploads\/2019\/04\/IMG_4643-300x225.jpg 300w, https:\/\/www.neuperlach.org\/blog\/wp-content\/uploads\/2019\/04\/IMG_4643-768x576.jpg 768w, https:\/\/www.neuperlach.org\/blog\/wp-content\/uploads\/2019\/04\/IMG_4643-1536x1152.jpg 1536w, https:\/\/www.neuperlach.org\/blog\/wp-content\/uploads\/2019\/04\/IMG_4643-1200x900.jpg 1200w, https:\/\/www.neuperlach.org\/blog\/wp-content\/uploads\/2019\/04\/IMG_4643.jpg 1920w\" sizes=\"auto, (max-width: 580px) 100vw, 580px\" \/><\/a><figcaption id=\"caption-attachment-16641\" class=\"wp-caption-text\">Perlach Plaza (02.09.2020) \u00a9 Thomas Irlbeck<\/figcaption><\/figure>\n<figure id=\"attachment_16640\" aria-describedby=\"caption-attachment-16640\" style=\"width: 580px\" class=\"wp-caption alignnone\"><a href=\"https:\/\/www.neuperlach.org\/blog\/wp-content\/uploads\/2019\/04\/IMG_4648.jpg\"><img loading=\"lazy\" decoding=\"async\" class=\"size-large wp-image-16640\" src=\"https:\/\/www.neuperlach.org\/blog\/wp-content\/uploads\/2019\/04\/IMG_4648-1024x768.jpg\" alt=\"Perlach Plaza\" width=\"580\" height=\"435\" srcset=\"https:\/\/www.neuperlach.org\/blog\/wp-content\/uploads\/2019\/04\/IMG_4648-1024x768.jpg 1024w, https:\/\/www.neuperlach.org\/blog\/wp-content\/uploads\/2019\/04\/IMG_4648-300x225.jpg 300w, https:\/\/www.neuperlach.org\/blog\/wp-content\/uploads\/2019\/04\/IMG_4648-768x576.jpg 768w, https:\/\/www.neuperlach.org\/blog\/wp-content\/uploads\/2019\/04\/IMG_4648-1536x1152.jpg 1536w, https:\/\/www.neuperlach.org\/blog\/wp-content\/uploads\/2019\/04\/IMG_4648-1200x900.jpg 1200w, https:\/\/www.neuperlach.org\/blog\/wp-content\/uploads\/2019\/04\/IMG_4648.jpg 1920w\" sizes=\"auto, (max-width: 580px) 100vw, 580px\" \/><\/a><figcaption id=\"caption-attachment-16640\" class=\"wp-caption-text\">Perlach Plaza (02.09.2020) \u00a9 Thomas Irlbeck<\/figcaption><\/figure>\n<h3>Update 20.10.2020<\/h3>\n<p>Die ersten Erdgeschossw\u00e4nde stehen.<\/p>\n<figure id=\"attachment_16727\" aria-describedby=\"caption-attachment-16727\" style=\"width: 580px\" class=\"wp-caption alignnone\"><a href=\"https:\/\/www.neuperlach.org\/blog\/wp-content\/uploads\/2019\/04\/IMG_5007.jpg\"><img loading=\"lazy\" decoding=\"async\" class=\"size-large wp-image-16727\" src=\"https:\/\/www.neuperlach.org\/blog\/wp-content\/uploads\/2019\/04\/IMG_5007-1024x768.jpg\" alt=\"Perlach Plaza\" width=\"580\" height=\"435\" srcset=\"https:\/\/www.neuperlach.org\/blog\/wp-content\/uploads\/2019\/04\/IMG_5007-1024x768.jpg 1024w, https:\/\/www.neuperlach.org\/blog\/wp-content\/uploads\/2019\/04\/IMG_5007-300x225.jpg 300w, https:\/\/www.neuperlach.org\/blog\/wp-content\/uploads\/2019\/04\/IMG_5007-768x576.jpg 768w, https:\/\/www.neuperlach.org\/blog\/wp-content\/uploads\/2019\/04\/IMG_5007-1536x1152.jpg 1536w, https:\/\/www.neuperlach.org\/blog\/wp-content\/uploads\/2019\/04\/IMG_5007-1200x900.jpg 1200w, https:\/\/www.neuperlach.org\/blog\/wp-content\/uploads\/2019\/04\/IMG_5007.jpg 1920w\" sizes=\"auto, (max-width: 580px) 100vw, 580px\" \/><\/a><figcaption id=\"caption-attachment-16727\" class=\"wp-caption-text\">Perlach Plaza (20.10.2020) \u00a9 Thomas Irlbeck<\/figcaption><\/figure>\n<figure id=\"attachment_16731\" aria-describedby=\"caption-attachment-16731\" style=\"width: 580px\" class=\"wp-caption alignnone\"><a href=\"https:\/\/www.neuperlach.org\/blog\/wp-content\/uploads\/2019\/04\/IMG_4993.jpg\"><img loading=\"lazy\" decoding=\"async\" class=\"size-large wp-image-16731\" src=\"https:\/\/www.neuperlach.org\/blog\/wp-content\/uploads\/2019\/04\/IMG_4993-1024x768.jpg\" alt=\"Perlach Plaza\" width=\"580\" height=\"435\" srcset=\"https:\/\/www.neuperlach.org\/blog\/wp-content\/uploads\/2019\/04\/IMG_4993-1024x768.jpg 1024w, https:\/\/www.neuperlach.org\/blog\/wp-content\/uploads\/2019\/04\/IMG_4993-300x225.jpg 300w, https:\/\/www.neuperlach.org\/blog\/wp-content\/uploads\/2019\/04\/IMG_4993-768x576.jpg 768w, https:\/\/www.neuperlach.org\/blog\/wp-content\/uploads\/2019\/04\/IMG_4993-1536x1152.jpg 1536w, https:\/\/www.neuperlach.org\/blog\/wp-content\/uploads\/2019\/04\/IMG_4993-1200x900.jpg 1200w, https:\/\/www.neuperlach.org\/blog\/wp-content\/uploads\/2019\/04\/IMG_4993.jpg 1920w\" sizes=\"auto, (max-width: 580px) 100vw, 580px\" \/><\/a><figcaption id=\"caption-attachment-16731\" class=\"wp-caption-text\">Perlach Plaza (20.10.2020) \u00a9 Thomas Irlbeck<\/figcaption><\/figure>\n<figure id=\"attachment_16728\" aria-describedby=\"caption-attachment-16728\" style=\"width: 580px\" class=\"wp-caption alignnone\"><a href=\"https:\/\/www.neuperlach.org\/blog\/wp-content\/uploads\/2019\/04\/IMG_5003.jpg\"><img loading=\"lazy\" decoding=\"async\" class=\"size-large wp-image-16728\" src=\"https:\/\/www.neuperlach.org\/blog\/wp-content\/uploads\/2019\/04\/IMG_5003-1024x640.jpg\" alt=\"Perlach Plaza\" width=\"580\" height=\"363\" srcset=\"https:\/\/www.neuperlach.org\/blog\/wp-content\/uploads\/2019\/04\/IMG_5003-1024x640.jpg 1024w, https:\/\/www.neuperlach.org\/blog\/wp-content\/uploads\/2019\/04\/IMG_5003-300x188.jpg 300w, https:\/\/www.neuperlach.org\/blog\/wp-content\/uploads\/2019\/04\/IMG_5003-768x480.jpg 768w, https:\/\/www.neuperlach.org\/blog\/wp-content\/uploads\/2019\/04\/IMG_5003-1536x960.jpg 1536w, https:\/\/www.neuperlach.org\/blog\/wp-content\/uploads\/2019\/04\/IMG_5003-1200x750.jpg 1200w, https:\/\/www.neuperlach.org\/blog\/wp-content\/uploads\/2019\/04\/IMG_5003.jpg 1920w\" sizes=\"auto, (max-width: 580px) 100vw, 580px\" \/><\/a><figcaption id=\"caption-attachment-16728\" class=\"wp-caption-text\">Perlach Plaza (20.10.2020) \u00a9 Thomas Irlbeck<\/figcaption><\/figure>\n<figure id=\"attachment_16729\" aria-describedby=\"caption-attachment-16729\" style=\"width: 580px\" class=\"wp-caption alignnone\"><a href=\"https:\/\/www.neuperlach.org\/blog\/wp-content\/uploads\/2019\/04\/IMG_5002.jpg\"><img loading=\"lazy\" decoding=\"async\" class=\"size-large wp-image-16729\" src=\"https:\/\/www.neuperlach.org\/blog\/wp-content\/uploads\/2019\/04\/IMG_5002-1024x768.jpg\" alt=\"Perlach Plaza\" width=\"580\" height=\"435\" srcset=\"https:\/\/www.neuperlach.org\/blog\/wp-content\/uploads\/2019\/04\/IMG_5002-1024x768.jpg 1024w, https:\/\/www.neuperlach.org\/blog\/wp-content\/uploads\/2019\/04\/IMG_5002-300x225.jpg 300w, https:\/\/www.neuperlach.org\/blog\/wp-content\/uploads\/2019\/04\/IMG_5002-768x576.jpg 768w, https:\/\/www.neuperlach.org\/blog\/wp-content\/uploads\/2019\/04\/IMG_5002-1536x1152.jpg 1536w, https:\/\/www.neuperlach.org\/blog\/wp-content\/uploads\/2019\/04\/IMG_5002-1200x900.jpg 1200w, https:\/\/www.neuperlach.org\/blog\/wp-content\/uploads\/2019\/04\/IMG_5002.jpg 1920w\" sizes=\"auto, (max-width: 580px) 100vw, 580px\" \/><\/a><figcaption id=\"caption-attachment-16729\" class=\"wp-caption-text\">Perlach Plaza (20.10.2020) \u00a9 Thomas Irlbeck<\/figcaption><\/figure>\n<figure id=\"attachment_16730\" aria-describedby=\"caption-attachment-16730\" style=\"width: 580px\" class=\"wp-caption alignnone\"><a href=\"https:\/\/www.neuperlach.org\/blog\/wp-content\/uploads\/2019\/04\/IMG_5001.jpg\"><img loading=\"lazy\" decoding=\"async\" class=\"size-large wp-image-16730\" src=\"https:\/\/www.neuperlach.org\/blog\/wp-content\/uploads\/2019\/04\/IMG_5001-1024x794.jpg\" alt=\"Perlach Plaza\" width=\"580\" height=\"450\" srcset=\"https:\/\/www.neuperlach.org\/blog\/wp-content\/uploads\/2019\/04\/IMG_5001-1024x794.jpg 1024w, https:\/\/www.neuperlach.org\/blog\/wp-content\/uploads\/2019\/04\/IMG_5001-300x233.jpg 300w, https:\/\/www.neuperlach.org\/blog\/wp-content\/uploads\/2019\/04\/IMG_5001-768x596.jpg 768w, https:\/\/www.neuperlach.org\/blog\/wp-content\/uploads\/2019\/04\/IMG_5001-1536x1191.jpg 1536w, https:\/\/www.neuperlach.org\/blog\/wp-content\/uploads\/2019\/04\/IMG_5001-1200x931.jpg 1200w, https:\/\/www.neuperlach.org\/blog\/wp-content\/uploads\/2019\/04\/IMG_5001.jpg 1920w\" sizes=\"auto, (max-width: 580px) 100vw, 580px\" \/><\/a><figcaption id=\"caption-attachment-16730\" class=\"wp-caption-text\">Perlach Plaza (20.10.2020) \u00a9 Thomas Irlbeck<\/figcaption><\/figure>\n<h3>Auch w\u00e4hrend des Lockdowns geht es weiter (17.12.2020)<\/h3>\n<figure id=\"attachment_16939\" aria-describedby=\"caption-attachment-16939\" style=\"width: 580px\" class=\"wp-caption alignnone\"><a href=\"https:\/\/www.neuperlach.org\/blog\/wp-content\/uploads\/2019\/04\/IMG_5428.jpg\"><img loading=\"lazy\" decoding=\"async\" class=\"size-large wp-image-16939\" src=\"https:\/\/www.neuperlach.org\/blog\/wp-content\/uploads\/2019\/04\/IMG_5428-1024x768.jpg\" alt=\"Perlach Plaza\" width=\"580\" height=\"435\" srcset=\"https:\/\/www.neuperlach.org\/blog\/wp-content\/uploads\/2019\/04\/IMG_5428-1024x768.jpg 1024w, https:\/\/www.neuperlach.org\/blog\/wp-content\/uploads\/2019\/04\/IMG_5428-300x225.jpg 300w, https:\/\/www.neuperlach.org\/blog\/wp-content\/uploads\/2019\/04\/IMG_5428-768x576.jpg 768w, https:\/\/www.neuperlach.org\/blog\/wp-content\/uploads\/2019\/04\/IMG_5428-1536x1152.jpg 1536w, https:\/\/www.neuperlach.org\/blog\/wp-content\/uploads\/2019\/04\/IMG_5428-1200x900.jpg 1200w, https:\/\/www.neuperlach.org\/blog\/wp-content\/uploads\/2019\/04\/IMG_5428.jpg 1920w\" sizes=\"auto, (max-width: 580px) 100vw, 580px\" \/><\/a><figcaption id=\"caption-attachment-16939\" class=\"wp-caption-text\">Perlach Plaza (17.12.2020) \u00a9 Thomas Irlbeck<\/figcaption><\/figure>\n<figure id=\"attachment_16938\" aria-describedby=\"caption-attachment-16938\" style=\"width: 580px\" class=\"wp-caption alignnone\"><a href=\"https:\/\/www.neuperlach.org\/blog\/wp-content\/uploads\/2019\/04\/IMG_5434.jpg\"><img loading=\"lazy\" decoding=\"async\" class=\"size-large wp-image-16938\" src=\"https:\/\/www.neuperlach.org\/blog\/wp-content\/uploads\/2019\/04\/IMG_5434-1024x768.jpg\" alt=\"Perlach Plaza\" width=\"580\" height=\"435\" srcset=\"https:\/\/www.neuperlach.org\/blog\/wp-content\/uploads\/2019\/04\/IMG_5434-1024x768.jpg 1024w, https:\/\/www.neuperlach.org\/blog\/wp-content\/uploads\/2019\/04\/IMG_5434-300x225.jpg 300w, https:\/\/www.neuperlach.org\/blog\/wp-content\/uploads\/2019\/04\/IMG_5434-768x576.jpg 768w, https:\/\/www.neuperlach.org\/blog\/wp-content\/uploads\/2019\/04\/IMG_5434-1536x1152.jpg 1536w, https:\/\/www.neuperlach.org\/blog\/wp-content\/uploads\/2019\/04\/IMG_5434-1200x900.jpg 1200w, https:\/\/www.neuperlach.org\/blog\/wp-content\/uploads\/2019\/04\/IMG_5434.jpg 1920w\" sizes=\"auto, (max-width: 580px) 100vw, 580px\" \/><\/a><figcaption id=\"caption-attachment-16938\" class=\"wp-caption-text\">Perlach Plaza (17.12.2020) \u00a9 Thomas Irlbeck<\/figcaption><\/figure>\n<h3>Update 21.01.2021<\/h3>\n<figure id=\"attachment_17178\" aria-describedby=\"caption-attachment-17178\" style=\"width: 580px\" class=\"wp-caption alignnone\"><a href=\"https:\/\/www.neuperlach.org\/blog\/wp-content\/uploads\/2019\/04\/IMG_5693.jpg\"><img loading=\"lazy\" decoding=\"async\" class=\"size-large wp-image-17178\" src=\"https:\/\/www.neuperlach.org\/blog\/wp-content\/uploads\/2019\/04\/IMG_5693-1024x768.jpg\" alt=\"Perlach Plaza\" width=\"580\" height=\"435\" srcset=\"https:\/\/www.neuperlach.org\/blog\/wp-content\/uploads\/2019\/04\/IMG_5693-1024x768.jpg 1024w, https:\/\/www.neuperlach.org\/blog\/wp-content\/uploads\/2019\/04\/IMG_5693-300x225.jpg 300w, https:\/\/www.neuperlach.org\/blog\/wp-content\/uploads\/2019\/04\/IMG_5693-768x576.jpg 768w, https:\/\/www.neuperlach.org\/blog\/wp-content\/uploads\/2019\/04\/IMG_5693-1536x1152.jpg 1536w, https:\/\/www.neuperlach.org\/blog\/wp-content\/uploads\/2019\/04\/IMG_5693-1200x900.jpg 1200w, https:\/\/www.neuperlach.org\/blog\/wp-content\/uploads\/2019\/04\/IMG_5693.jpg 1920w\" sizes=\"auto, (max-width: 580px) 100vw, 580px\" \/><\/a><figcaption id=\"caption-attachment-17178\" class=\"wp-caption-text\">Perlach Plaza (21.01.2021) \u00a9 Thomas Irlbeck<\/figcaption><\/figure>\n<figure id=\"attachment_17179\" aria-describedby=\"caption-attachment-17179\" style=\"width: 580px\" class=\"wp-caption alignnone\"><a href=\"https:\/\/www.neuperlach.org\/blog\/wp-content\/uploads\/2019\/04\/IMG_5700.jpg\"><img loading=\"lazy\" decoding=\"async\" class=\"size-large wp-image-17179\" src=\"https:\/\/www.neuperlach.org\/blog\/wp-content\/uploads\/2019\/04\/IMG_5700-1024x772.jpg\" alt=\"Perlach Plaza\" width=\"580\" height=\"437\" srcset=\"https:\/\/www.neuperlach.org\/blog\/wp-content\/uploads\/2019\/04\/IMG_5700-1024x772.jpg 1024w, https:\/\/www.neuperlach.org\/blog\/wp-content\/uploads\/2019\/04\/IMG_5700-300x226.jpg 300w, https:\/\/www.neuperlach.org\/blog\/wp-content\/uploads\/2019\/04\/IMG_5700-768x579.jpg 768w, https:\/\/www.neuperlach.org\/blog\/wp-content\/uploads\/2019\/04\/IMG_5700-1536x1158.jpg 1536w, https:\/\/www.neuperlach.org\/blog\/wp-content\/uploads\/2019\/04\/IMG_5700-1200x905.jpg 1200w, https:\/\/www.neuperlach.org\/blog\/wp-content\/uploads\/2019\/04\/IMG_5700.jpg 1920w\" sizes=\"auto, (max-width: 580px) 100vw, 580px\" \/><\/a><figcaption id=\"caption-attachment-17179\" class=\"wp-caption-text\">Perlach Plaza (21.01.2021) \u00a9 Thomas Irlbeck<\/figcaption><\/figure>\n<figure id=\"attachment_17180\" aria-describedby=\"caption-attachment-17180\" style=\"width: 580px\" class=\"wp-caption alignnone\"><a href=\"https:\/\/www.neuperlach.org\/blog\/wp-content\/uploads\/2019\/04\/IMG_5703.jpg\"><img loading=\"lazy\" decoding=\"async\" class=\"size-large wp-image-17180\" src=\"https:\/\/www.neuperlach.org\/blog\/wp-content\/uploads\/2019\/04\/IMG_5703-1024x569.jpg\" alt=\"Perlach Plaza\" width=\"580\" height=\"322\" srcset=\"https:\/\/www.neuperlach.org\/blog\/wp-content\/uploads\/2019\/04\/IMG_5703-1024x569.jpg 1024w, https:\/\/www.neuperlach.org\/blog\/wp-content\/uploads\/2019\/04\/IMG_5703-300x167.jpg 300w, https:\/\/www.neuperlach.org\/blog\/wp-content\/uploads\/2019\/04\/IMG_5703-768x426.jpg 768w, https:\/\/www.neuperlach.org\/blog\/wp-content\/uploads\/2019\/04\/IMG_5703-1536x853.jpg 1536w, https:\/\/www.neuperlach.org\/blog\/wp-content\/uploads\/2019\/04\/IMG_5703-1200x666.jpg 1200w, https:\/\/www.neuperlach.org\/blog\/wp-content\/uploads\/2019\/04\/IMG_5703.jpg 1920w\" sizes=\"auto, (max-width: 580px) 100vw, 580px\" \/><\/a><figcaption id=\"caption-attachment-17180\" class=\"wp-caption-text\">Perlach Plaza (21.01.2021) \u00a9 Thomas Irlbeck<\/figcaption><\/figure>\n<figure id=\"attachment_17181\" aria-describedby=\"caption-attachment-17181\" style=\"width: 580px\" class=\"wp-caption alignnone\"><a href=\"https:\/\/www.neuperlach.org\/blog\/wp-content\/uploads\/2019\/04\/IMG_5709.jpg\"><img loading=\"lazy\" decoding=\"async\" class=\"size-large wp-image-17181\" src=\"https:\/\/www.neuperlach.org\/blog\/wp-content\/uploads\/2019\/04\/IMG_5709-1024x768.jpg\" alt=\"Perlach Plaza\" width=\"580\" height=\"435\" srcset=\"https:\/\/www.neuperlach.org\/blog\/wp-content\/uploads\/2019\/04\/IMG_5709-1024x768.jpg 1024w, https:\/\/www.neuperlach.org\/blog\/wp-content\/uploads\/2019\/04\/IMG_5709-300x225.jpg 300w, https:\/\/www.neuperlach.org\/blog\/wp-content\/uploads\/2019\/04\/IMG_5709-768x576.jpg 768w, https:\/\/www.neuperlach.org\/blog\/wp-content\/uploads\/2019\/04\/IMG_5709-1536x1152.jpg 1536w, https:\/\/www.neuperlach.org\/blog\/wp-content\/uploads\/2019\/04\/IMG_5709-1200x900.jpg 1200w, https:\/\/www.neuperlach.org\/blog\/wp-content\/uploads\/2019\/04\/IMG_5709.jpg 1920w\" sizes=\"auto, (max-width: 580px) 100vw, 580px\" \/><\/a><figcaption id=\"caption-attachment-17181\" class=\"wp-caption-text\">Perlach Plaza (21.01.2021) \u00a9 Thomas Irlbeck<\/figcaption><\/figure>\n<figure id=\"attachment_17182\" aria-describedby=\"caption-attachment-17182\" style=\"width: 580px\" class=\"wp-caption alignnone\"><a href=\"https:\/\/www.neuperlach.org\/blog\/wp-content\/uploads\/2019\/04\/IMG_5719.jpg\"><img loading=\"lazy\" decoding=\"async\" class=\"size-large wp-image-17182\" src=\"https:\/\/www.neuperlach.org\/blog\/wp-content\/uploads\/2019\/04\/IMG_5719-1024x768.jpg\" alt=\"Perlach Plaza\" width=\"580\" height=\"435\" srcset=\"https:\/\/www.neuperlach.org\/blog\/wp-content\/uploads\/2019\/04\/IMG_5719-1024x768.jpg 1024w, https:\/\/www.neuperlach.org\/blog\/wp-content\/uploads\/2019\/04\/IMG_5719-300x225.jpg 300w, https:\/\/www.neuperlach.org\/blog\/wp-content\/uploads\/2019\/04\/IMG_5719-768x576.jpg 768w, https:\/\/www.neuperlach.org\/blog\/wp-content\/uploads\/2019\/04\/IMG_5719-1536x1152.jpg 1536w, https:\/\/www.neuperlach.org\/blog\/wp-content\/uploads\/2019\/04\/IMG_5719-1200x900.jpg 1200w, https:\/\/www.neuperlach.org\/blog\/wp-content\/uploads\/2019\/04\/IMG_5719.jpg 1920w\" sizes=\"auto, (max-width: 580px) 100vw, 580px\" \/><\/a><figcaption id=\"caption-attachment-17182\" class=\"wp-caption-text\">Perlach Plaza (21.01.2021) \u00a9 Thomas Irlbeck<\/figcaption><\/figure>\n<figure id=\"attachment_17183\" aria-describedby=\"caption-attachment-17183\" style=\"width: 580px\" class=\"wp-caption alignnone\"><a href=\"https:\/\/www.neuperlach.org\/blog\/wp-content\/uploads\/2019\/04\/IMG_5723.jpg\"><img loading=\"lazy\" decoding=\"async\" class=\"size-large wp-image-17183\" src=\"https:\/\/www.neuperlach.org\/blog\/wp-content\/uploads\/2019\/04\/IMG_5723-1024x768.jpg\" alt=\"Perlach Plaza\" width=\"580\" height=\"435\" srcset=\"https:\/\/www.neuperlach.org\/blog\/wp-content\/uploads\/2019\/04\/IMG_5723-1024x768.jpg 1024w, https:\/\/www.neuperlach.org\/blog\/wp-content\/uploads\/2019\/04\/IMG_5723-300x225.jpg 300w, https:\/\/www.neuperlach.org\/blog\/wp-content\/uploads\/2019\/04\/IMG_5723-768x576.jpg 768w, https:\/\/www.neuperlach.org\/blog\/wp-content\/uploads\/2019\/04\/IMG_5723-1536x1152.jpg 1536w, https:\/\/www.neuperlach.org\/blog\/wp-content\/uploads\/2019\/04\/IMG_5723-1200x900.jpg 1200w, https:\/\/www.neuperlach.org\/blog\/wp-content\/uploads\/2019\/04\/IMG_5723.jpg 1920w\" sizes=\"auto, (max-width: 580px) 100vw, 580px\" \/><\/a><figcaption id=\"caption-attachment-17183\" class=\"wp-caption-text\">Perlach Plaza (21.01.2021) \u00a9 Thomas Irlbeck<\/figcaption><\/figure>\n<h3>Update 11.03.2021<\/h3>\n<p>Die Rundb\u00f6gen werden bereits sichtbar. Unsere Neue Mitte bekommt ein Gesicht.<\/p>\n<figure id=\"attachment_17396\" aria-describedby=\"caption-attachment-17396\" style=\"width: 580px\" class=\"wp-caption alignnone\"><a href=\"https:\/\/www.neuperlach.org\/blog\/wp-content\/uploads\/2021\/03\/IMG_6192.jpg\"><img loading=\"lazy\" decoding=\"async\" class=\"size-large wp-image-17396\" src=\"https:\/\/www.neuperlach.org\/blog\/wp-content\/uploads\/2021\/03\/IMG_6192-1024x768.jpg\" alt=\"Perlach Plaza\" width=\"580\" height=\"435\" \/><\/a><figcaption id=\"caption-attachment-17396\" class=\"wp-caption-text\">Perlach Plaza (11.03.2021)<\/figcaption><\/figure>\n<figure id=\"attachment_17398\" aria-describedby=\"caption-attachment-17398\" style=\"width: 580px\" class=\"wp-caption alignnone\"><a href=\"https:\/\/www.neuperlach.org\/blog\/wp-content\/uploads\/2021\/03\/IMG_6198.jpg\"><img loading=\"lazy\" decoding=\"async\" class=\"size-large wp-image-17398\" src=\"https:\/\/www.neuperlach.org\/blog\/wp-content\/uploads\/2021\/03\/IMG_6198-1024x648.jpg\" alt=\"Perlach Plaza\" width=\"580\" height=\"367\" \/><\/a><figcaption id=\"caption-attachment-17398\" class=\"wp-caption-text\">Perlach Plaza (11.03.2021)<\/figcaption><\/figure>\n<figure id=\"attachment_17397\" aria-describedby=\"caption-attachment-17397\" style=\"width: 580px\" class=\"wp-caption alignnone\"><a href=\"https:\/\/www.neuperlach.org\/blog\/wp-content\/uploads\/2021\/03\/IMG_6195.jpg\"><img loading=\"lazy\" decoding=\"async\" class=\"size-large wp-image-17397\" src=\"https:\/\/www.neuperlach.org\/blog\/wp-content\/uploads\/2021\/03\/IMG_6195-1024x576.jpg\" alt=\"Perlach Plaza\" width=\"580\" height=\"326\" \/><\/a><figcaption id=\"caption-attachment-17397\" class=\"wp-caption-text\">Perlach Plaza (11.03.2021)<\/figcaption><\/figure>\n<figure id=\"attachment_17399\" aria-describedby=\"caption-attachment-17399\" style=\"width: 580px\" class=\"wp-caption alignnone\"><a href=\"https:\/\/www.neuperlach.org\/blog\/wp-content\/uploads\/2021\/03\/IMG_6205.jpg\"><img loading=\"lazy\" decoding=\"async\" class=\"size-large wp-image-17399\" src=\"https:\/\/www.neuperlach.org\/blog\/wp-content\/uploads\/2021\/03\/IMG_6205-1024x619.jpg\" alt=\"Perlach Plaza\" width=\"580\" height=\"351\" \/><\/a><figcaption id=\"caption-attachment-17399\" class=\"wp-caption-text\">Perlach Plaza (11.03.2021)<\/figcaption><\/figure>\n<figure id=\"attachment_17400\" aria-describedby=\"caption-attachment-17400\" style=\"width: 580px\" class=\"wp-caption alignnone\"><a href=\"https:\/\/www.neuperlach.org\/blog\/wp-content\/uploads\/2021\/03\/IMG_6208.jpg\"><img loading=\"lazy\" decoding=\"async\" class=\"size-large wp-image-17400\" src=\"https:\/\/www.neuperlach.org\/blog\/wp-content\/uploads\/2021\/03\/IMG_6208-1024x576.jpg\" alt=\"Perlach Plaza\" width=\"580\" height=\"326\" \/><\/a><figcaption id=\"caption-attachment-17400\" class=\"wp-caption-text\">Perlach Plaza (11.03.2021)<\/figcaption><\/figure>\n<h3>30.03.2021<\/h3>\n<figure id=\"attachment_17570\" aria-describedby=\"caption-attachment-17570\" style=\"width: 580px\" class=\"wp-caption alignnone\"><a href=\"https:\/\/www.neuperlach.org\/blog\/wp-content\/uploads\/2021\/03\/IMG_6445.jpg\"><img loading=\"lazy\" decoding=\"async\" class=\"size-large wp-image-17570\" src=\"https:\/\/www.neuperlach.org\/blog\/wp-content\/uploads\/2021\/03\/IMG_6445-1024x782.jpg\" alt=\"Perlach Plaza\" width=\"580\" height=\"443\" srcset=\"https:\/\/www.neuperlach.org\/blog\/wp-content\/uploads\/2021\/03\/IMG_6445-1024x782.jpg 1024w, https:\/\/www.neuperlach.org\/blog\/wp-content\/uploads\/2021\/03\/IMG_6445-300x229.jpg 300w, https:\/\/www.neuperlach.org\/blog\/wp-content\/uploads\/2021\/03\/IMG_6445-768x586.jpg 768w, https:\/\/www.neuperlach.org\/blog\/wp-content\/uploads\/2021\/03\/IMG_6445-1536x1173.jpg 1536w, https:\/\/www.neuperlach.org\/blog\/wp-content\/uploads\/2021\/03\/IMG_6445-1200x916.jpg 1200w, https:\/\/www.neuperlach.org\/blog\/wp-content\/uploads\/2021\/03\/IMG_6445.jpg 1920w\" sizes=\"auto, (max-width: 580px) 100vw, 580px\" \/><\/a><figcaption id=\"caption-attachment-17570\" class=\"wp-caption-text\">Perlach Plaza (30.03.2021) \u00a9 Thomas Irlbeck<\/figcaption><\/figure>\n<figure id=\"attachment_17569\" aria-describedby=\"caption-attachment-17569\" style=\"width: 580px\" class=\"wp-caption alignnone\"><a href=\"https:\/\/www.neuperlach.org\/blog\/wp-content\/uploads\/2021\/03\/IMG_6447.jpg\"><img loading=\"lazy\" decoding=\"async\" class=\"wp-image-17569 size-large\" src=\"https:\/\/www.neuperlach.org\/blog\/wp-content\/uploads\/2021\/03\/IMG_6447-1024x768.jpg\" alt=\"Perlach Plaza\" width=\"580\" height=\"435\" srcset=\"https:\/\/www.neuperlach.org\/blog\/wp-content\/uploads\/2021\/03\/IMG_6447-1024x768.jpg 1024w, https:\/\/www.neuperlach.org\/blog\/wp-content\/uploads\/2021\/03\/IMG_6447-300x225.jpg 300w, https:\/\/www.neuperlach.org\/blog\/wp-content\/uploads\/2021\/03\/IMG_6447-768x576.jpg 768w, https:\/\/www.neuperlach.org\/blog\/wp-content\/uploads\/2021\/03\/IMG_6447-1536x1152.jpg 1536w, https:\/\/www.neuperlach.org\/blog\/wp-content\/uploads\/2021\/03\/IMG_6447-1200x900.jpg 1200w, https:\/\/www.neuperlach.org\/blog\/wp-content\/uploads\/2021\/03\/IMG_6447.jpg 1920w\" sizes=\"auto, (max-width: 580px) 100vw, 580px\" \/><\/a><figcaption id=\"caption-attachment-17569\" class=\"wp-caption-text\">Perlach Plaza (30.03.2021) \u00a9 Thomas Irlbeck<\/figcaption><\/figure>\n<figure id=\"attachment_17568\" aria-describedby=\"caption-attachment-17568\" style=\"width: 580px\" class=\"wp-caption alignnone\"><a href=\"https:\/\/www.neuperlach.org\/blog\/wp-content\/uploads\/2021\/03\/IMG_6452.jpg\"><img loading=\"lazy\" decoding=\"async\" class=\"wp-image-17568 size-large\" src=\"https:\/\/www.neuperlach.org\/blog\/wp-content\/uploads\/2021\/03\/IMG_6452-1024x771.jpg\" alt=\"Perlach Plaza\" width=\"580\" height=\"437\" srcset=\"https:\/\/www.neuperlach.org\/blog\/wp-content\/uploads\/2021\/03\/IMG_6452-1024x771.jpg 1024w, https:\/\/www.neuperlach.org\/blog\/wp-content\/uploads\/2021\/03\/IMG_6452-300x226.jpg 300w, https:\/\/www.neuperlach.org\/blog\/wp-content\/uploads\/2021\/03\/IMG_6452-768x578.jpg 768w, https:\/\/www.neuperlach.org\/blog\/wp-content\/uploads\/2021\/03\/IMG_6452-1536x1156.jpg 1536w, https:\/\/www.neuperlach.org\/blog\/wp-content\/uploads\/2021\/03\/IMG_6452-1200x903.jpg 1200w, https:\/\/www.neuperlach.org\/blog\/wp-content\/uploads\/2021\/03\/IMG_6452.jpg 1920w\" sizes=\"auto, (max-width: 580px) 100vw, 580px\" \/><\/a><figcaption id=\"caption-attachment-17568\" class=\"wp-caption-text\">Perlach Plaza (30.03.2021) \u00a9 Thomas Irlbeck<\/figcaption><\/figure>\n<h3>Mai 2021<\/h3>\n<figure id=\"attachment_17742\" aria-describedby=\"caption-attachment-17742\" style=\"width: 580px\" class=\"wp-caption alignnone\"><a href=\"https:\/\/www.neuperlach.org\/blog\/wp-content\/uploads\/2019\/04\/IMG_0742.jpg\"><img loading=\"lazy\" decoding=\"async\" class=\"size-large wp-image-17742\" src=\"https:\/\/www.neuperlach.org\/blog\/wp-content\/uploads\/2019\/04\/IMG_0742-1024x576.jpg\" alt=\"Perlach Plaza\" width=\"580\" height=\"326\" srcset=\"https:\/\/www.neuperlach.org\/blog\/wp-content\/uploads\/2019\/04\/IMG_0742-1024x576.jpg 1024w, https:\/\/www.neuperlach.org\/blog\/wp-content\/uploads\/2019\/04\/IMG_0742-300x169.jpg 300w, https:\/\/www.neuperlach.org\/blog\/wp-content\/uploads\/2019\/04\/IMG_0742-768x432.jpg 768w, https:\/\/www.neuperlach.org\/blog\/wp-content\/uploads\/2019\/04\/IMG_0742-1536x864.jpg 1536w, https:\/\/www.neuperlach.org\/blog\/wp-content\/uploads\/2019\/04\/IMG_0742-1200x675.jpg 1200w, https:\/\/www.neuperlach.org\/blog\/wp-content\/uploads\/2019\/04\/IMG_0742.jpg 1920w\" sizes=\"auto, (max-width: 580px) 100vw, 580px\" \/><\/a><figcaption id=\"caption-attachment-17742\" class=\"wp-caption-text\">Perlach Plaza (03.05.2021). Foto: Georg und Marcus Pantel<\/figcaption><\/figure>\n<figure id=\"attachment_17745\" aria-describedby=\"caption-attachment-17745\" style=\"width: 580px\" class=\"wp-caption alignnone\"><a href=\"https:\/\/www.neuperlach.org\/blog\/wp-content\/uploads\/2019\/04\/IMG_0750.jpg\"><img loading=\"lazy\" decoding=\"async\" class=\"size-large wp-image-17745\" src=\"https:\/\/www.neuperlach.org\/blog\/wp-content\/uploads\/2019\/04\/IMG_0750-1024x576.jpg\" alt=\"Perlach Plaza\" width=\"580\" height=\"326\" srcset=\"https:\/\/www.neuperlach.org\/blog\/wp-content\/uploads\/2019\/04\/IMG_0750-1024x576.jpg 1024w, https:\/\/www.neuperlach.org\/blog\/wp-content\/uploads\/2019\/04\/IMG_0750-300x169.jpg 300w, https:\/\/www.neuperlach.org\/blog\/wp-content\/uploads\/2019\/04\/IMG_0750-768x432.jpg 768w, https:\/\/www.neuperlach.org\/blog\/wp-content\/uploads\/2019\/04\/IMG_0750-1536x864.jpg 1536w, https:\/\/www.neuperlach.org\/blog\/wp-content\/uploads\/2019\/04\/IMG_0750-2048x1152.jpg 2048w, https:\/\/www.neuperlach.org\/blog\/wp-content\/uploads\/2019\/04\/IMG_0750-1200x675.jpg 1200w, https:\/\/www.neuperlach.org\/blog\/wp-content\/uploads\/2019\/04\/IMG_0750-1980x1113.jpg 1980w\" sizes=\"auto, (max-width: 580px) 100vw, 580px\" \/><\/a><figcaption id=\"caption-attachment-17745\" class=\"wp-caption-text\">Perlach Plaza (06.05.2021). Foto: Georg und Marcus Pantel<\/figcaption><\/figure>\n<figure id=\"attachment_17743\" aria-describedby=\"caption-attachment-17743\" style=\"width: 580px\" class=\"wp-caption alignnone\"><a href=\"https:\/\/www.neuperlach.org\/blog\/wp-content\/uploads\/2019\/04\/IMG_0751.jpg\"><img loading=\"lazy\" decoding=\"async\" class=\"size-large wp-image-17743\" src=\"https:\/\/www.neuperlach.org\/blog\/wp-content\/uploads\/2019\/04\/IMG_0751-1024x576.jpg\" alt=\"Perlach Plaza\" width=\"580\" height=\"326\" srcset=\"https:\/\/www.neuperlach.org\/blog\/wp-content\/uploads\/2019\/04\/IMG_0751-1024x576.jpg 1024w, https:\/\/www.neuperlach.org\/blog\/wp-content\/uploads\/2019\/04\/IMG_0751-300x169.jpg 300w, https:\/\/www.neuperlach.org\/blog\/wp-content\/uploads\/2019\/04\/IMG_0751-768x432.jpg 768w, https:\/\/www.neuperlach.org\/blog\/wp-content\/uploads\/2019\/04\/IMG_0751-1536x864.jpg 1536w, https:\/\/www.neuperlach.org\/blog\/wp-content\/uploads\/2019\/04\/IMG_0751-2048x1152.jpg 2048w, https:\/\/www.neuperlach.org\/blog\/wp-content\/uploads\/2019\/04\/IMG_0751-1200x675.jpg 1200w, https:\/\/www.neuperlach.org\/blog\/wp-content\/uploads\/2019\/04\/IMG_0751-1980x1113.jpg 1980w\" sizes=\"auto, (max-width: 580px) 100vw, 580px\" \/><\/a><figcaption id=\"caption-attachment-17743\" class=\"wp-caption-text\">Perlach Plaza (06.05.2021). Foto: Georg und Marcus Pantel<\/figcaption><\/figure>\n<figure id=\"attachment_17744\" aria-describedby=\"caption-attachment-17744\" style=\"width: 580px\" class=\"wp-caption alignnone\"><a href=\"https:\/\/www.neuperlach.org\/blog\/wp-content\/uploads\/2019\/04\/IMG_0752.jpg\"><img loading=\"lazy\" decoding=\"async\" class=\"size-large wp-image-17744\" src=\"https:\/\/www.neuperlach.org\/blog\/wp-content\/uploads\/2019\/04\/IMG_0752-1024x576.jpg\" alt=\"Perlach Plaza\" width=\"580\" height=\"326\" srcset=\"https:\/\/www.neuperlach.org\/blog\/wp-content\/uploads\/2019\/04\/IMG_0752-1024x576.jpg 1024w, https:\/\/www.neuperlach.org\/blog\/wp-content\/uploads\/2019\/04\/IMG_0752-300x169.jpg 300w, https:\/\/www.neuperlach.org\/blog\/wp-content\/uploads\/2019\/04\/IMG_0752-768x432.jpg 768w, https:\/\/www.neuperlach.org\/blog\/wp-content\/uploads\/2019\/04\/IMG_0752-1536x864.jpg 1536w, https:\/\/www.neuperlach.org\/blog\/wp-content\/uploads\/2019\/04\/IMG_0752-2048x1152.jpg 2048w, https:\/\/www.neuperlach.org\/blog\/wp-content\/uploads\/2019\/04\/IMG_0752-1200x675.jpg 1200w, https:\/\/www.neuperlach.org\/blog\/wp-content\/uploads\/2019\/04\/IMG_0752-1980x1113.jpg 1980w\" sizes=\"auto, (max-width: 580px) 100vw, 580px\" \/><\/a><figcaption id=\"caption-attachment-17744\" class=\"wp-caption-text\">Perlach Plaza (06.05.2021). Foto: Georg und Marcus Pantel<\/figcaption><\/figure>\n<h3>Juni 2021<\/h3>\n<figure id=\"attachment_18012\" aria-describedby=\"caption-attachment-18012\" style=\"width: 580px\" class=\"wp-caption alignnone\"><a href=\"https:\/\/www.neuperlach.org\/blog\/wp-content\/uploads\/2019\/04\/IMG_7258.jpg\"><img loading=\"lazy\" decoding=\"async\" class=\"size-large wp-image-18012\" src=\"https:\/\/www.neuperlach.org\/blog\/wp-content\/uploads\/2019\/04\/IMG_7258-1024x768.jpg\" alt=\"Perlach Plaza\" width=\"580\" height=\"435\" srcset=\"https:\/\/www.neuperlach.org\/blog\/wp-content\/uploads\/2019\/04\/IMG_7258-1024x768.jpg 1024w, https:\/\/www.neuperlach.org\/blog\/wp-content\/uploads\/2019\/04\/IMG_7258-300x225.jpg 300w, https:\/\/www.neuperlach.org\/blog\/wp-content\/uploads\/2019\/04\/IMG_7258-768x576.jpg 768w, https:\/\/www.neuperlach.org\/blog\/wp-content\/uploads\/2019\/04\/IMG_7258-1536x1152.jpg 1536w, https:\/\/www.neuperlach.org\/blog\/wp-content\/uploads\/2019\/04\/IMG_7258-2048x1536.jpg 2048w, https:\/\/www.neuperlach.org\/blog\/wp-content\/uploads\/2019\/04\/IMG_7258-1200x900.jpg 1200w, https:\/\/www.neuperlach.org\/blog\/wp-content\/uploads\/2019\/04\/IMG_7258-1980x1485.jpg 1980w\" sizes=\"auto, (max-width: 580px) 100vw, 580px\" \/><\/a><figcaption id=\"caption-attachment-18012\" class=\"wp-caption-text\">Perlach Plaza (12.06.2021) \u00a9 Thomas Irlbeck<\/figcaption><\/figure>\n<figure id=\"attachment_18014\" aria-describedby=\"caption-attachment-18014\" style=\"width: 580px\" class=\"wp-caption alignnone\"><a href=\"https:\/\/www.neuperlach.org\/blog\/wp-content\/uploads\/2019\/04\/IMG_7249.jpg\"><img loading=\"lazy\" decoding=\"async\" class=\"size-large wp-image-18014\" src=\"https:\/\/www.neuperlach.org\/blog\/wp-content\/uploads\/2019\/04\/IMG_7249-1024x647.jpg\" alt=\"Perlach Plaza\" width=\"580\" height=\"366\" srcset=\"https:\/\/www.neuperlach.org\/blog\/wp-content\/uploads\/2019\/04\/IMG_7249-1024x647.jpg 1024w, https:\/\/www.neuperlach.org\/blog\/wp-content\/uploads\/2019\/04\/IMG_7249-300x189.jpg 300w, https:\/\/www.neuperlach.org\/blog\/wp-content\/uploads\/2019\/04\/IMG_7249-768x485.jpg 768w, https:\/\/www.neuperlach.org\/blog\/wp-content\/uploads\/2019\/04\/IMG_7249-1536x970.jpg 1536w, https:\/\/www.neuperlach.org\/blog\/wp-content\/uploads\/2019\/04\/IMG_7249-2048x1294.jpg 2048w, https:\/\/www.neuperlach.org\/blog\/wp-content\/uploads\/2019\/04\/IMG_7249-1200x758.jpg 1200w, https:\/\/www.neuperlach.org\/blog\/wp-content\/uploads\/2019\/04\/IMG_7249-1980x1251.jpg 1980w\" sizes=\"auto, (max-width: 580px) 100vw, 580px\" \/><\/a><figcaption id=\"caption-attachment-18014\" class=\"wp-caption-text\">Perlach Plaza (12.06.2021) \u00a9 Thomas Irlbeck<\/figcaption><\/figure>\n<figure id=\"attachment_18013\" aria-describedby=\"caption-attachment-18013\" style=\"width: 580px\" class=\"wp-caption alignnone\"><a href=\"https:\/\/www.neuperlach.org\/blog\/wp-content\/uploads\/2019\/04\/IMG_7256.jpg\"><img loading=\"lazy\" decoding=\"async\" class=\"size-large wp-image-18013\" src=\"https:\/\/www.neuperlach.org\/blog\/wp-content\/uploads\/2019\/04\/IMG_7256-1024x576.jpg\" alt=\"Perlach Plaza\" width=\"580\" height=\"326\" srcset=\"https:\/\/www.neuperlach.org\/blog\/wp-content\/uploads\/2019\/04\/IMG_7256-1024x576.jpg 1024w, https:\/\/www.neuperlach.org\/blog\/wp-content\/uploads\/2019\/04\/IMG_7256-300x169.jpg 300w, https:\/\/www.neuperlach.org\/blog\/wp-content\/uploads\/2019\/04\/IMG_7256-768x432.jpg 768w, https:\/\/www.neuperlach.org\/blog\/wp-content\/uploads\/2019\/04\/IMG_7256-1536x864.jpg 1536w, https:\/\/www.neuperlach.org\/blog\/wp-content\/uploads\/2019\/04\/IMG_7256-2048x1152.jpg 2048w, https:\/\/www.neuperlach.org\/blog\/wp-content\/uploads\/2019\/04\/IMG_7256-1200x675.jpg 1200w, https:\/\/www.neuperlach.org\/blog\/wp-content\/uploads\/2019\/04\/IMG_7256-1980x1114.jpg 1980w\" sizes=\"auto, (max-width: 580px) 100vw, 580px\" \/><\/a><figcaption id=\"caption-attachment-18013\" class=\"wp-caption-text\">Perlach Plaza (12.06.2021) \u00a9 Thomas Irlbeck<\/figcaption><\/figure>\n<h3>Juli 2021<\/h3>\n<figure id=\"attachment_18153\" aria-describedby=\"caption-attachment-18153\" style=\"width: 580px\" class=\"wp-caption alignnone\"><a href=\"https:\/\/www.neuperlach.org\/blog\/wp-content\/uploads\/2021\/07\/IMG_7681.jpg\"><img loading=\"lazy\" decoding=\"async\" class=\"size-large wp-image-18153\" src=\"https:\/\/www.neuperlach.org\/blog\/wp-content\/uploads\/2021\/07\/IMG_7681-1024x640.jpg\" alt=\"Perlach Plaza\" width=\"580\" height=\"363\" srcset=\"https:\/\/www.neuperlach.org\/blog\/wp-content\/uploads\/2021\/07\/IMG_7681-1024x640.jpg 1024w, https:\/\/www.neuperlach.org\/blog\/wp-content\/uploads\/2021\/07\/IMG_7681-300x187.jpg 300w, https:\/\/www.neuperlach.org\/blog\/wp-content\/uploads\/2021\/07\/IMG_7681-768x480.jpg 768w, https:\/\/www.neuperlach.org\/blog\/wp-content\/uploads\/2021\/07\/IMG_7681-1536x960.jpg 1536w, https:\/\/www.neuperlach.org\/blog\/wp-content\/uploads\/2021\/07\/IMG_7681-2048x1280.jpg 2048w, https:\/\/www.neuperlach.org\/blog\/wp-content\/uploads\/2021\/07\/IMG_7681-1200x750.jpg 1200w, https:\/\/www.neuperlach.org\/blog\/wp-content\/uploads\/2021\/07\/IMG_7681-1980x1237.jpg 1980w\" sizes=\"auto, (max-width: 580px) 100vw, 580px\" \/><\/a><figcaption id=\"caption-attachment-18153\" class=\"wp-caption-text\">Perlach Plaza (15.07.2021) \u00a9 Thomas Irlbeck<\/figcaption><\/figure>\n<figure id=\"attachment_18152\" aria-describedby=\"caption-attachment-18152\" style=\"width: 580px\" class=\"wp-caption alignnone\"><a href=\"https:\/\/www.neuperlach.org\/blog\/wp-content\/uploads\/2021\/07\/IMG_7684.jpg\"><img loading=\"lazy\" decoding=\"async\" class=\"size-large wp-image-18152\" src=\"https:\/\/www.neuperlach.org\/blog\/wp-content\/uploads\/2021\/07\/IMG_7684-1024x768.jpg\" alt=\"Perlach Plaza\" width=\"580\" height=\"435\" srcset=\"https:\/\/www.neuperlach.org\/blog\/wp-content\/uploads\/2021\/07\/IMG_7684-1024x768.jpg 1024w, https:\/\/www.neuperlach.org\/blog\/wp-content\/uploads\/2021\/07\/IMG_7684-300x225.jpg 300w, https:\/\/www.neuperlach.org\/blog\/wp-content\/uploads\/2021\/07\/IMG_7684-768x576.jpg 768w, https:\/\/www.neuperlach.org\/blog\/wp-content\/uploads\/2021\/07\/IMG_7684-1536x1152.jpg 1536w, https:\/\/www.neuperlach.org\/blog\/wp-content\/uploads\/2021\/07\/IMG_7684-2048x1536.jpg 2048w, https:\/\/www.neuperlach.org\/blog\/wp-content\/uploads\/2021\/07\/IMG_7684-1200x900.jpg 1200w, https:\/\/www.neuperlach.org\/blog\/wp-content\/uploads\/2021\/07\/IMG_7684-1980x1485.jpg 1980w\" sizes=\"auto, (max-width: 580px) 100vw, 580px\" \/><\/a><figcaption id=\"caption-attachment-18152\" class=\"wp-caption-text\">Perlach Plaza (15.07.2021) \u00a9 Thomas Irlbeck<\/figcaption><\/figure>\n<figure id=\"attachment_18154\" aria-describedby=\"caption-attachment-18154\" style=\"width: 580px\" class=\"wp-caption alignnone\"><a href=\"https:\/\/www.neuperlach.org\/blog\/wp-content\/uploads\/2021\/07\/IMG_7674.jpg\"><img loading=\"lazy\" decoding=\"async\" class=\"size-large wp-image-18154\" src=\"https:\/\/www.neuperlach.org\/blog\/wp-content\/uploads\/2021\/07\/IMG_7674-1024x768.jpg\" alt=\"Perlach Plaza\" width=\"580\" height=\"435\" srcset=\"https:\/\/www.neuperlach.org\/blog\/wp-content\/uploads\/2021\/07\/IMG_7674-1024x768.jpg 1024w, https:\/\/www.neuperlach.org\/blog\/wp-content\/uploads\/2021\/07\/IMG_7674-300x225.jpg 300w, https:\/\/www.neuperlach.org\/blog\/wp-content\/uploads\/2021\/07\/IMG_7674-768x576.jpg 768w, https:\/\/www.neuperlach.org\/blog\/wp-content\/uploads\/2021\/07\/IMG_7674-1536x1152.jpg 1536w, https:\/\/www.neuperlach.org\/blog\/wp-content\/uploads\/2021\/07\/IMG_7674-2048x1536.jpg 2048w, https:\/\/www.neuperlach.org\/blog\/wp-content\/uploads\/2021\/07\/IMG_7674-1200x900.jpg 1200w, https:\/\/www.neuperlach.org\/blog\/wp-content\/uploads\/2021\/07\/IMG_7674-1980x1485.jpg 1980w\" sizes=\"auto, (max-width: 580px) 100vw, 580px\" \/><\/a><figcaption id=\"caption-attachment-18154\" class=\"wp-caption-text\">Perlach Plaza (15.07.2021) \u00a9 Thomas Irlbeck<\/figcaption><\/figure>\n<figure id=\"attachment_18231\" aria-describedby=\"caption-attachment-18231\" style=\"width: 580px\" class=\"wp-caption alignnone\"><a href=\"https:\/\/www.neuperlach.org\/blog\/wp-content\/uploads\/2021\/07\/IMG_7913.jpg\"><img loading=\"lazy\" decoding=\"async\" class=\"size-large wp-image-18231\" src=\"https:\/\/www.neuperlach.org\/blog\/wp-content\/uploads\/2021\/07\/IMG_7913-1024x761.jpg\" alt=\"Perlach Plaza\" width=\"580\" height=\"431\" srcset=\"https:\/\/www.neuperlach.org\/blog\/wp-content\/uploads\/2021\/07\/IMG_7913-1024x761.jpg 1024w, https:\/\/www.neuperlach.org\/blog\/wp-content\/uploads\/2021\/07\/IMG_7913-300x223.jpg 300w, https:\/\/www.neuperlach.org\/blog\/wp-content\/uploads\/2021\/07\/IMG_7913-768x570.jpg 768w, https:\/\/www.neuperlach.org\/blog\/wp-content\/uploads\/2021\/07\/IMG_7913-1536x1141.jpg 1536w, https:\/\/www.neuperlach.org\/blog\/wp-content\/uploads\/2021\/07\/IMG_7913-2048x1521.jpg 2048w, https:\/\/www.neuperlach.org\/blog\/wp-content\/uploads\/2021\/07\/IMG_7913-1200x891.jpg 1200w, https:\/\/www.neuperlach.org\/blog\/wp-content\/uploads\/2021\/07\/IMG_7913-1980x1471.jpg 1980w\" sizes=\"auto, (max-width: 580px) 100vw, 580px\" \/><\/a><figcaption id=\"caption-attachment-18231\" class=\"wp-caption-text\">Zur Orientierung: Rechts au\u00dferhalb des Bildes ist das pep und links der Busbahnhof (30.07.2021) \u00a9 Thomas Irlbeck<\/figcaption><\/figure>\n<h3>21.08.2021<\/h3>\n<figure id=\"attachment_18354\" aria-describedby=\"caption-attachment-18354\" style=\"width: 580px\" class=\"wp-caption alignnone\"><a href=\"https:\/\/www.neuperlach.org\/blog\/wp-content\/uploads\/2019\/04\/IMG_1209.jpg\"><img loading=\"lazy\" decoding=\"async\" class=\"size-large wp-image-18354\" src=\"https:\/\/www.neuperlach.org\/blog\/wp-content\/uploads\/2019\/04\/IMG_1209-1024x576.jpg\" alt=\"Perlach Plaza\" width=\"580\" height=\"326\" \/><\/a><figcaption id=\"caption-attachment-18354\" class=\"wp-caption-text\">Perlach Plaza (21.08.2021). Foto: Georg und Marcus Pantel<\/figcaption><\/figure>\n<figure id=\"attachment_18356\" aria-describedby=\"caption-attachment-18356\" style=\"width: 576px\" class=\"wp-caption alignnone\"><a href=\"https:\/\/www.neuperlach.org\/blog\/wp-content\/uploads\/2019\/04\/IMG_1208.jpg\"><img loading=\"lazy\" decoding=\"async\" class=\"size-large wp-image-18356\" src=\"https:\/\/www.neuperlach.org\/blog\/wp-content\/uploads\/2019\/04\/IMG_1208-576x1024.jpg\" alt=\"Perlach Plaza\" width=\"576\" height=\"1024\" srcset=\"https:\/\/www.neuperlach.org\/blog\/wp-content\/uploads\/2019\/04\/IMG_1208-576x1024.jpg 576w, https:\/\/www.neuperlach.org\/blog\/wp-content\/uploads\/2019\/04\/IMG_1208-169x300.jpg 169w, https:\/\/www.neuperlach.org\/blog\/wp-content\/uploads\/2019\/04\/IMG_1208-768x1366.jpg 768w, https:\/\/www.neuperlach.org\/blog\/wp-content\/uploads\/2019\/04\/IMG_1208-864x1536.jpg 864w, https:\/\/www.neuperlach.org\/blog\/wp-content\/uploads\/2019\/04\/IMG_1208-1152x2048.jpg 1152w, https:\/\/www.neuperlach.org\/blog\/wp-content\/uploads\/2019\/04\/IMG_1208-1200x2134.jpg 1200w, https:\/\/www.neuperlach.org\/blog\/wp-content\/uploads\/2019\/04\/IMG_1208.jpg 1406w\" sizes=\"auto, (max-width: 576px) 100vw, 576px\" \/><\/a><figcaption id=\"caption-attachment-18356\" class=\"wp-caption-text\">Perlach Plaza (21.08.2021). Foto: Georg und Marcus Pantel<\/figcaption><\/figure>\n<figure id=\"attachment_18353\" aria-describedby=\"caption-attachment-18353\" style=\"width: 580px\" class=\"wp-caption alignnone\"><a href=\"https:\/\/www.neuperlach.org\/blog\/wp-content\/uploads\/2019\/04\/IMG_1213.jpg\"><img loading=\"lazy\" decoding=\"async\" class=\"size-large wp-image-18353\" src=\"https:\/\/www.neuperlach.org\/blog\/wp-content\/uploads\/2019\/04\/IMG_1213-739x1024.jpg\" alt=\"Perlach Plaza\" width=\"580\" height=\"804\" srcset=\"https:\/\/www.neuperlach.org\/blog\/wp-content\/uploads\/2019\/04\/IMG_1213-739x1024.jpg 739w, https:\/\/www.neuperlach.org\/blog\/wp-content\/uploads\/2019\/04\/IMG_1213-216x300.jpg 216w, https:\/\/www.neuperlach.org\/blog\/wp-content\/uploads\/2019\/04\/IMG_1213-768x1064.jpg 768w, https:\/\/www.neuperlach.org\/blog\/wp-content\/uploads\/2019\/04\/IMG_1213-1108x1536.jpg 1108w, https:\/\/www.neuperlach.org\/blog\/wp-content\/uploads\/2019\/04\/IMG_1213-1478x2048.jpg 1478w, https:\/\/www.neuperlach.org\/blog\/wp-content\/uploads\/2019\/04\/IMG_1213-1200x1663.jpg 1200w, https:\/\/www.neuperlach.org\/blog\/wp-content\/uploads\/2019\/04\/IMG_1213.jpg 1804w\" sizes=\"auto, (max-width: 580px) 100vw, 580px\" \/><\/a><figcaption id=\"caption-attachment-18353\" class=\"wp-caption-text\">Perlach Plaza (21.08.2021). Foto: Georg und Marcus Pantel<\/figcaption><\/figure>\n<figure id=\"attachment_18352\" aria-describedby=\"caption-attachment-18352\" style=\"width: 576px\" class=\"wp-caption alignnone\"><a href=\"https:\/\/www.neuperlach.org\/blog\/wp-content\/uploads\/2019\/04\/IMG_1214.jpg\"><img loading=\"lazy\" decoding=\"async\" class=\"size-large wp-image-18352\" src=\"https:\/\/www.neuperlach.org\/blog\/wp-content\/uploads\/2019\/04\/IMG_1214-576x1024.jpg\" alt=\"Perlach Plaza\" width=\"576\" height=\"1024\" srcset=\"https:\/\/www.neuperlach.org\/blog\/wp-content\/uploads\/2019\/04\/IMG_1214-576x1024.jpg 576w, https:\/\/www.neuperlach.org\/blog\/wp-content\/uploads\/2019\/04\/IMG_1214-169x300.jpg 169w, https:\/\/www.neuperlach.org\/blog\/wp-content\/uploads\/2019\/04\/IMG_1214-768x1366.jpg 768w, https:\/\/www.neuperlach.org\/blog\/wp-content\/uploads\/2019\/04\/IMG_1214-864x1536.jpg 864w, https:\/\/www.neuperlach.org\/blog\/wp-content\/uploads\/2019\/04\/IMG_1214-1152x2048.jpg 1152w, https:\/\/www.neuperlach.org\/blog\/wp-content\/uploads\/2019\/04\/IMG_1214-1200x2134.jpg 1200w, https:\/\/www.neuperlach.org\/blog\/wp-content\/uploads\/2019\/04\/IMG_1214.jpg 1406w\" sizes=\"auto, (max-width: 576px) 100vw, 576px\" \/><\/a><figcaption id=\"caption-attachment-18352\" class=\"wp-caption-text\">Perlach Plaza (21.08.2021). Foto: Georg und Marcus Pantel<\/figcaption><\/figure>\n<figure id=\"attachment_18351\" aria-describedby=\"caption-attachment-18351\" style=\"width: 576px\" class=\"wp-caption alignnone\"><a href=\"https:\/\/www.neuperlach.org\/blog\/wp-content\/uploads\/2019\/04\/IMG_1215.jpg\"><img loading=\"lazy\" decoding=\"async\" class=\"size-large wp-image-18351\" src=\"https:\/\/www.neuperlach.org\/blog\/wp-content\/uploads\/2019\/04\/IMG_1215-576x1024.jpg\" alt=\"Perlach Plaza\" width=\"576\" height=\"1024\" srcset=\"https:\/\/www.neuperlach.org\/blog\/wp-content\/uploads\/2019\/04\/IMG_1215-576x1024.jpg 576w, https:\/\/www.neuperlach.org\/blog\/wp-content\/uploads\/2019\/04\/IMG_1215-169x300.jpg 169w, https:\/\/www.neuperlach.org\/blog\/wp-content\/uploads\/2019\/04\/IMG_1215-768x1366.jpg 768w, https:\/\/www.neuperlach.org\/blog\/wp-content\/uploads\/2019\/04\/IMG_1215-864x1536.jpg 864w, https:\/\/www.neuperlach.org\/blog\/wp-content\/uploads\/2019\/04\/IMG_1215-1152x2048.jpg 1152w, https:\/\/www.neuperlach.org\/blog\/wp-content\/uploads\/2019\/04\/IMG_1215-1200x2134.jpg 1200w, https:\/\/www.neuperlach.org\/blog\/wp-content\/uploads\/2019\/04\/IMG_1215.jpg 1406w\" sizes=\"auto, (max-width: 576px) 100vw, 576px\" \/><\/a><figcaption id=\"caption-attachment-18351\" class=\"wp-caption-text\">Perlach Plaza (21.08.2021). Foto: Georg und Marcus Pantel<\/figcaption><\/figure>\n<h3>06.11.2021<\/h3>\n<figure id=\"attachment_18642\" aria-describedby=\"caption-attachment-18642\" style=\"width: 580px\" class=\"wp-caption alignnone\"><a href=\"https:\/\/www.neuperlach.org\/blog\/wp-content\/uploads\/2019\/04\/IMG_1595.jpg\"><img loading=\"lazy\" decoding=\"async\" class=\"size-large wp-image-18642\" src=\"https:\/\/www.neuperlach.org\/blog\/wp-content\/uploads\/2019\/04\/IMG_1595-1024x768.jpg\" alt=\"Perlach Plaza\" width=\"580\" height=\"435\" srcset=\"https:\/\/www.neuperlach.org\/blog\/wp-content\/uploads\/2019\/04\/IMG_1595-1024x768.jpg 1024w, https:\/\/www.neuperlach.org\/blog\/wp-content\/uploads\/2019\/04\/IMG_1595-300x225.jpg 300w, https:\/\/www.neuperlach.org\/blog\/wp-content\/uploads\/2019\/04\/IMG_1595-768x576.jpg 768w, https:\/\/www.neuperlach.org\/blog\/wp-content\/uploads\/2019\/04\/IMG_1595-1536x1152.jpg 1536w, https:\/\/www.neuperlach.org\/blog\/wp-content\/uploads\/2019\/04\/IMG_1595-2048x1536.jpg 2048w, https:\/\/www.neuperlach.org\/blog\/wp-content\/uploads\/2019\/04\/IMG_1595-1200x900.jpg 1200w, https:\/\/www.neuperlach.org\/blog\/wp-content\/uploads\/2019\/04\/IMG_1595-1980x1485.jpg 1980w\" sizes=\"auto, (max-width: 580px) 100vw, 580px\" \/><\/a><figcaption id=\"caption-attachment-18642\" class=\"wp-caption-text\">Perlach Plaza (06.11.2021). Foto: Georg und Marcus Pantel<\/figcaption><\/figure>\n<figure id=\"attachment_18644\" aria-describedby=\"caption-attachment-18644\" style=\"width: 580px\" class=\"wp-caption alignnone\"><a href=\"https:\/\/www.neuperlach.org\/blog\/wp-content\/uploads\/2019\/04\/IMG_1588.jpg\"><img loading=\"lazy\" decoding=\"async\" class=\"size-large wp-image-18644\" src=\"https:\/\/www.neuperlach.org\/blog\/wp-content\/uploads\/2019\/04\/IMG_1588-1024x768.jpg\" alt=\"Perlach Plaza\" width=\"580\" height=\"435\" srcset=\"https:\/\/www.neuperlach.org\/blog\/wp-content\/uploads\/2019\/04\/IMG_1588-1024x768.jpg 1024w, https:\/\/www.neuperlach.org\/blog\/wp-content\/uploads\/2019\/04\/IMG_1588-300x225.jpg 300w, https:\/\/www.neuperlach.org\/blog\/wp-content\/uploads\/2019\/04\/IMG_1588-768x576.jpg 768w, https:\/\/www.neuperlach.org\/blog\/wp-content\/uploads\/2019\/04\/IMG_1588-1536x1152.jpg 1536w, https:\/\/www.neuperlach.org\/blog\/wp-content\/uploads\/2019\/04\/IMG_1588-2048x1536.jpg 2048w, https:\/\/www.neuperlach.org\/blog\/wp-content\/uploads\/2019\/04\/IMG_1588-1200x900.jpg 1200w, https:\/\/www.neuperlach.org\/blog\/wp-content\/uploads\/2019\/04\/IMG_1588-1980x1485.jpg 1980w\" sizes=\"auto, (max-width: 580px) 100vw, 580px\" \/><\/a><figcaption id=\"caption-attachment-18644\" class=\"wp-caption-text\">Perlach Plaza (06.11.2021). Foto: Georg und Marcus Pantel<\/figcaption><\/figure>\n<figure id=\"attachment_18648\" aria-describedby=\"caption-attachment-18648\" style=\"width: 580px\" class=\"wp-caption alignnone\"><a href=\"https:\/\/www.neuperlach.org\/blog\/wp-content\/uploads\/2019\/04\/IMG_1590.jpg\"><img loading=\"lazy\" decoding=\"async\" class=\"size-large wp-image-18648\" src=\"https:\/\/www.neuperlach.org\/blog\/wp-content\/uploads\/2019\/04\/IMG_1590-1024x768.jpg\" alt=\"Perlach Plaza\" width=\"580\" height=\"435\" srcset=\"https:\/\/www.neuperlach.org\/blog\/wp-content\/uploads\/2019\/04\/IMG_1590-1024x768.jpg 1024w, https:\/\/www.neuperlach.org\/blog\/wp-content\/uploads\/2019\/04\/IMG_1590-300x225.jpg 300w, https:\/\/www.neuperlach.org\/blog\/wp-content\/uploads\/2019\/04\/IMG_1590-768x576.jpg 768w, https:\/\/www.neuperlach.org\/blog\/wp-content\/uploads\/2019\/04\/IMG_1590-1536x1152.jpg 1536w, https:\/\/www.neuperlach.org\/blog\/wp-content\/uploads\/2019\/04\/IMG_1590-2048x1536.jpg 2048w, https:\/\/www.neuperlach.org\/blog\/wp-content\/uploads\/2019\/04\/IMG_1590-1200x900.jpg 1200w, https:\/\/www.neuperlach.org\/blog\/wp-content\/uploads\/2019\/04\/IMG_1590-1980x1485.jpg 1980w\" sizes=\"auto, (max-width: 580px) 100vw, 580px\" \/><\/a><figcaption id=\"caption-attachment-18648\" class=\"wp-caption-text\">Perlach Plaza (06.11.2021). Foto: Georg und Marcus Pantel<\/figcaption><\/figure>\n<figure id=\"attachment_18647\" aria-describedby=\"caption-attachment-18647\" style=\"width: 580px\" class=\"wp-caption alignnone\"><a href=\"https:\/\/www.neuperlach.org\/blog\/wp-content\/uploads\/2019\/04\/IMG_1592.jpg\"><img loading=\"lazy\" decoding=\"async\" class=\"size-large wp-image-18647\" src=\"https:\/\/www.neuperlach.org\/blog\/wp-content\/uploads\/2019\/04\/IMG_1592-1024x768.jpg\" alt=\"Perlach Plaza\" width=\"580\" height=\"435\" srcset=\"https:\/\/www.neuperlach.org\/blog\/wp-content\/uploads\/2019\/04\/IMG_1592-1024x768.jpg 1024w, https:\/\/www.neuperlach.org\/blog\/wp-content\/uploads\/2019\/04\/IMG_1592-300x225.jpg 300w, https:\/\/www.neuperlach.org\/blog\/wp-content\/uploads\/2019\/04\/IMG_1592-768x576.jpg 768w, https:\/\/www.neuperlach.org\/blog\/wp-content\/uploads\/2019\/04\/IMG_1592-1536x1152.jpg 1536w, https:\/\/www.neuperlach.org\/blog\/wp-content\/uploads\/2019\/04\/IMG_1592-2048x1536.jpg 2048w, https:\/\/www.neuperlach.org\/blog\/wp-content\/uploads\/2019\/04\/IMG_1592-1200x900.jpg 1200w, https:\/\/www.neuperlach.org\/blog\/wp-content\/uploads\/2019\/04\/IMG_1592-1980x1485.jpg 1980w\" sizes=\"auto, (max-width: 580px) 100vw, 580px\" \/><\/a><figcaption id=\"caption-attachment-18647\" class=\"wp-caption-text\">Perlach Plaza (06.11.2021). Foto: Georg und Marcus Pantel<\/figcaption><\/figure>\n<h3>08.03.2022<\/h3>\n<p>Das Ger\u00fcst wurde teilweise abgebaut, sodass die endg\u00fcltige Fassade immer mehr in Erscheinung tritt.<\/p>\n<figure id=\"attachment_18879\" aria-describedby=\"caption-attachment-18879\" style=\"width: 580px\" class=\"wp-caption alignnone\"><a href=\"https:\/\/www.neuperlach.org\/blog\/wp-content\/uploads\/2019\/04\/IMG_9906.jpg\"><img loading=\"lazy\" decoding=\"async\" class=\"size-large wp-image-18879\" src=\"https:\/\/www.neuperlach.org\/blog\/wp-content\/uploads\/2019\/04\/IMG_9906-1024x576.jpg\" alt=\"Perlach Plaza\" width=\"580\" height=\"326\" srcset=\"https:\/\/www.neuperlach.org\/blog\/wp-content\/uploads\/2019\/04\/IMG_9906-1024x576.jpg 1024w, https:\/\/www.neuperlach.org\/blog\/wp-content\/uploads\/2019\/04\/IMG_9906-300x169.jpg 300w, https:\/\/www.neuperlach.org\/blog\/wp-content\/uploads\/2019\/04\/IMG_9906-768x432.jpg 768w, https:\/\/www.neuperlach.org\/blog\/wp-content\/uploads\/2019\/04\/IMG_9906-1536x864.jpg 1536w, https:\/\/www.neuperlach.org\/blog\/wp-content\/uploads\/2019\/04\/IMG_9906-2048x1152.jpg 2048w, https:\/\/www.neuperlach.org\/blog\/wp-content\/uploads\/2019\/04\/IMG_9906-1200x675.jpg 1200w, https:\/\/www.neuperlach.org\/blog\/wp-content\/uploads\/2019\/04\/IMG_9906-1980x1114.jpg 1980w\" sizes=\"auto, (max-width: 580px) 100vw, 580px\" \/><\/a><figcaption id=\"caption-attachment-18879\" class=\"wp-caption-text\">Perlach Plaza (08.03.2022) \u00a9 Thomas Irlbeck<\/figcaption><\/figure>\n<figure id=\"attachment_18880\" aria-describedby=\"caption-attachment-18880\" style=\"width: 580px\" class=\"wp-caption alignnone\"><a href=\"https:\/\/www.neuperlach.org\/blog\/wp-content\/uploads\/2019\/04\/IMG_9913.jpg\"><img loading=\"lazy\" decoding=\"async\" class=\"size-large wp-image-18880\" src=\"https:\/\/www.neuperlach.org\/blog\/wp-content\/uploads\/2019\/04\/IMG_9913-1024x768.jpg\" alt=\"Perlach Plaza\" width=\"580\" height=\"435\" srcset=\"https:\/\/www.neuperlach.org\/blog\/wp-content\/uploads\/2019\/04\/IMG_9913-1024x768.jpg 1024w, https:\/\/www.neuperlach.org\/blog\/wp-content\/uploads\/2019\/04\/IMG_9913-300x225.jpg 300w, https:\/\/www.neuperlach.org\/blog\/wp-content\/uploads\/2019\/04\/IMG_9913-768x576.jpg 768w, https:\/\/www.neuperlach.org\/blog\/wp-content\/uploads\/2019\/04\/IMG_9913-1536x1152.jpg 1536w, https:\/\/www.neuperlach.org\/blog\/wp-content\/uploads\/2019\/04\/IMG_9913-2048x1536.jpg 2048w, https:\/\/www.neuperlach.org\/blog\/wp-content\/uploads\/2019\/04\/IMG_9913-1200x900.jpg 1200w, https:\/\/www.neuperlach.org\/blog\/wp-content\/uploads\/2019\/04\/IMG_9913-1980x1485.jpg 1980w\" sizes=\"auto, (max-width: 580px) 100vw, 580px\" \/><\/a><figcaption id=\"caption-attachment-18880\" class=\"wp-caption-text\">Perlach Plaza (08.03.2022) \u00a9 Thomas Irlbeck<\/figcaption><\/figure>\n<figure id=\"attachment_18881\" aria-describedby=\"caption-attachment-18881\" style=\"width: 580px\" class=\"wp-caption alignnone\"><a href=\"https:\/\/www.neuperlach.org\/blog\/wp-content\/uploads\/2019\/04\/IMG_9917.jpg\"><img loading=\"lazy\" decoding=\"async\" class=\"size-large wp-image-18881\" src=\"https:\/\/www.neuperlach.org\/blog\/wp-content\/uploads\/2019\/04\/IMG_9917-1024x791.jpg\" alt=\"Perlach Plaza\" width=\"580\" height=\"448\" srcset=\"https:\/\/www.neuperlach.org\/blog\/wp-content\/uploads\/2019\/04\/IMG_9917-1024x791.jpg 1024w, https:\/\/www.neuperlach.org\/blog\/wp-content\/uploads\/2019\/04\/IMG_9917-300x232.jpg 300w, https:\/\/www.neuperlach.org\/blog\/wp-content\/uploads\/2019\/04\/IMG_9917-768x593.jpg 768w, https:\/\/www.neuperlach.org\/blog\/wp-content\/uploads\/2019\/04\/IMG_9917-1536x1186.jpg 1536w, https:\/\/www.neuperlach.org\/blog\/wp-content\/uploads\/2019\/04\/IMG_9917-2048x1582.jpg 2048w, https:\/\/www.neuperlach.org\/blog\/wp-content\/uploads\/2019\/04\/IMG_9917-1200x927.jpg 1200w, https:\/\/www.neuperlach.org\/blog\/wp-content\/uploads\/2019\/04\/IMG_9917-1980x1529.jpg 1980w\" sizes=\"auto, (max-width: 580px) 100vw, 580px\" \/><\/a><figcaption id=\"caption-attachment-18881\" class=\"wp-caption-text\">Perlach Plaza (08.03.2022) \u00a9 Thomas Irlbeck<\/figcaption><\/figure>\n<h3>Fassadenreklame<\/h3>\n<p>Die erste Reklame ist schon dran. Ein Lidl kommt und das Restaurant L\u2019Osteria. Laut Eigenwerbung steht L\u2019Osteria f\u00fcr die &#8222;beste beste (sic!) Pizza, Pasta d\u2019amore und eine einzigartige Atmosph\u00e4re \u2013 ein unschlagbares Rezept&#8220;.<\/p>\n<figure id=\"attachment_19019\" aria-describedby=\"caption-attachment-19019\" style=\"width: 580px\" class=\"wp-caption alignnone\"><a href=\"https:\/\/www.neuperlach.org\/blog\/wp-content\/uploads\/2022\/04\/IMG_0629.jpg\"><img loading=\"lazy\" decoding=\"async\" class=\"size-large wp-image-19019\" src=\"https:\/\/www.neuperlach.org\/blog\/wp-content\/uploads\/2022\/04\/IMG_0629-1024x576.jpg\" alt=\"Perlach Plaza\" width=\"580\" height=\"326\" srcset=\"https:\/\/www.neuperlach.org\/blog\/wp-content\/uploads\/2022\/04\/IMG_0629-1024x576.jpg 1024w, https:\/\/www.neuperlach.org\/blog\/wp-content\/uploads\/2022\/04\/IMG_0629-300x169.jpg 300w, https:\/\/www.neuperlach.org\/blog\/wp-content\/uploads\/2022\/04\/IMG_0629-768x432.jpg 768w, https:\/\/www.neuperlach.org\/blog\/wp-content\/uploads\/2022\/04\/IMG_0629-1536x864.jpg 1536w, https:\/\/www.neuperlach.org\/blog\/wp-content\/uploads\/2022\/04\/IMG_0629-2048x1152.jpg 2048w, https:\/\/www.neuperlach.org\/blog\/wp-content\/uploads\/2022\/04\/IMG_0629-1200x675.jpg 1200w, https:\/\/www.neuperlach.org\/blog\/wp-content\/uploads\/2022\/04\/IMG_0629-1980x1114.jpg 1980w\" sizes=\"auto, (max-width: 580px) 100vw, 580px\" \/><\/a><figcaption id=\"caption-attachment-19019\" class=\"wp-caption-text\">Perlach Plaza (27.04.2022) \u00a9 Thomas Irlbeck<\/figcaption><\/figure>\n<figure id=\"attachment_19020\" aria-describedby=\"caption-attachment-19020\" style=\"width: 580px\" class=\"wp-caption alignnone\"><a href=\"https:\/\/www.neuperlach.org\/blog\/wp-content\/uploads\/2022\/04\/IMG_0625.jpg\"><img loading=\"lazy\" decoding=\"async\" class=\"size-large wp-image-19020\" src=\"https:\/\/www.neuperlach.org\/blog\/wp-content\/uploads\/2022\/04\/IMG_0625-1024x576.jpg\" alt=\"Perlach Plaza\" width=\"580\" height=\"326\" srcset=\"https:\/\/www.neuperlach.org\/blog\/wp-content\/uploads\/2022\/04\/IMG_0625-1024x576.jpg 1024w, https:\/\/www.neuperlach.org\/blog\/wp-content\/uploads\/2022\/04\/IMG_0625-300x169.jpg 300w, https:\/\/www.neuperlach.org\/blog\/wp-content\/uploads\/2022\/04\/IMG_0625-768x432.jpg 768w, https:\/\/www.neuperlach.org\/blog\/wp-content\/uploads\/2022\/04\/IMG_0625-1536x864.jpg 1536w, https:\/\/www.neuperlach.org\/blog\/wp-content\/uploads\/2022\/04\/IMG_0625-2048x1152.jpg 2048w, https:\/\/www.neuperlach.org\/blog\/wp-content\/uploads\/2022\/04\/IMG_0625-1200x675.jpg 1200w, https:\/\/www.neuperlach.org\/blog\/wp-content\/uploads\/2022\/04\/IMG_0625-1980x1114.jpg 1980w\" sizes=\"auto, (max-width: 580px) 100vw, 580px\" \/><\/a><figcaption id=\"caption-attachment-19020\" class=\"wp-caption-text\">Perlach Plaza (27.04.2022) \u00a9 Thomas Irlbeck<\/figcaption><\/figure>\n<h3>22.05.2022<\/h3>\n<p>Es wurden weitere Bereiche f\u00fcr die allgemeine \u00d6ffentlichkeit freigegeben:<\/p>\n<figure id=\"attachment_19100\" aria-describedby=\"caption-attachment-19100\" style=\"width: 580px\" class=\"wp-caption alignnone\"><a href=\"https:\/\/www.neuperlach.org\/blog\/wp-content\/uploads\/2019\/04\/IMG_1310.jpg\"><img loading=\"lazy\" decoding=\"async\" class=\"size-large wp-image-19100\" src=\"https:\/\/www.neuperlach.org\/blog\/wp-content\/uploads\/2019\/04\/IMG_1310-1024x764.jpg\" alt=\"Perlach Plaza\" width=\"580\" height=\"433\" srcset=\"https:\/\/www.neuperlach.org\/blog\/wp-content\/uploads\/2019\/04\/IMG_1310-1024x764.jpg 1024w, https:\/\/www.neuperlach.org\/blog\/wp-content\/uploads\/2019\/04\/IMG_1310-300x224.jpg 300w, https:\/\/www.neuperlach.org\/blog\/wp-content\/uploads\/2019\/04\/IMG_1310-768x573.jpg 768w, https:\/\/www.neuperlach.org\/blog\/wp-content\/uploads\/2019\/04\/IMG_1310-1536x1147.jpg 1536w, https:\/\/www.neuperlach.org\/blog\/wp-content\/uploads\/2019\/04\/IMG_1310-2048x1529.jpg 2048w, https:\/\/www.neuperlach.org\/blog\/wp-content\/uploads\/2019\/04\/IMG_1310-1200x896.jpg 1200w, https:\/\/www.neuperlach.org\/blog\/wp-content\/uploads\/2019\/04\/IMG_1310-1980x1478.jpg 1980w\" sizes=\"auto, (max-width: 580px) 100vw, 580px\" \/><\/a><figcaption id=\"caption-attachment-19100\" class=\"wp-caption-text\">Perlach Plaza (22.05.2022) \u00a9 Thomas Irlbeck<\/figcaption><\/figure>\n<figure id=\"attachment_19101\" aria-describedby=\"caption-attachment-19101\" style=\"width: 580px\" class=\"wp-caption alignnone\"><a href=\"https:\/\/www.neuperlach.org\/blog\/wp-content\/uploads\/2019\/04\/IMG_1313.jpg\"><img loading=\"lazy\" decoding=\"async\" class=\"size-large wp-image-19101\" src=\"https:\/\/www.neuperlach.org\/blog\/wp-content\/uploads\/2019\/04\/IMG_1313-1024x768.jpg\" alt=\"Perlach Plaza\" width=\"580\" height=\"435\" srcset=\"https:\/\/www.neuperlach.org\/blog\/wp-content\/uploads\/2019\/04\/IMG_1313-1024x768.jpg 1024w, https:\/\/www.neuperlach.org\/blog\/wp-content\/uploads\/2019\/04\/IMG_1313-300x225.jpg 300w, https:\/\/www.neuperlach.org\/blog\/wp-content\/uploads\/2019\/04\/IMG_1313-768x576.jpg 768w, https:\/\/www.neuperlach.org\/blog\/wp-content\/uploads\/2019\/04\/IMG_1313-1536x1152.jpg 1536w, https:\/\/www.neuperlach.org\/blog\/wp-content\/uploads\/2019\/04\/IMG_1313-2048x1536.jpg 2048w, https:\/\/www.neuperlach.org\/blog\/wp-content\/uploads\/2019\/04\/IMG_1313-1200x900.jpg 1200w, https:\/\/www.neuperlach.org\/blog\/wp-content\/uploads\/2019\/04\/IMG_1313-1980x1485.jpg 1980w\" sizes=\"auto, (max-width: 580px) 100vw, 580px\" \/><\/a><figcaption id=\"caption-attachment-19101\" class=\"wp-caption-text\">Perlach Plaza (22.05.2022) \u00a9 Thomas Irlbeck<\/figcaption><\/figure>\n<figure id=\"attachment_19103\" aria-describedby=\"caption-attachment-19103\" style=\"width: 580px\" class=\"wp-caption alignnone\"><a href=\"https:\/\/www.neuperlach.org\/blog\/wp-content\/uploads\/2019\/04\/IMG_1317.jpg\"><img loading=\"lazy\" decoding=\"async\" class=\"size-large wp-image-19103\" src=\"https:\/\/www.neuperlach.org\/blog\/wp-content\/uploads\/2019\/04\/IMG_1317-1024x768.jpg\" alt=\"Perlach Plaza\" width=\"580\" height=\"435\" srcset=\"https:\/\/www.neuperlach.org\/blog\/wp-content\/uploads\/2019\/04\/IMG_1317-1024x768.jpg 1024w, https:\/\/www.neuperlach.org\/blog\/wp-content\/uploads\/2019\/04\/IMG_1317-300x225.jpg 300w, https:\/\/www.neuperlach.org\/blog\/wp-content\/uploads\/2019\/04\/IMG_1317-768x576.jpg 768w, https:\/\/www.neuperlach.org\/blog\/wp-content\/uploads\/2019\/04\/IMG_1317-1536x1152.jpg 1536w, https:\/\/www.neuperlach.org\/blog\/wp-content\/uploads\/2019\/04\/IMG_1317-2048x1536.jpg 2048w, https:\/\/www.neuperlach.org\/blog\/wp-content\/uploads\/2019\/04\/IMG_1317-1200x900.jpg 1200w, https:\/\/www.neuperlach.org\/blog\/wp-content\/uploads\/2019\/04\/IMG_1317-1980x1485.jpg 1980w\" sizes=\"auto, (max-width: 580px) 100vw, 580px\" \/><\/a><figcaption id=\"caption-attachment-19103\" class=\"wp-caption-text\">Perlach Plaza (22.05.2022) \u00a9 Thomas Irlbeck<\/figcaption><\/figure>\n<figure id=\"attachment_19102\" aria-describedby=\"caption-attachment-19102\" style=\"width: 580px\" class=\"wp-caption alignnone\"><a href=\"https:\/\/www.neuperlach.org\/blog\/wp-content\/uploads\/2019\/04\/IMG_1315.jpg\"><img loading=\"lazy\" decoding=\"async\" class=\"size-large wp-image-19102\" src=\"https:\/\/www.neuperlach.org\/blog\/wp-content\/uploads\/2019\/04\/IMG_1315-1024x768.jpg\" alt=\"Perlach Plaza\" width=\"580\" height=\"435\" srcset=\"https:\/\/www.neuperlach.org\/blog\/wp-content\/uploads\/2019\/04\/IMG_1315-1024x768.jpg 1024w, https:\/\/www.neuperlach.org\/blog\/wp-content\/uploads\/2019\/04\/IMG_1315-300x225.jpg 300w, https:\/\/www.neuperlach.org\/blog\/wp-content\/uploads\/2019\/04\/IMG_1315-768x576.jpg 768w, https:\/\/www.neuperlach.org\/blog\/wp-content\/uploads\/2019\/04\/IMG_1315-1536x1152.jpg 1536w, https:\/\/www.neuperlach.org\/blog\/wp-content\/uploads\/2019\/04\/IMG_1315-2048x1536.jpg 2048w, https:\/\/www.neuperlach.org\/blog\/wp-content\/uploads\/2019\/04\/IMG_1315-1200x900.jpg 1200w, https:\/\/www.neuperlach.org\/blog\/wp-content\/uploads\/2019\/04\/IMG_1315-1980x1485.jpg 1980w\" sizes=\"auto, (max-width: 580px) 100vw, 580px\" \/><\/a><figcaption id=\"caption-attachment-19102\" class=\"wp-caption-text\">Perlach Plaza (22.05.2022) \u00a9 Thomas Irlbeck<\/figcaption><\/figure>\n<h3>Der doppelte Lidl (30.05.2022)<\/h3>\n<p>Inzwischen sind weitere Ladenlogos dazugekommen. Auff\u00e4llig ist ein zweites Lidl-Logo am anderen Ende des Geb\u00e4udes. Das erste Logo N\u00e4he U-Bahn wurde wie hier berichtet vor kurzem angebracht. Sehr wahrscheinlich ist eines der Logos nur Verkaufsf\u00f6rderung, damit niemand \u00fcbersieht, dass es hier einen Lidl gibt. Solche mehrfachen Schilder sind nichts Ungew\u00f6hnliches.<\/p>\n<figure id=\"attachment_19109\" aria-describedby=\"caption-attachment-19109\" style=\"width: 580px\" class=\"wp-caption alignnone\"><a href=\"https:\/\/www.neuperlach.org\/blog\/wp-content\/uploads\/2019\/04\/IMG_1661.jpg\"><img loading=\"lazy\" decoding=\"async\" class=\"size-large wp-image-19109\" src=\"https:\/\/www.neuperlach.org\/blog\/wp-content\/uploads\/2019\/04\/IMG_1661-1024x773.jpg\" alt=\"Perlach Plaza\" width=\"580\" height=\"438\" srcset=\"https:\/\/www.neuperlach.org\/blog\/wp-content\/uploads\/2019\/04\/IMG_1661-1024x773.jpg 1024w, https:\/\/www.neuperlach.org\/blog\/wp-content\/uploads\/2019\/04\/IMG_1661-300x226.jpg 300w, https:\/\/www.neuperlach.org\/blog\/wp-content\/uploads\/2019\/04\/IMG_1661-768x580.jpg 768w, https:\/\/www.neuperlach.org\/blog\/wp-content\/uploads\/2019\/04\/IMG_1661-1536x1159.jpg 1536w, https:\/\/www.neuperlach.org\/blog\/wp-content\/uploads\/2019\/04\/IMG_1661-2048x1546.jpg 2048w, https:\/\/www.neuperlach.org\/blog\/wp-content\/uploads\/2019\/04\/IMG_1661-1200x906.jpg 1200w, https:\/\/www.neuperlach.org\/blog\/wp-content\/uploads\/2019\/04\/IMG_1661-1980x1494.jpg 1980w\" sizes=\"auto, (max-width: 580px) 100vw, 580px\" \/><\/a><figcaption id=\"caption-attachment-19109\" class=\"wp-caption-text\">Perlach Plaza (30.05.2022) \u00a9 Thomas Irlbeck<\/figcaption><\/figure>\n<figure id=\"attachment_19112\" aria-describedby=\"caption-attachment-19112\" style=\"width: 580px\" class=\"wp-caption alignnone\"><a href=\"https:\/\/www.neuperlach.org\/blog\/wp-content\/uploads\/2019\/04\/IMG_1670.jpg\"><img loading=\"lazy\" decoding=\"async\" class=\"size-large wp-image-19112\" src=\"https:\/\/www.neuperlach.org\/blog\/wp-content\/uploads\/2019\/04\/IMG_1670-1024x576.jpg\" alt=\"Perlach Plaza\" width=\"580\" height=\"326\" srcset=\"https:\/\/www.neuperlach.org\/blog\/wp-content\/uploads\/2019\/04\/IMG_1670-1024x576.jpg 1024w, https:\/\/www.neuperlach.org\/blog\/wp-content\/uploads\/2019\/04\/IMG_1670-300x169.jpg 300w, https:\/\/www.neuperlach.org\/blog\/wp-content\/uploads\/2019\/04\/IMG_1670-768x432.jpg 768w, https:\/\/www.neuperlach.org\/blog\/wp-content\/uploads\/2019\/04\/IMG_1670-1536x864.jpg 1536w, https:\/\/www.neuperlach.org\/blog\/wp-content\/uploads\/2019\/04\/IMG_1670-2048x1152.jpg 2048w, https:\/\/www.neuperlach.org\/blog\/wp-content\/uploads\/2019\/04\/IMG_1670-1200x675.jpg 1200w, https:\/\/www.neuperlach.org\/blog\/wp-content\/uploads\/2019\/04\/IMG_1670-1980x1114.jpg 1980w\" sizes=\"auto, (max-width: 580px) 100vw, 580px\" \/><\/a><figcaption id=\"caption-attachment-19112\" class=\"wp-caption-text\">Perlach Plaza (30.05.2022) \u00a9 Thomas Irlbeck<\/figcaption><\/figure>\n<figure id=\"attachment_19111\" aria-describedby=\"caption-attachment-19111\" style=\"width: 580px\" class=\"wp-caption alignnone\"><a href=\"https:\/\/www.neuperlach.org\/blog\/wp-content\/uploads\/2019\/04\/IMG_1666.jpg\"><img loading=\"lazy\" decoding=\"async\" class=\"size-large wp-image-19111\" src=\"https:\/\/www.neuperlach.org\/blog\/wp-content\/uploads\/2019\/04\/IMG_1666-1024x768.jpg\" alt=\"Perlach Plaza\" width=\"580\" height=\"435\" srcset=\"https:\/\/www.neuperlach.org\/blog\/wp-content\/uploads\/2019\/04\/IMG_1666-1024x768.jpg 1024w, https:\/\/www.neuperlach.org\/blog\/wp-content\/uploads\/2019\/04\/IMG_1666-300x225.jpg 300w, https:\/\/www.neuperlach.org\/blog\/wp-content\/uploads\/2019\/04\/IMG_1666-768x576.jpg 768w, https:\/\/www.neuperlach.org\/blog\/wp-content\/uploads\/2019\/04\/IMG_1666-1536x1152.jpg 1536w, https:\/\/www.neuperlach.org\/blog\/wp-content\/uploads\/2019\/04\/IMG_1666-2048x1536.jpg 2048w, https:\/\/www.neuperlach.org\/blog\/wp-content\/uploads\/2019\/04\/IMG_1666-1200x900.jpg 1200w, https:\/\/www.neuperlach.org\/blog\/wp-content\/uploads\/2019\/04\/IMG_1666-1980x1485.jpg 1980w\" sizes=\"auto, (max-width: 580px) 100vw, 580px\" \/><\/a><figcaption id=\"caption-attachment-19111\" class=\"wp-caption-text\">Perlach Plaza (30.05.2022) \u00a9 Thomas Irlbeck<\/figcaption><\/figure>\n<figure id=\"attachment_19110\" aria-describedby=\"caption-attachment-19110\" style=\"width: 580px\" class=\"wp-caption alignnone\"><a href=\"https:\/\/www.neuperlach.org\/blog\/wp-content\/uploads\/2019\/04\/IMG_1661-Bearbeitet.jpg\"><img loading=\"lazy\" decoding=\"async\" class=\"size-large wp-image-19110\" src=\"https:\/\/www.neuperlach.org\/blog\/wp-content\/uploads\/2019\/04\/IMG_1661-Bearbeitet-1024x773.jpg\" alt=\"Perlach Plaza\" width=\"580\" height=\"438\" srcset=\"https:\/\/www.neuperlach.org\/blog\/wp-content\/uploads\/2019\/04\/IMG_1661-Bearbeitet-1024x773.jpg 1024w, https:\/\/www.neuperlach.org\/blog\/wp-content\/uploads\/2019\/04\/IMG_1661-Bearbeitet-300x226.jpg 300w, https:\/\/www.neuperlach.org\/blog\/wp-content\/uploads\/2019\/04\/IMG_1661-Bearbeitet-768x580.jpg 768w, https:\/\/www.neuperlach.org\/blog\/wp-content\/uploads\/2019\/04\/IMG_1661-Bearbeitet-1536x1159.jpg 1536w, https:\/\/www.neuperlach.org\/blog\/wp-content\/uploads\/2019\/04\/IMG_1661-Bearbeitet-2048x1546.jpg 2048w, https:\/\/www.neuperlach.org\/blog\/wp-content\/uploads\/2019\/04\/IMG_1661-Bearbeitet-1200x906.jpg 1200w, https:\/\/www.neuperlach.org\/blog\/wp-content\/uploads\/2019\/04\/IMG_1661-Bearbeitet-1980x1494.jpg 1980w\" sizes=\"auto, (max-width: 580px) 100vw, 580px\" \/><\/a><figcaption id=\"caption-attachment-19110\" class=\"wp-caption-text\">Perlach Plaza (30.05.2022) \u00a9 Thomas Irlbeck<\/figcaption><\/figure>\n<figure id=\"attachment_19113\" aria-describedby=\"caption-attachment-19113\" style=\"width: 580px\" class=\"wp-caption alignnone\"><a href=\"https:\/\/www.neuperlach.org\/blog\/wp-content\/uploads\/2019\/04\/IMG_1670-Bearbeitet.jpg\"><img loading=\"lazy\" decoding=\"async\" class=\"size-large wp-image-19113\" src=\"https:\/\/www.neuperlach.org\/blog\/wp-content\/uploads\/2019\/04\/IMG_1670-Bearbeitet-1024x576.jpg\" alt=\"Perlach Plaza\" width=\"580\" height=\"326\" srcset=\"https:\/\/www.neuperlach.org\/blog\/wp-content\/uploads\/2019\/04\/IMG_1670-Bearbeitet-1024x576.jpg 1024w, https:\/\/www.neuperlach.org\/blog\/wp-content\/uploads\/2019\/04\/IMG_1670-Bearbeitet-300x169.jpg 300w, https:\/\/www.neuperlach.org\/blog\/wp-content\/uploads\/2019\/04\/IMG_1670-Bearbeitet-768x432.jpg 768w, https:\/\/www.neuperlach.org\/blog\/wp-content\/uploads\/2019\/04\/IMG_1670-Bearbeitet-1536x864.jpg 1536w, https:\/\/www.neuperlach.org\/blog\/wp-content\/uploads\/2019\/04\/IMG_1670-Bearbeitet-2048x1152.jpg 2048w, https:\/\/www.neuperlach.org\/blog\/wp-content\/uploads\/2019\/04\/IMG_1670-Bearbeitet-1200x675.jpg 1200w, https:\/\/www.neuperlach.org\/blog\/wp-content\/uploads\/2019\/04\/IMG_1670-Bearbeitet-1980x1114.jpg 1980w\" sizes=\"auto, (max-width: 580px) 100vw, 580px\" \/><\/a><figcaption id=\"caption-attachment-19113\" class=\"wp-caption-text\">Perlach Plaza (30.05.2022) \u00a9 Thomas Irlbeck<\/figcaption><\/figure>\n<h3>Ladenlogos: Noch mal alles neu! (14.06.2022)<\/h3>\n<p>Die Ladenlogos (Lidl etc.) in den B\u00f6gen (wir berichteten) sind verschwunden. Stattdessen wurden zwei \u00fcberdimensionale Plakate angebracht, aus denen 12 der geplanten L\u00e4den hervorgehen.<\/p>\n<figure id=\"attachment_19169\" aria-describedby=\"caption-attachment-19169\" style=\"width: 580px\" class=\"wp-caption alignnone\"><a href=\"https:\/\/www.neuperlach.org\/blog\/wp-content\/uploads\/2019\/04\/IMG_2196.jpg\"><img loading=\"lazy\" decoding=\"async\" class=\"size-large wp-image-19169\" src=\"https:\/\/www.neuperlach.org\/blog\/wp-content\/uploads\/2019\/04\/IMG_2196-1024x768.jpg\" alt=\"Perlach Plaza\" width=\"580\" height=\"435\" srcset=\"https:\/\/www.neuperlach.org\/blog\/wp-content\/uploads\/2019\/04\/IMG_2196-1024x768.jpg 1024w, https:\/\/www.neuperlach.org\/blog\/wp-content\/uploads\/2019\/04\/IMG_2196-300x225.jpg 300w, https:\/\/www.neuperlach.org\/blog\/wp-content\/uploads\/2019\/04\/IMG_2196-768x576.jpg 768w, https:\/\/www.neuperlach.org\/blog\/wp-content\/uploads\/2019\/04\/IMG_2196-1536x1152.jpg 1536w, https:\/\/www.neuperlach.org\/blog\/wp-content\/uploads\/2019\/04\/IMG_2196-2048x1536.jpg 2048w, https:\/\/www.neuperlach.org\/blog\/wp-content\/uploads\/2019\/04\/IMG_2196-1200x900.jpg 1200w, https:\/\/www.neuperlach.org\/blog\/wp-content\/uploads\/2019\/04\/IMG_2196-1980x1485.jpg 1980w\" sizes=\"auto, (max-width: 580px) 100vw, 580px\" \/><\/a><figcaption id=\"caption-attachment-19169\" class=\"wp-caption-text\">Perlach Plaza (14.06.2022) \u00a9 Thomas Irlbeck<\/figcaption><\/figure>\n<figure id=\"attachment_19167\" aria-describedby=\"caption-attachment-19167\" style=\"width: 580px\" class=\"wp-caption alignnone\"><a href=\"https:\/\/www.neuperlach.org\/blog\/wp-content\/uploads\/2019\/04\/IMG_2186.jpg\"><img loading=\"lazy\" decoding=\"async\" class=\"size-large wp-image-19167\" src=\"https:\/\/www.neuperlach.org\/blog\/wp-content\/uploads\/2019\/04\/IMG_2186-1024x640.jpg\" alt=\"Perlach Plaza\" width=\"580\" height=\"363\" srcset=\"https:\/\/www.neuperlach.org\/blog\/wp-content\/uploads\/2019\/04\/IMG_2186-1024x640.jpg 1024w, https:\/\/www.neuperlach.org\/blog\/wp-content\/uploads\/2019\/04\/IMG_2186-300x188.jpg 300w, https:\/\/www.neuperlach.org\/blog\/wp-content\/uploads\/2019\/04\/IMG_2186-768x480.jpg 768w, https:\/\/www.neuperlach.org\/blog\/wp-content\/uploads\/2019\/04\/IMG_2186-1536x960.jpg 1536w, https:\/\/www.neuperlach.org\/blog\/wp-content\/uploads\/2019\/04\/IMG_2186-2048x1280.jpg 2048w, https:\/\/www.neuperlach.org\/blog\/wp-content\/uploads\/2019\/04\/IMG_2186-1200x750.jpg 1200w, https:\/\/www.neuperlach.org\/blog\/wp-content\/uploads\/2019\/04\/IMG_2186-1980x1238.jpg 1980w\" sizes=\"auto, (max-width: 580px) 100vw, 580px\" \/><\/a><figcaption id=\"caption-attachment-19167\" class=\"wp-caption-text\">Perlach Plaza (14.06.2022) \u00a9 Thomas Irlbeck<\/figcaption><\/figure>\n<figure id=\"attachment_19168\" aria-describedby=\"caption-attachment-19168\" style=\"width: 580px\" class=\"wp-caption alignnone\"><a href=\"https:\/\/www.neuperlach.org\/blog\/wp-content\/uploads\/2019\/04\/IMG_2191.jpg\"><img loading=\"lazy\" decoding=\"async\" class=\"size-large wp-image-19168\" src=\"https:\/\/www.neuperlach.org\/blog\/wp-content\/uploads\/2019\/04\/IMG_2191-1024x768.jpg\" alt=\"Perlach Plaza\" width=\"580\" height=\"435\" srcset=\"https:\/\/www.neuperlach.org\/blog\/wp-content\/uploads\/2019\/04\/IMG_2191-1024x768.jpg 1024w, https:\/\/www.neuperlach.org\/blog\/wp-content\/uploads\/2019\/04\/IMG_2191-300x225.jpg 300w, https:\/\/www.neuperlach.org\/blog\/wp-content\/uploads\/2019\/04\/IMG_2191-768x576.jpg 768w, https:\/\/www.neuperlach.org\/blog\/wp-content\/uploads\/2019\/04\/IMG_2191-1536x1152.jpg 1536w, https:\/\/www.neuperlach.org\/blog\/wp-content\/uploads\/2019\/04\/IMG_2191-2048x1536.jpg 2048w, https:\/\/www.neuperlach.org\/blog\/wp-content\/uploads\/2019\/04\/IMG_2191-1200x900.jpg 1200w, https:\/\/www.neuperlach.org\/blog\/wp-content\/uploads\/2019\/04\/IMG_2191-1980x1485.jpg 1980w\" sizes=\"auto, (max-width: 580px) 100vw, 580px\" \/><\/a><figcaption id=\"caption-attachment-19168\" class=\"wp-caption-text\">Perlach Plaza (14.06.2022) \u00a9 Thomas Irlbeck<\/figcaption><\/figure>\n<figure id=\"attachment_19170\" aria-describedby=\"caption-attachment-19170\" style=\"width: 580px\" class=\"wp-caption alignnone\"><a href=\"https:\/\/www.neuperlach.org\/blog\/wp-content\/uploads\/2019\/04\/IMG_2202.jpg\"><img loading=\"lazy\" decoding=\"async\" class=\"size-large wp-image-19170\" src=\"https:\/\/www.neuperlach.org\/blog\/wp-content\/uploads\/2019\/04\/IMG_2202-1024x768.jpg\" alt=\"Perlach Plaza\" width=\"580\" height=\"435\" srcset=\"https:\/\/www.neuperlach.org\/blog\/wp-content\/uploads\/2019\/04\/IMG_2202-1024x768.jpg 1024w, https:\/\/www.neuperlach.org\/blog\/wp-content\/uploads\/2019\/04\/IMG_2202-300x225.jpg 300w, https:\/\/www.neuperlach.org\/blog\/wp-content\/uploads\/2019\/04\/IMG_2202-768x576.jpg 768w, https:\/\/www.neuperlach.org\/blog\/wp-content\/uploads\/2019\/04\/IMG_2202-1536x1152.jpg 1536w, https:\/\/www.neuperlach.org\/blog\/wp-content\/uploads\/2019\/04\/IMG_2202-2048x1536.jpg 2048w, https:\/\/www.neuperlach.org\/blog\/wp-content\/uploads\/2019\/04\/IMG_2202-1200x900.jpg 1200w, https:\/\/www.neuperlach.org\/blog\/wp-content\/uploads\/2019\/04\/IMG_2202-1980x1485.jpg 1980w\" sizes=\"auto, (max-width: 580px) 100vw, 580px\" \/><\/a><figcaption id=\"caption-attachment-19170\" class=\"wp-caption-text\">Perlach Plaza (14.06.2022) \u00a9 Thomas Irlbeck<\/figcaption><\/figure>\n<h3>12.09.2022<\/h3>\n<p>Ank\u00fcndigung: Lidl und Tegut er\u00f6ffnen am 13.10.2022.<\/p>\n<figure id=\"attachment_19350\" aria-describedby=\"caption-attachment-19350\" style=\"width: 580px\" class=\"wp-caption alignnone\"><a href=\"https:\/\/www.neuperlach.org\/blog\/wp-content\/uploads\/2019\/04\/IMG_3703-Bearbeitet.jpg\"><img loading=\"lazy\" decoding=\"async\" class=\"size-large wp-image-19350\" src=\"https:\/\/www.neuperlach.org\/blog\/wp-content\/uploads\/2019\/04\/IMG_3703-Bearbeitet-1024x576.jpg\" alt=\"Perlach Plaza\" width=\"580\" height=\"326\" srcset=\"https:\/\/www.neuperlach.org\/blog\/wp-content\/uploads\/2019\/04\/IMG_3703-Bearbeitet-1024x576.jpg 1024w, https:\/\/www.neuperlach.org\/blog\/wp-content\/uploads\/2019\/04\/IMG_3703-Bearbeitet-300x169.jpg 300w, https:\/\/www.neuperlach.org\/blog\/wp-content\/uploads\/2019\/04\/IMG_3703-Bearbeitet-768x432.jpg 768w, https:\/\/www.neuperlach.org\/blog\/wp-content\/uploads\/2019\/04\/IMG_3703-Bearbeitet-1536x864.jpg 1536w, https:\/\/www.neuperlach.org\/blog\/wp-content\/uploads\/2019\/04\/IMG_3703-Bearbeitet-2048x1152.jpg 2048w, https:\/\/www.neuperlach.org\/blog\/wp-content\/uploads\/2019\/04\/IMG_3703-Bearbeitet-1200x675.jpg 1200w, https:\/\/www.neuperlach.org\/blog\/wp-content\/uploads\/2019\/04\/IMG_3703-Bearbeitet-1980x1114.jpg 1980w\" sizes=\"auto, (max-width: 580px) 100vw, 580px\" \/><\/a><figcaption id=\"caption-attachment-19350\" class=\"wp-caption-text\">Perlach Plaza (12.09.2022) \u00a9 Thomas Irlbeck<\/figcaption><\/figure>\n<figure id=\"attachment_19353\" aria-describedby=\"caption-attachment-19353\" style=\"width: 580px\" class=\"wp-caption alignnone\"><a href=\"https:\/\/www.neuperlach.org\/blog\/wp-content\/uploads\/2019\/04\/IMG_3714.jpg\"><img loading=\"lazy\" decoding=\"async\" class=\"size-large wp-image-19353\" src=\"https:\/\/www.neuperlach.org\/blog\/wp-content\/uploads\/2019\/04\/IMG_3714-1024x768.jpg\" alt=\"Perlach Plaza\" width=\"580\" height=\"435\" srcset=\"https:\/\/www.neuperlach.org\/blog\/wp-content\/uploads\/2019\/04\/IMG_3714-1024x768.jpg 1024w, https:\/\/www.neuperlach.org\/blog\/wp-content\/uploads\/2019\/04\/IMG_3714-300x225.jpg 300w, https:\/\/www.neuperlach.org\/blog\/wp-content\/uploads\/2019\/04\/IMG_3714-768x576.jpg 768w, https:\/\/www.neuperlach.org\/blog\/wp-content\/uploads\/2019\/04\/IMG_3714-1536x1152.jpg 1536w, https:\/\/www.neuperlach.org\/blog\/wp-content\/uploads\/2019\/04\/IMG_3714-2048x1536.jpg 2048w, https:\/\/www.neuperlach.org\/blog\/wp-content\/uploads\/2019\/04\/IMG_3714-1200x900.jpg 1200w, https:\/\/www.neuperlach.org\/blog\/wp-content\/uploads\/2019\/04\/IMG_3714-1980x1485.jpg 1980w\" sizes=\"auto, (max-width: 580px) 100vw, 580px\" \/><\/a><figcaption id=\"caption-attachment-19353\" class=\"wp-caption-text\">Perlach Plaza (12.09.2022) \u00a9 Thomas Irlbeck<\/figcaption><\/figure>\n<figure id=\"attachment_19352\" aria-describedby=\"caption-attachment-19352\" style=\"width: 580px\" class=\"wp-caption alignnone\"><a href=\"https:\/\/www.neuperlach.org\/blog\/wp-content\/uploads\/2019\/04\/IMG_3713.jpg\"><img loading=\"lazy\" decoding=\"async\" class=\"size-large wp-image-19352\" src=\"https:\/\/www.neuperlach.org\/blog\/wp-content\/uploads\/2019\/04\/IMG_3713-1024x768.jpg\" alt=\"Perlach Plaza\" width=\"580\" height=\"435\" srcset=\"https:\/\/www.neuperlach.org\/blog\/wp-content\/uploads\/2019\/04\/IMG_3713-1024x768.jpg 1024w, https:\/\/www.neuperlach.org\/blog\/wp-content\/uploads\/2019\/04\/IMG_3713-300x225.jpg 300w, https:\/\/www.neuperlach.org\/blog\/wp-content\/uploads\/2019\/04\/IMG_3713-768x576.jpg 768w, https:\/\/www.neuperlach.org\/blog\/wp-content\/uploads\/2019\/04\/IMG_3713-1536x1152.jpg 1536w, https:\/\/www.neuperlach.org\/blog\/wp-content\/uploads\/2019\/04\/IMG_3713-2048x1536.jpg 2048w, https:\/\/www.neuperlach.org\/blog\/wp-content\/uploads\/2019\/04\/IMG_3713-1200x900.jpg 1200w, https:\/\/www.neuperlach.org\/blog\/wp-content\/uploads\/2019\/04\/IMG_3713-1980x1485.jpg 1980w\" sizes=\"auto, (max-width: 580px) 100vw, 580px\" \/><\/a><figcaption id=\"caption-attachment-19352\" class=\"wp-caption-text\">Perlach Plaza (12.09.2022) \u00a9 Thomas Irlbeck<\/figcaption><\/figure>\n<figure id=\"attachment_19351\" aria-describedby=\"caption-attachment-19351\" style=\"width: 580px\" class=\"wp-caption alignnone\"><a href=\"https:\/\/www.neuperlach.org\/blog\/wp-content\/uploads\/2019\/04\/IMG_3705.jpg\"><img loading=\"lazy\" decoding=\"async\" class=\"size-large wp-image-19351\" src=\"https:\/\/www.neuperlach.org\/blog\/wp-content\/uploads\/2019\/04\/IMG_3705-1024x768.jpg\" alt=\"Perlach Plaza\" width=\"580\" height=\"435\" srcset=\"https:\/\/www.neuperlach.org\/blog\/wp-content\/uploads\/2019\/04\/IMG_3705-1024x768.jpg 1024w, https:\/\/www.neuperlach.org\/blog\/wp-content\/uploads\/2019\/04\/IMG_3705-300x225.jpg 300w, https:\/\/www.neuperlach.org\/blog\/wp-content\/uploads\/2019\/04\/IMG_3705-768x576.jpg 768w, https:\/\/www.neuperlach.org\/blog\/wp-content\/uploads\/2019\/04\/IMG_3705-1536x1152.jpg 1536w, https:\/\/www.neuperlach.org\/blog\/wp-content\/uploads\/2019\/04\/IMG_3705-2048x1536.jpg 2048w, https:\/\/www.neuperlach.org\/blog\/wp-content\/uploads\/2019\/04\/IMG_3705-1200x900.jpg 1200w, https:\/\/www.neuperlach.org\/blog\/wp-content\/uploads\/2019\/04\/IMG_3705-1980x1485.jpg 1980w\" sizes=\"auto, (max-width: 580px) 100vw, 580px\" \/><\/a><figcaption id=\"caption-attachment-19351\" class=\"wp-caption-text\">Perlach Plaza (12.09.2022) \u00a9 Thomas Irlbeck<\/figcaption><\/figure>\n<figure id=\"attachment_19349\" aria-describedby=\"caption-attachment-19349\" style=\"width: 580px\" class=\"wp-caption alignnone\"><a href=\"https:\/\/www.neuperlach.org\/blog\/wp-content\/uploads\/2019\/04\/IMG_3701.jpg\"><img loading=\"lazy\" decoding=\"async\" class=\"size-large wp-image-19349\" src=\"https:\/\/www.neuperlach.org\/blog\/wp-content\/uploads\/2019\/04\/IMG_3701-1024x768.jpg\" alt=\"Perlach Plaza\" width=\"580\" height=\"435\" srcset=\"https:\/\/www.neuperlach.org\/blog\/wp-content\/uploads\/2019\/04\/IMG_3701-1024x768.jpg 1024w, https:\/\/www.neuperlach.org\/blog\/wp-content\/uploads\/2019\/04\/IMG_3701-300x225.jpg 300w, https:\/\/www.neuperlach.org\/blog\/wp-content\/uploads\/2019\/04\/IMG_3701-768x576.jpg 768w, https:\/\/www.neuperlach.org\/blog\/wp-content\/uploads\/2019\/04\/IMG_3701-1536x1152.jpg 1536w, https:\/\/www.neuperlach.org\/blog\/wp-content\/uploads\/2019\/04\/IMG_3701-2048x1536.jpg 2048w, https:\/\/www.neuperlach.org\/blog\/wp-content\/uploads\/2019\/04\/IMG_3701-1200x900.jpg 1200w, https:\/\/www.neuperlach.org\/blog\/wp-content\/uploads\/2019\/04\/IMG_3701-1980x1485.jpg 1980w\" sizes=\"auto, (max-width: 580px) 100vw, 580px\" \/><\/a><figcaption id=\"caption-attachment-19349\" class=\"wp-caption-text\">Perlach Plaza (12.09.2022) \u00a9 Thomas Irlbeck<\/figcaption><\/figure>\n<figure id=\"attachment_19345\" aria-describedby=\"caption-attachment-19345\" style=\"width: 580px\" class=\"wp-caption alignnone\"><a href=\"https:\/\/www.neuperlach.org\/blog\/wp-content\/uploads\/2019\/04\/IMG_3696.jpg\"><img loading=\"lazy\" decoding=\"async\" class=\"size-large wp-image-19345\" src=\"https:\/\/www.neuperlach.org\/blog\/wp-content\/uploads\/2019\/04\/IMG_3696-1024x768.jpg\" alt=\"Perlach Plaza\" width=\"580\" height=\"435\" srcset=\"https:\/\/www.neuperlach.org\/blog\/wp-content\/uploads\/2019\/04\/IMG_3696-1024x768.jpg 1024w, https:\/\/www.neuperlach.org\/blog\/wp-content\/uploads\/2019\/04\/IMG_3696-300x225.jpg 300w, https:\/\/www.neuperlach.org\/blog\/wp-content\/uploads\/2019\/04\/IMG_3696-768x576.jpg 768w, https:\/\/www.neuperlach.org\/blog\/wp-content\/uploads\/2019\/04\/IMG_3696-1536x1152.jpg 1536w, https:\/\/www.neuperlach.org\/blog\/wp-content\/uploads\/2019\/04\/IMG_3696-2048x1536.jpg 2048w, https:\/\/www.neuperlach.org\/blog\/wp-content\/uploads\/2019\/04\/IMG_3696-1200x900.jpg 1200w, https:\/\/www.neuperlach.org\/blog\/wp-content\/uploads\/2019\/04\/IMG_3696-1980x1485.jpg 1980w\" sizes=\"auto, (max-width: 580px) 100vw, 580px\" \/><\/a><figcaption id=\"caption-attachment-19345\" class=\"wp-caption-text\">Perlach Plaza (12.09.2022) \u00a9 Thomas Irlbeck<\/figcaption><\/figure>\n<figure id=\"attachment_19346\" aria-describedby=\"caption-attachment-19346\" style=\"width: 580px\" class=\"wp-caption alignnone\"><a href=\"https:\/\/www.neuperlach.org\/blog\/wp-content\/uploads\/2019\/04\/IMG_3697.jpg\"><img loading=\"lazy\" decoding=\"async\" class=\"size-large wp-image-19346\" src=\"https:\/\/www.neuperlach.org\/blog\/wp-content\/uploads\/2019\/04\/IMG_3697-1024x768.jpg\" alt=\"Perlach Plaza\" width=\"580\" height=\"435\" srcset=\"https:\/\/www.neuperlach.org\/blog\/wp-content\/uploads\/2019\/04\/IMG_3697-1024x768.jpg 1024w, https:\/\/www.neuperlach.org\/blog\/wp-content\/uploads\/2019\/04\/IMG_3697-300x225.jpg 300w, https:\/\/www.neuperlach.org\/blog\/wp-content\/uploads\/2019\/04\/IMG_3697-768x576.jpg 768w, https:\/\/www.neuperlach.org\/blog\/wp-content\/uploads\/2019\/04\/IMG_3697-1536x1152.jpg 1536w, https:\/\/www.neuperlach.org\/blog\/wp-content\/uploads\/2019\/04\/IMG_3697-2048x1536.jpg 2048w, https:\/\/www.neuperlach.org\/blog\/wp-content\/uploads\/2019\/04\/IMG_3697-1200x900.jpg 1200w, https:\/\/www.neuperlach.org\/blog\/wp-content\/uploads\/2019\/04\/IMG_3697-1980x1485.jpg 1980w\" sizes=\"auto, (max-width: 580px) 100vw, 580px\" \/><\/a><figcaption id=\"caption-attachment-19346\" class=\"wp-caption-text\">Perlach Plaza (12.09.2022) \u00a9 Thomas Irlbeck<\/figcaption><\/figure>\n<figure id=\"attachment_19348\" aria-describedby=\"caption-attachment-19348\" style=\"width: 580px\" class=\"wp-caption alignnone\"><a href=\"https:\/\/www.neuperlach.org\/blog\/wp-content\/uploads\/2019\/04\/IMG_3700.jpg\"><img loading=\"lazy\" decoding=\"async\" class=\"size-large wp-image-19348\" src=\"https:\/\/www.neuperlach.org\/blog\/wp-content\/uploads\/2019\/04\/IMG_3700-1024x768.jpg\" alt=\"Perlach Plaza\" width=\"580\" height=\"435\" srcset=\"https:\/\/www.neuperlach.org\/blog\/wp-content\/uploads\/2019\/04\/IMG_3700-1024x768.jpg 1024w, https:\/\/www.neuperlach.org\/blog\/wp-content\/uploads\/2019\/04\/IMG_3700-300x225.jpg 300w, https:\/\/www.neuperlach.org\/blog\/wp-content\/uploads\/2019\/04\/IMG_3700-768x576.jpg 768w, https:\/\/www.neuperlach.org\/blog\/wp-content\/uploads\/2019\/04\/IMG_3700-1536x1152.jpg 1536w, https:\/\/www.neuperlach.org\/blog\/wp-content\/uploads\/2019\/04\/IMG_3700-2048x1536.jpg 2048w, https:\/\/www.neuperlach.org\/blog\/wp-content\/uploads\/2019\/04\/IMG_3700-1200x900.jpg 1200w, https:\/\/www.neuperlach.org\/blog\/wp-content\/uploads\/2019\/04\/IMG_3700-1980x1485.jpg 1980w\" sizes=\"auto, (max-width: 580px) 100vw, 580px\" \/><\/a><figcaption id=\"caption-attachment-19348\" class=\"wp-caption-text\">Perlach Plaza (12.09.2022) \u00a9 Thomas Irlbeck<\/figcaption><\/figure>\n<figure id=\"attachment_19347\" aria-describedby=\"caption-attachment-19347\" style=\"width: 580px\" class=\"wp-caption alignnone\"><a href=\"https:\/\/www.neuperlach.org\/blog\/wp-content\/uploads\/2019\/04\/IMG_3699.jpg\"><img loading=\"lazy\" decoding=\"async\" class=\"size-large wp-image-19347\" src=\"https:\/\/www.neuperlach.org\/blog\/wp-content\/uploads\/2019\/04\/IMG_3699-1024x768.jpg\" alt=\"Perlach Plaza\" width=\"580\" height=\"435\" srcset=\"https:\/\/www.neuperlach.org\/blog\/wp-content\/uploads\/2019\/04\/IMG_3699-1024x768.jpg 1024w, https:\/\/www.neuperlach.org\/blog\/wp-content\/uploads\/2019\/04\/IMG_3699-300x225.jpg 300w, https:\/\/www.neuperlach.org\/blog\/wp-content\/uploads\/2019\/04\/IMG_3699-768x576.jpg 768w, https:\/\/www.neuperlach.org\/blog\/wp-content\/uploads\/2019\/04\/IMG_3699-1536x1152.jpg 1536w, https:\/\/www.neuperlach.org\/blog\/wp-content\/uploads\/2019\/04\/IMG_3699-2048x1536.jpg 2048w, https:\/\/www.neuperlach.org\/blog\/wp-content\/uploads\/2019\/04\/IMG_3699-1200x900.jpg 1200w, https:\/\/www.neuperlach.org\/blog\/wp-content\/uploads\/2019\/04\/IMG_3699-1980x1485.jpg 1980w\" sizes=\"auto, (max-width: 580px) 100vw, 580px\" \/><\/a><figcaption id=\"caption-attachment-19347\" class=\"wp-caption-text\">Perlach Plaza (12.09.2022) \u00a9 Thomas Irlbeck<\/figcaption><\/figure>\n<h3>L\u2019Osteria \u00f6ffnete am 7. Oktober<\/h3>\n<figure id=\"attachment_19389\" aria-describedby=\"caption-attachment-19389\" style=\"width: 580px\" class=\"wp-caption alignnone\"><a href=\"https:\/\/www.neuperlach.org\/blog\/wp-content\/uploads\/2022\/10\/IMG_3925.jpg\"><img loading=\"lazy\" decoding=\"async\" class=\"size-large wp-image-19389\" src=\"https:\/\/www.neuperlach.org\/blog\/wp-content\/uploads\/2022\/10\/IMG_3925-1024x768.jpg\" alt=\"Perlach Plaza \u2013 L\u2019Osteria\" width=\"580\" height=\"435\" srcset=\"https:\/\/www.neuperlach.org\/blog\/wp-content\/uploads\/2022\/10\/IMG_3925-1024x768.jpg 1024w, https:\/\/www.neuperlach.org\/blog\/wp-content\/uploads\/2022\/10\/IMG_3925-300x225.jpg 300w, https:\/\/www.neuperlach.org\/blog\/wp-content\/uploads\/2022\/10\/IMG_3925-768x576.jpg 768w, https:\/\/www.neuperlach.org\/blog\/wp-content\/uploads\/2022\/10\/IMG_3925-1536x1152.jpg 1536w, https:\/\/www.neuperlach.org\/blog\/wp-content\/uploads\/2022\/10\/IMG_3925-2048x1536.jpg 2048w, https:\/\/www.neuperlach.org\/blog\/wp-content\/uploads\/2022\/10\/IMG_3925-1200x900.jpg 1200w, https:\/\/www.neuperlach.org\/blog\/wp-content\/uploads\/2022\/10\/IMG_3925-1980x1485.jpg 1980w\" sizes=\"auto, (max-width: 580px) 100vw, 580px\" \/><\/a><figcaption id=\"caption-attachment-19389\" class=\"wp-caption-text\">Restaurant L\u2019Osteria vor der Er\u00f6ffnung. Es gab eine Er\u00f6ffnungsfeier am 6. Oktober, tags darauf war dann regul\u00e4r ge\u00f6ffnet (06.10.2022) \u00a9 Thomas Irlbeck<\/figcaption><\/figure>\n<h3>Kurz vor der Er\u00f6ffnung (10.10.2022)<\/h3>\n<figure id=\"attachment_19407\" aria-describedby=\"caption-attachment-19407\" style=\"width: 580px\" class=\"wp-caption alignnone\"><a href=\"https:\/\/www.neuperlach.org\/blog\/wp-content\/uploads\/2022\/10\/IMG_3939.jpg\"><img loading=\"lazy\" decoding=\"async\" class=\"wp-image-19407 size-large\" src=\"https:\/\/www.neuperlach.org\/blog\/wp-content\/uploads\/2022\/10\/IMG_3939-1024x813.jpg\" alt=\"Perlach Plaza\" width=\"580\" height=\"460\" srcset=\"https:\/\/www.neuperlach.org\/blog\/wp-content\/uploads\/2022\/10\/IMG_3939-1024x813.jpg 1024w, https:\/\/www.neuperlach.org\/blog\/wp-content\/uploads\/2022\/10\/IMG_3939-300x238.jpg 300w, https:\/\/www.neuperlach.org\/blog\/wp-content\/uploads\/2022\/10\/IMG_3939-768x610.jpg 768w, https:\/\/www.neuperlach.org\/blog\/wp-content\/uploads\/2022\/10\/IMG_3939-1536x1220.jpg 1536w, https:\/\/www.neuperlach.org\/blog\/wp-content\/uploads\/2022\/10\/IMG_3939-2048x1626.jpg 2048w, https:\/\/www.neuperlach.org\/blog\/wp-content\/uploads\/2022\/10\/IMG_3939-1200x953.jpg 1200w, https:\/\/www.neuperlach.org\/blog\/wp-content\/uploads\/2022\/10\/IMG_3939-1980x1572.jpg 1980w\" sizes=\"auto, (max-width: 580px) 100vw, 580px\" \/><\/a><figcaption id=\"caption-attachment-19407\" class=\"wp-caption-text\">Perlach Plaza. Die &#8222;M\u00fcller&#8220;-Reklame ist neu (10.10.2022) \u00a9 Thomas Irlbeck<\/figcaption><\/figure>\n<h3>Er\u00f6ffnung der ersten L\u00e4den (13.10.2022)<\/h3>\n<figure id=\"attachment_19412\" aria-describedby=\"caption-attachment-19412\" style=\"width: 580px\" class=\"wp-caption alignnone\"><a href=\"https:\/\/www.neuperlach.org\/blog\/wp-content\/uploads\/2022\/10\/IMG_20221013_165519.jpg\"><img loading=\"lazy\" decoding=\"async\" class=\"wp-image-19412 size-large\" src=\"https:\/\/www.neuperlach.org\/blog\/wp-content\/uploads\/2022\/10\/IMG_20221013_165519-1024x576.jpg\" alt=\"Perlach Plaza\" width=\"580\" height=\"326\" srcset=\"https:\/\/www.neuperlach.org\/blog\/wp-content\/uploads\/2022\/10\/IMG_20221013_165519-1024x576.jpg 1024w, https:\/\/www.neuperlach.org\/blog\/wp-content\/uploads\/2022\/10\/IMG_20221013_165519-300x169.jpg 300w, https:\/\/www.neuperlach.org\/blog\/wp-content\/uploads\/2022\/10\/IMG_20221013_165519-768x432.jpg 768w, https:\/\/www.neuperlach.org\/blog\/wp-content\/uploads\/2022\/10\/IMG_20221013_165519-1536x864.jpg 1536w, https:\/\/www.neuperlach.org\/blog\/wp-content\/uploads\/2022\/10\/IMG_20221013_165519-2048x1152.jpg 2048w, https:\/\/www.neuperlach.org\/blog\/wp-content\/uploads\/2022\/10\/IMG_20221013_165519-1200x675.jpg 1200w, https:\/\/www.neuperlach.org\/blog\/wp-content\/uploads\/2022\/10\/IMG_20221013_165519-1980x1114.jpg 1980w\" sizes=\"auto, (max-width: 580px) 100vw, 580px\" \/><\/a><figcaption id=\"caption-attachment-19412\" class=\"wp-caption-text\">Er\u00f6ffnung der Perlach Plaza (13.10.2022) \u00a9 Thomas Irlbeck<\/figcaption><\/figure>\n<p>Heute, 13.10.2022, war es so weit. Unser Neuperlach hat eine neue Attraktion. Die ersten drei L\u00e4den in der Perlach Plaza haben nun seit 7 Uhr ge\u00f6ffnet: Lidl, Tegut und die B\u00e4ckerei Wimmer (integriert im Tegut), alle im Untergeschoss. In Betrieb waren bereits das Hotel Ibis Styles und das Restaurant L\u2019Osteria. Am 18. Oktober kommt die Stadtsparkasse hinzu.<\/p>\n<p>Das Untergrundgeschoss macht noch einen sehr unfertigen Eindruck. Die restlichen L\u00e4den werden aber bereits eingerichtet.<\/p>\n<p>Der Zugang zu Tegut und Lidl erfolgt \u00fcber<\/p>\n<ul>\n<li>das U-Bahn-Sperrengeschoss,<\/li>\n<li>an der Oberfl\u00e4che am Perlach-Plaza-Eck mit der M\u00fcller-Reklame (N\u00e4he Fu\u00dfg\u00e4ngerampel, das hei\u00dft Verbindung pep\/Busbahnhof) befinden sich unweit davon Rolltreppen und ein Fahrstuhl ins Untergeschoss,<\/li>\n<li>einen Eingang weiter s\u00fcdlich an der Thomas-Dehler-Stra\u00dfe, dort wo die Lidl-Reklame h\u00e4ngt. Hier stehen eine Treppe und ein Fahrstuhl zur Verf\u00fcgung. Man gelangt hier auch in die Parkgarage, die noch ein Geschoss tiefer liegt als die Ladenpassage im Untergrund.<\/li>\n<li>Die Einfahrt zur Tiefgarage ist in der Von-Knoeringen-Stra\u00dfe.<\/li>\n<\/ul>\n<figure id=\"attachment_19410\" aria-describedby=\"caption-attachment-19410\" style=\"width: 580px\" class=\"wp-caption alignnone\"><a href=\"https:\/\/www.neuperlach.org\/blog\/wp-content\/uploads\/2022\/10\/IMG_20221013_164849.jpg\"><img loading=\"lazy\" decoding=\"async\" class=\"wp-image-19410 size-large\" src=\"https:\/\/www.neuperlach.org\/blog\/wp-content\/uploads\/2022\/10\/IMG_20221013_164849-1024x771.jpg\" alt=\"Perlach Plaza\" width=\"580\" height=\"437\" srcset=\"https:\/\/www.neuperlach.org\/blog\/wp-content\/uploads\/2022\/10\/IMG_20221013_164849-1024x771.jpg 1024w, https:\/\/www.neuperlach.org\/blog\/wp-content\/uploads\/2022\/10\/IMG_20221013_164849-300x226.jpg 300w, https:\/\/www.neuperlach.org\/blog\/wp-content\/uploads\/2022\/10\/IMG_20221013_164849-768x578.jpg 768w, https:\/\/www.neuperlach.org\/blog\/wp-content\/uploads\/2022\/10\/IMG_20221013_164849-1536x1157.jpg 1536w, https:\/\/www.neuperlach.org\/blog\/wp-content\/uploads\/2022\/10\/IMG_20221013_164849-2048x1542.jpg 2048w, https:\/\/www.neuperlach.org\/blog\/wp-content\/uploads\/2022\/10\/IMG_20221013_164849-1200x904.jpg 1200w, https:\/\/www.neuperlach.org\/blog\/wp-content\/uploads\/2022\/10\/IMG_20221013_164849-1980x1491.jpg 1980w\" sizes=\"auto, (max-width: 580px) 100vw, 580px\" \/><\/a><figcaption id=\"caption-attachment-19410\" class=\"wp-caption-text\">Perlach Plaza: Zugang per U-Bahn-Sperrengeschoss (liegt hinter dem Betrachter) (13.10.2022) \u00a9 Thomas Irlbeck<\/figcaption><\/figure>\n<figure id=\"attachment_19411\" aria-describedby=\"caption-attachment-19411\" style=\"width: 580px\" class=\"wp-caption alignnone\"><a href=\"https:\/\/www.neuperlach.org\/blog\/wp-content\/uploads\/2022\/10\/IMG_20221013_164905.jpg\"><img loading=\"lazy\" decoding=\"async\" class=\"wp-image-19411 size-large\" src=\"https:\/\/www.neuperlach.org\/blog\/wp-content\/uploads\/2022\/10\/IMG_20221013_164905-771x1024.jpg\" alt=\"Perlach Plaza\" width=\"580\" height=\"770\" srcset=\"https:\/\/www.neuperlach.org\/blog\/wp-content\/uploads\/2022\/10\/IMG_20221013_164905-771x1024.jpg 771w, https:\/\/www.neuperlach.org\/blog\/wp-content\/uploads\/2022\/10\/IMG_20221013_164905-226x300.jpg 226w, https:\/\/www.neuperlach.org\/blog\/wp-content\/uploads\/2022\/10\/IMG_20221013_164905-768x1020.jpg 768w, https:\/\/www.neuperlach.org\/blog\/wp-content\/uploads\/2022\/10\/IMG_20221013_164905-1157x1536.jpg 1157w, https:\/\/www.neuperlach.org\/blog\/wp-content\/uploads\/2022\/10\/IMG_20221013_164905-1542x2048.jpg 1542w, https:\/\/www.neuperlach.org\/blog\/wp-content\/uploads\/2022\/10\/IMG_20221013_164905-1200x1593.jpg 1200w, https:\/\/www.neuperlach.org\/blog\/wp-content\/uploads\/2022\/10\/IMG_20221013_164905.jpg 1928w\" sizes=\"auto, (max-width: 580px) 100vw, 580px\" \/><\/a><figcaption id=\"caption-attachment-19411\" class=\"wp-caption-text\">Perlach Plaza (13.10.2022) \u00a9 Thomas Irlbeck<\/figcaption><\/figure>\n<figure id=\"attachment_19414\" aria-describedby=\"caption-attachment-19414\" style=\"width: 580px\" class=\"wp-caption alignnone\"><a href=\"https:\/\/www.neuperlach.org\/blog\/wp-content\/uploads\/2022\/10\/IMG_20221013_165303.jpg\"><img loading=\"lazy\" decoding=\"async\" class=\"wp-image-19414 size-large\" src=\"https:\/\/www.neuperlach.org\/blog\/wp-content\/uploads\/2022\/10\/IMG_20221013_165303-1024x771.jpg\" alt=\"Perlach Plaza\" width=\"580\" height=\"437\" srcset=\"https:\/\/www.neuperlach.org\/blog\/wp-content\/uploads\/2022\/10\/IMG_20221013_165303-1024x771.jpg 1024w, https:\/\/www.neuperlach.org\/blog\/wp-content\/uploads\/2022\/10\/IMG_20221013_165303-300x226.jpg 300w, https:\/\/www.neuperlach.org\/blog\/wp-content\/uploads\/2022\/10\/IMG_20221013_165303-768x578.jpg 768w, https:\/\/www.neuperlach.org\/blog\/wp-content\/uploads\/2022\/10\/IMG_20221013_165303-1536x1157.jpg 1536w, https:\/\/www.neuperlach.org\/blog\/wp-content\/uploads\/2022\/10\/IMG_20221013_165303-2048x1542.jpg 2048w, https:\/\/www.neuperlach.org\/blog\/wp-content\/uploads\/2022\/10\/IMG_20221013_165303-1200x904.jpg 1200w, https:\/\/www.neuperlach.org\/blog\/wp-content\/uploads\/2022\/10\/IMG_20221013_165303-1980x1491.jpg 1980w\" sizes=\"auto, (max-width: 580px) 100vw, 580px\" \/><\/a><figcaption id=\"caption-attachment-19414\" class=\"wp-caption-text\">\u00dcber die hier offenstehende T\u00fcre: Zugang von der Thomas-Dehler-Stra\u00dfe aus (13.10.2022) \u00a9 Thomas Irlbeck<\/figcaption><\/figure>\n<figure id=\"attachment_19413\" aria-describedby=\"caption-attachment-19413\" style=\"width: 580px\" class=\"wp-caption alignnone\"><a href=\"https:\/\/www.neuperlach.org\/blog\/wp-content\/uploads\/2022\/10\/IMG_20221013_165646.jpg\"><img loading=\"lazy\" decoding=\"async\" class=\"wp-image-19413 size-large\" src=\"https:\/\/www.neuperlach.org\/blog\/wp-content\/uploads\/2022\/10\/IMG_20221013_165646-1024x771.jpg\" alt=\"Perlach Plaza\" width=\"580\" height=\"437\" srcset=\"https:\/\/www.neuperlach.org\/blog\/wp-content\/uploads\/2022\/10\/IMG_20221013_165646-1024x771.jpg 1024w, https:\/\/www.neuperlach.org\/blog\/wp-content\/uploads\/2022\/10\/IMG_20221013_165646-300x226.jpg 300w, https:\/\/www.neuperlach.org\/blog\/wp-content\/uploads\/2022\/10\/IMG_20221013_165646-768x578.jpg 768w, https:\/\/www.neuperlach.org\/blog\/wp-content\/uploads\/2022\/10\/IMG_20221013_165646-1536x1157.jpg 1536w, https:\/\/www.neuperlach.org\/blog\/wp-content\/uploads\/2022\/10\/IMG_20221013_165646-2048x1542.jpg 2048w, https:\/\/www.neuperlach.org\/blog\/wp-content\/uploads\/2022\/10\/IMG_20221013_165646-1200x904.jpg 1200w, https:\/\/www.neuperlach.org\/blog\/wp-content\/uploads\/2022\/10\/IMG_20221013_165646-1980x1491.jpg 1980w\" sizes=\"auto, (max-width: 580px) 100vw, 580px\" \/><\/a><figcaption id=\"caption-attachment-19413\" class=\"wp-caption-text\">Zugang vom Geb\u00e4udeeck aus (N\u00e4he Fu\u00dfg\u00e4ngerampel) (13.10.2022) \u00a9 Thomas Irlbeck<\/figcaption><\/figure>\n<h3>Er\u00f6ffnung der Stadtsparkasse (18.10.2022)<\/h3>\n<figure id=\"attachment_19419\" aria-describedby=\"caption-attachment-19419\" style=\"width: 580px\" class=\"wp-caption alignnone\"><a href=\"https:\/\/www.neuperlach.org\/blog\/wp-content\/uploads\/2022\/10\/IMG_20221018_142235.jpg\"><img loading=\"lazy\" decoding=\"async\" class=\"wp-image-19419 size-large\" src=\"https:\/\/www.neuperlach.org\/blog\/wp-content\/uploads\/2022\/10\/IMG_20221018_142235-1024x771.jpg\" alt=\"Perlach Plaza\" width=\"580\" height=\"437\" srcset=\"https:\/\/www.neuperlach.org\/blog\/wp-content\/uploads\/2022\/10\/IMG_20221018_142235-1024x771.jpg 1024w, https:\/\/www.neuperlach.org\/blog\/wp-content\/uploads\/2022\/10\/IMG_20221018_142235-300x226.jpg 300w, https:\/\/www.neuperlach.org\/blog\/wp-content\/uploads\/2022\/10\/IMG_20221018_142235-768x578.jpg 768w, https:\/\/www.neuperlach.org\/blog\/wp-content\/uploads\/2022\/10\/IMG_20221018_142235-1536x1157.jpg 1536w, https:\/\/www.neuperlach.org\/blog\/wp-content\/uploads\/2022\/10\/IMG_20221018_142235-2048x1542.jpg 2048w, https:\/\/www.neuperlach.org\/blog\/wp-content\/uploads\/2022\/10\/IMG_20221018_142235-1200x904.jpg 1200w, https:\/\/www.neuperlach.org\/blog\/wp-content\/uploads\/2022\/10\/IMG_20221018_142235-1980x1491.jpg 1980w\" sizes=\"auto, (max-width: 580px) 100vw, 580px\" \/><\/a><figcaption id=\"caption-attachment-19419\" class=\"wp-caption-text\">Perlach Plaza: Eine weitere Er\u00f6ffnung (18.10.2022) \u00a9 Thomas Irlbeck<\/figcaption><\/figure>\n<p>Am 18.10.2022 wurde die Stadtsparkasse er\u00f6ffnet. F\u00fcr die offizielle Er\u00f6ffnungsfeier der Perlach Plaza am darauffolgenden Tag wird eine B\u00fchne aufgebaut, wie ebenso auf dem Foto zu sehen ist.<\/p>\n<h3>Er\u00f6ffnung der Perlach Plaza (19.10.2022)<\/h3>\n<p>Am 19.10 wurde die Perlach Plaza mit einer kleinen Feier offiziell er\u00f6ffnet. Am gleichen Tag haben die B\u00e4ckerei M\u00fcller und Plana K\u00fcchenland ihren Betrieb aufgenommen.<\/p>\n<figure id=\"attachment_19420\" aria-describedby=\"caption-attachment-19420\" style=\"width: 580px\" class=\"wp-caption alignnone\"><a href=\"https:\/\/www.neuperlach.org\/blog\/wp-content\/uploads\/2022\/10\/IMG_20221019_132119.jpg\"><img loading=\"lazy\" decoding=\"async\" class=\"wp-image-19420 size-large\" src=\"https:\/\/www.neuperlach.org\/blog\/wp-content\/uploads\/2022\/10\/IMG_20221019_132119-1024x771.jpg\" alt=\"Perlach Plaza\" width=\"580\" height=\"437\" srcset=\"https:\/\/www.neuperlach.org\/blog\/wp-content\/uploads\/2022\/10\/IMG_20221019_132119-1024x771.jpg 1024w, https:\/\/www.neuperlach.org\/blog\/wp-content\/uploads\/2022\/10\/IMG_20221019_132119-300x226.jpg 300w, https:\/\/www.neuperlach.org\/blog\/wp-content\/uploads\/2022\/10\/IMG_20221019_132119-768x578.jpg 768w, https:\/\/www.neuperlach.org\/blog\/wp-content\/uploads\/2022\/10\/IMG_20221019_132119-1536x1157.jpg 1536w, https:\/\/www.neuperlach.org\/blog\/wp-content\/uploads\/2022\/10\/IMG_20221019_132119-2048x1542.jpg 2048w, https:\/\/www.neuperlach.org\/blog\/wp-content\/uploads\/2022\/10\/IMG_20221019_132119-1200x904.jpg 1200w, https:\/\/www.neuperlach.org\/blog\/wp-content\/uploads\/2022\/10\/IMG_20221019_132119-1980x1491.jpg 1980w\" sizes=\"auto, (max-width: 580px) 100vw, 580px\" \/><\/a><figcaption id=\"caption-attachment-19420\" class=\"wp-caption-text\">Die B\u00e4ckerei M\u00fcller wurde er\u00f6ffnet (19.10.2022) \u00a9 Thomas Irlbeck<\/figcaption><\/figure>\n<figure id=\"attachment_19459\" aria-describedby=\"caption-attachment-19459\" style=\"width: 580px\" class=\"wp-caption alignnone\"><a href=\"https:\/\/www.neuperlach.org\/blog\/wp-content\/uploads\/2019\/04\/IMG_20221019_134531.jpg\"><img loading=\"lazy\" decoding=\"async\" class=\"size-large wp-image-19459\" src=\"https:\/\/www.neuperlach.org\/blog\/wp-content\/uploads\/2019\/04\/IMG_20221019_134531-771x1024.jpg\" alt=\"Perlach Plaza\" width=\"580\" height=\"770\" srcset=\"https:\/\/www.neuperlach.org\/blog\/wp-content\/uploads\/2019\/04\/IMG_20221019_134531-771x1024.jpg 771w, https:\/\/www.neuperlach.org\/blog\/wp-content\/uploads\/2019\/04\/IMG_20221019_134531-226x300.jpg 226w, https:\/\/www.neuperlach.org\/blog\/wp-content\/uploads\/2019\/04\/IMG_20221019_134531-768x1020.jpg 768w, https:\/\/www.neuperlach.org\/blog\/wp-content\/uploads\/2019\/04\/IMG_20221019_134531-1157x1536.jpg 1157w, https:\/\/www.neuperlach.org\/blog\/wp-content\/uploads\/2019\/04\/IMG_20221019_134531-1542x2048.jpg 1542w, https:\/\/www.neuperlach.org\/blog\/wp-content\/uploads\/2019\/04\/IMG_20221019_134531-1200x1593.jpg 1200w, https:\/\/www.neuperlach.org\/blog\/wp-content\/uploads\/2019\/04\/IMG_20221019_134531.jpg 1928w\" sizes=\"auto, (max-width: 580px) 100vw, 580px\" \/><\/a><figcaption id=\"caption-attachment-19459\" class=\"wp-caption-text\">Die B\u00e4ckerei M\u00fcller wurde er\u00f6ffnet (19.10.2022) \u00a9 Thomas Irlbeck<\/figcaption><\/figure>\n<p>Inzwischen (25.10.) sind das asiatische Restaurant Haiky und der Laden &#8222;Tabak \/ Lotto \/Hermes&#8220; hinzugekommen.<\/p>\n<h3>Five Guys er\u00f6ffnet (31.10.2022)<\/h3>\n<p>Das Hamburgerlokal Five Guys hat nun er\u00f6ffnet.<\/p>\n<figure id=\"attachment_19451\" aria-describedby=\"caption-attachment-19451\" style=\"width: 580px\" class=\"wp-caption alignnone\"><a href=\"https:\/\/www.neuperlach.org\/blog\/wp-content\/uploads\/2022\/10\/IMG_20221031_132540.jpg\"><img loading=\"lazy\" decoding=\"async\" class=\"wp-image-19451 size-large\" src=\"https:\/\/www.neuperlach.org\/blog\/wp-content\/uploads\/2022\/10\/IMG_20221031_132540-1024x771.jpg\" alt=\"Perlach Plaza\" width=\"580\" height=\"437\" srcset=\"https:\/\/www.neuperlach.org\/blog\/wp-content\/uploads\/2022\/10\/IMG_20221031_132540-1024x771.jpg 1024w, https:\/\/www.neuperlach.org\/blog\/wp-content\/uploads\/2022\/10\/IMG_20221031_132540-300x226.jpg 300w, https:\/\/www.neuperlach.org\/blog\/wp-content\/uploads\/2022\/10\/IMG_20221031_132540-768x578.jpg 768w, https:\/\/www.neuperlach.org\/blog\/wp-content\/uploads\/2022\/10\/IMG_20221031_132540-1536x1157.jpg 1536w, https:\/\/www.neuperlach.org\/blog\/wp-content\/uploads\/2022\/10\/IMG_20221031_132540-2048x1542.jpg 2048w, https:\/\/www.neuperlach.org\/blog\/wp-content\/uploads\/2022\/10\/IMG_20221031_132540-1200x904.jpg 1200w, https:\/\/www.neuperlach.org\/blog\/wp-content\/uploads\/2022\/10\/IMG_20221031_132540-1980x1491.jpg 1980w\" sizes=\"auto, (max-width: 580px) 100vw, 580px\" \/><\/a><figcaption id=\"caption-attachment-19451\" class=\"wp-caption-text\">Perlach Plaza (31.10.2022) \u00a9 Thomas Irlbeck<\/figcaption><\/figure>\n<figure id=\"attachment_19449\" aria-describedby=\"caption-attachment-19449\" style=\"width: 580px\" class=\"wp-caption alignnone\"><a href=\"https:\/\/www.neuperlach.org\/blog\/wp-content\/uploads\/2022\/10\/IMG_20221031_132415.jpg\"><img loading=\"lazy\" decoding=\"async\" class=\"size-large wp-image-19449\" src=\"https:\/\/www.neuperlach.org\/blog\/wp-content\/uploads\/2022\/10\/IMG_20221031_132415-771x1024.jpg\" alt=\"Perlach Plaza\" width=\"580\" height=\"770\" srcset=\"https:\/\/www.neuperlach.org\/blog\/wp-content\/uploads\/2022\/10\/IMG_20221031_132415-771x1024.jpg 771w, https:\/\/www.neuperlach.org\/blog\/wp-content\/uploads\/2022\/10\/IMG_20221031_132415-226x300.jpg 226w, https:\/\/www.neuperlach.org\/blog\/wp-content\/uploads\/2022\/10\/IMG_20221031_132415-768x1020.jpg 768w, https:\/\/www.neuperlach.org\/blog\/wp-content\/uploads\/2022\/10\/IMG_20221031_132415-1157x1536.jpg 1157w, https:\/\/www.neuperlach.org\/blog\/wp-content\/uploads\/2022\/10\/IMG_20221031_132415-1542x2048.jpg 1542w, https:\/\/www.neuperlach.org\/blog\/wp-content\/uploads\/2022\/10\/IMG_20221031_132415-1200x1593.jpg 1200w, https:\/\/www.neuperlach.org\/blog\/wp-content\/uploads\/2022\/10\/IMG_20221031_132415.jpg 1928w\" sizes=\"auto, (max-width: 580px) 100vw, 580px\" \/><\/a><figcaption id=\"caption-attachment-19449\" class=\"wp-caption-text\">Perlach Plaza (31.10.2022) \u00a9 Thomas Irlbeck<\/figcaption><\/figure>\n<figure id=\"attachment_19450\" aria-describedby=\"caption-attachment-19450\" style=\"width: 580px\" class=\"wp-caption alignnone\"><a href=\"https:\/\/www.neuperlach.org\/blog\/wp-content\/uploads\/2022\/10\/IMG_20221031_132442.jpg\"><img loading=\"lazy\" decoding=\"async\" class=\"wp-image-19450 size-large\" src=\"https:\/\/www.neuperlach.org\/blog\/wp-content\/uploads\/2022\/10\/IMG_20221031_132442-771x1024.jpg\" alt=\"Perlach Plaza\" width=\"580\" height=\"770\" srcset=\"https:\/\/www.neuperlach.org\/blog\/wp-content\/uploads\/2022\/10\/IMG_20221031_132442-771x1024.jpg 771w, https:\/\/www.neuperlach.org\/blog\/wp-content\/uploads\/2022\/10\/IMG_20221031_132442-226x300.jpg 226w, https:\/\/www.neuperlach.org\/blog\/wp-content\/uploads\/2022\/10\/IMG_20221031_132442-768x1020.jpg 768w, https:\/\/www.neuperlach.org\/blog\/wp-content\/uploads\/2022\/10\/IMG_20221031_132442-1157x1536.jpg 1157w, https:\/\/www.neuperlach.org\/blog\/wp-content\/uploads\/2022\/10\/IMG_20221031_132442-1542x2048.jpg 1542w, https:\/\/www.neuperlach.org\/blog\/wp-content\/uploads\/2022\/10\/IMG_20221031_132442-1200x1593.jpg 1200w, https:\/\/www.neuperlach.org\/blog\/wp-content\/uploads\/2022\/10\/IMG_20221031_132442.jpg 1928w\" sizes=\"auto, (max-width: 580px) 100vw, 580px\" \/><\/a><figcaption id=\"caption-attachment-19450\" class=\"wp-caption-text\">3Perlach Plaza (31.10.2022) \u00a9 Thomas Irlbeck<\/figcaption><\/figure>\n<h3>Perlach Plaza versch\u00f6nert (06.11.22022)<\/h3>\n<figure id=\"attachment_19453\" aria-describedby=\"caption-attachment-19453\" style=\"width: 580px\" class=\"wp-caption alignnone\"><a href=\"https:\/\/www.neuperlach.org\/blog\/wp-content\/uploads\/2022\/10\/IMG_4063.jpg\"><img loading=\"lazy\" decoding=\"async\" class=\"size-large wp-image-19453\" src=\"https:\/\/www.neuperlach.org\/blog\/wp-content\/uploads\/2022\/10\/IMG_4063-1024x768.jpg\" alt=\"Perlach Plaza \u2013 Graffiti\" width=\"580\" height=\"435\" srcset=\"https:\/\/www.neuperlach.org\/blog\/wp-content\/uploads\/2022\/10\/IMG_4063-1024x768.jpg 1024w, https:\/\/www.neuperlach.org\/blog\/wp-content\/uploads\/2022\/10\/IMG_4063-300x225.jpg 300w, https:\/\/www.neuperlach.org\/blog\/wp-content\/uploads\/2022\/10\/IMG_4063-768x576.jpg 768w, https:\/\/www.neuperlach.org\/blog\/wp-content\/uploads\/2022\/10\/IMG_4063-1536x1152.jpg 1536w, https:\/\/www.neuperlach.org\/blog\/wp-content\/uploads\/2022\/10\/IMG_4063-2048x1536.jpg 2048w, https:\/\/www.neuperlach.org\/blog\/wp-content\/uploads\/2022\/10\/IMG_4063-1200x900.jpg 1200w, https:\/\/www.neuperlach.org\/blog\/wp-content\/uploads\/2022\/10\/IMG_4063-1980x1485.jpg 1980w\" sizes=\"auto, (max-width: 580px) 100vw, 580px\" \/><\/a><figcaption id=\"caption-attachment-19453\" class=\"wp-caption-text\">Perlach Plaza \u2013 Graffiti (06.11.2022) \u00a9 Thomas Irlbeck<\/figcaption><\/figure>\n<p>Der unterirdische Zugangsbereich vom U-Bahnsperrengeschoss zur Perlach Plaza wird derzeit noch als trist angesehen. Wird? Es hat sich schon teilweise ge\u00e4ndert. Eine gro\u00dfe und eine kleine Wand wurden mit Graffiti versch\u00f6nert. Die offizielle Er\u00f6ffnung der Graffiti-Wand ist am 10.11.22 von 16-18 Uhr.<\/p>\n<p>Geschaffen wurden die Graffiti von den niederl\u00e4ndischen K\u00fcnstler*innen Krista Burger Heimprofi Burger, Kenneth Letsoin mit Unterst\u00fctzung von einigen Kindern und Jugendlichen. Mehr Infos: <a href=\"https:\/\/www.facebook.com\/koeskmuenchen\/posts\/pfbid0voWGFEwXnjq1RLC7XQ9ESwEKFh6mTFnhpqgg6W46pTqsLNDCcg5PPUoG4wYWLS5Gl\" target=\"_blank\" rel=\"noopener\">Facebook<\/a><\/p>\n<figure id=\"attachment_19456\" aria-describedby=\"caption-attachment-19456\" style=\"width: 580px\" class=\"wp-caption alignnone\"><a href=\"https:\/\/www.neuperlach.org\/blog\/wp-content\/uploads\/2022\/10\/IMG_4070-2.jpg\"><img loading=\"lazy\" decoding=\"async\" class=\"size-large wp-image-19456\" src=\"https:\/\/www.neuperlach.org\/blog\/wp-content\/uploads\/2022\/10\/IMG_4070-2-1024x143.jpg\" alt=\"Perlach Plaza \u2013 Graffiti\" width=\"580\" height=\"81\" srcset=\"https:\/\/www.neuperlach.org\/blog\/wp-content\/uploads\/2022\/10\/IMG_4070-2-1024x143.jpg 1024w, https:\/\/www.neuperlach.org\/blog\/wp-content\/uploads\/2022\/10\/IMG_4070-2-300x42.jpg 300w, https:\/\/www.neuperlach.org\/blog\/wp-content\/uploads\/2022\/10\/IMG_4070-2-768x107.jpg 768w, https:\/\/www.neuperlach.org\/blog\/wp-content\/uploads\/2022\/10\/IMG_4070-2-1536x214.jpg 1536w, https:\/\/www.neuperlach.org\/blog\/wp-content\/uploads\/2022\/10\/IMG_4070-2-2048x286.jpg 2048w, https:\/\/www.neuperlach.org\/blog\/wp-content\/uploads\/2022\/10\/IMG_4070-2-1200x167.jpg 1200w, https:\/\/www.neuperlach.org\/blog\/wp-content\/uploads\/2022\/10\/IMG_4070-2-1980x276.jpg 1980w\" sizes=\"auto, (max-width: 580px) 100vw, 580px\" \/><\/a><figcaption id=\"caption-attachment-19456\" class=\"wp-caption-text\">Perlach Plaza \u2013 Graffiti (06.11.2022) \u00a9 Thomas Irlbeck<\/figcaption><\/figure>\n<figure id=\"attachment_19454\" aria-describedby=\"caption-attachment-19454\" style=\"width: 580px\" class=\"wp-caption alignnone\"><a href=\"https:\/\/www.neuperlach.org\/blog\/wp-content\/uploads\/2022\/10\/IMG_4068.jpg\"><img loading=\"lazy\" decoding=\"async\" class=\"size-large wp-image-19454\" src=\"https:\/\/www.neuperlach.org\/blog\/wp-content\/uploads\/2022\/10\/IMG_4068-1024x768.jpg\" alt=\"Perlach Plaza \u2013 Graffiti\" width=\"580\" height=\"435\" srcset=\"https:\/\/www.neuperlach.org\/blog\/wp-content\/uploads\/2022\/10\/IMG_4068-1024x768.jpg 1024w, https:\/\/www.neuperlach.org\/blog\/wp-content\/uploads\/2022\/10\/IMG_4068-300x225.jpg 300w, https:\/\/www.neuperlach.org\/blog\/wp-content\/uploads\/2022\/10\/IMG_4068-768x576.jpg 768w, https:\/\/www.neuperlach.org\/blog\/wp-content\/uploads\/2022\/10\/IMG_4068-1536x1152.jpg 1536w, https:\/\/www.neuperlach.org\/blog\/wp-content\/uploads\/2022\/10\/IMG_4068-2048x1536.jpg 2048w, https:\/\/www.neuperlach.org\/blog\/wp-content\/uploads\/2022\/10\/IMG_4068-1200x900.jpg 1200w, https:\/\/www.neuperlach.org\/blog\/wp-content\/uploads\/2022\/10\/IMG_4068-1980x1485.jpg 1980w\" sizes=\"auto, (max-width: 580px) 100vw, 580px\" \/><\/a><figcaption id=\"caption-attachment-19454\" class=\"wp-caption-text\">Perlach Plaza \u2013 Graffiti (06.11.2022) \u00a9 Thomas Irlbeck<\/figcaption><\/figure>\n<figure id=\"attachment_19455\" aria-describedby=\"caption-attachment-19455\" style=\"width: 580px\" class=\"wp-caption alignnone\"><a href=\"https:\/\/www.neuperlach.org\/blog\/wp-content\/uploads\/2022\/10\/IMG_4070.jpg\"><img loading=\"lazy\" decoding=\"async\" class=\"size-large wp-image-19455\" src=\"https:\/\/www.neuperlach.org\/blog\/wp-content\/uploads\/2022\/10\/IMG_4070-1024x768.jpg\" alt=\"Perlach Plaza \u2013 Graffiti\" width=\"580\" height=\"435\" srcset=\"https:\/\/www.neuperlach.org\/blog\/wp-content\/uploads\/2022\/10\/IMG_4070-1024x768.jpg 1024w, https:\/\/www.neuperlach.org\/blog\/wp-content\/uploads\/2022\/10\/IMG_4070-300x225.jpg 300w, https:\/\/www.neuperlach.org\/blog\/wp-content\/uploads\/2022\/10\/IMG_4070-768x576.jpg 768w, https:\/\/www.neuperlach.org\/blog\/wp-content\/uploads\/2022\/10\/IMG_4070-1536x1152.jpg 1536w, https:\/\/www.neuperlach.org\/blog\/wp-content\/uploads\/2022\/10\/IMG_4070-2048x1536.jpg 2048w, https:\/\/www.neuperlach.org\/blog\/wp-content\/uploads\/2022\/10\/IMG_4070-1200x900.jpg 1200w, https:\/\/www.neuperlach.org\/blog\/wp-content\/uploads\/2022\/10\/IMG_4070-1980x1485.jpg 1980w\" sizes=\"auto, (max-width: 580px) 100vw, 580px\" \/><\/a><figcaption id=\"caption-attachment-19455\" class=\"wp-caption-text\">Perlach Plaza \u2013 Graffiti (06.11.2022) \u00a9 Thomas Irlbeck<\/figcaption><\/figure>\n<figure id=\"attachment_19458\" aria-describedby=\"caption-attachment-19458\" style=\"width: 580px\" class=\"wp-caption alignnone\"><a href=\"https:\/\/www.neuperlach.org\/blog\/wp-content\/uploads\/2022\/11\/IMG_4074.jpg\"><img loading=\"lazy\" decoding=\"async\" class=\"size-large wp-image-19458\" src=\"https:\/\/www.neuperlach.org\/blog\/wp-content\/uploads\/2022\/11\/IMG_4074-1024x768.jpg\" alt=\"Perlach Plaza \u2013 Graffiti\" width=\"580\" height=\"435\" srcset=\"https:\/\/www.neuperlach.org\/blog\/wp-content\/uploads\/2022\/11\/IMG_4074-1024x768.jpg 1024w, https:\/\/www.neuperlach.org\/blog\/wp-content\/uploads\/2022\/11\/IMG_4074-300x225.jpg 300w, https:\/\/www.neuperlach.org\/blog\/wp-content\/uploads\/2022\/11\/IMG_4074-768x576.jpg 768w, https:\/\/www.neuperlach.org\/blog\/wp-content\/uploads\/2022\/11\/IMG_4074-1536x1152.jpg 1536w, https:\/\/www.neuperlach.org\/blog\/wp-content\/uploads\/2022\/11\/IMG_4074-2048x1536.jpg 2048w, https:\/\/www.neuperlach.org\/blog\/wp-content\/uploads\/2022\/11\/IMG_4074-1200x900.jpg 1200w, https:\/\/www.neuperlach.org\/blog\/wp-content\/uploads\/2022\/11\/IMG_4074-1980x1485.jpg 1980w\" sizes=\"auto, (max-width: 580px) 100vw, 580px\" \/><\/a><figcaption id=\"caption-attachment-19458\" class=\"wp-caption-text\">Perlach Plaza \u2013 Graffiti (06.11.2022) \u00a9 Thomas Irlbeck<\/figcaption><\/figure>\n<h3>Mosaik \u2013 schick! (13.11.2022)<\/h3>\n<p>Fortschritte beim Caf\u00e9 H\u00f6flinger. Es wurde ein wundersch\u00f6nes Mosaik im Innenraum angebracht.<\/p>\n<figure id=\"attachment_19486\" aria-describedby=\"caption-attachment-19486\" style=\"width: 580px\" class=\"wp-caption alignnone\"><a href=\"https:\/\/www.neuperlach.org\/blog\/wp-content\/uploads\/2022\/11\/IMG_20221113_142619.jpg\"><img loading=\"lazy\" decoding=\"async\" class=\"size-large wp-image-19486\" src=\"https:\/\/www.neuperlach.org\/blog\/wp-content\/uploads\/2022\/11\/IMG_20221113_142619-1024x771.jpg\" alt=\"Perlach Plaza \u2013 Mosaik\/Caf\u00e9 H\u00f6flinger\" width=\"580\" height=\"437\" srcset=\"https:\/\/www.neuperlach.org\/blog\/wp-content\/uploads\/2022\/11\/IMG_20221113_142619-1024x771.jpg 1024w, https:\/\/www.neuperlach.org\/blog\/wp-content\/uploads\/2022\/11\/IMG_20221113_142619-300x226.jpg 300w, https:\/\/www.neuperlach.org\/blog\/wp-content\/uploads\/2022\/11\/IMG_20221113_142619-768x578.jpg 768w, https:\/\/www.neuperlach.org\/blog\/wp-content\/uploads\/2022\/11\/IMG_20221113_142619-1536x1157.jpg 1536w, https:\/\/www.neuperlach.org\/blog\/wp-content\/uploads\/2022\/11\/IMG_20221113_142619-2048x1542.jpg 2048w, https:\/\/www.neuperlach.org\/blog\/wp-content\/uploads\/2022\/11\/IMG_20221113_142619-1200x904.jpg 1200w, https:\/\/www.neuperlach.org\/blog\/wp-content\/uploads\/2022\/11\/IMG_20221113_142619-1980x1491.jpg 1980w\" sizes=\"auto, (max-width: 580px) 100vw, 580px\" \/><\/a><figcaption id=\"caption-attachment-19486\" class=\"wp-caption-text\">Perlach Plaza \u2013 Caf\u00e9 H\u00f6flinger (13.11.2022) \u00a9 Thomas Irlbeck<\/figcaption><\/figure>\n<figure id=\"attachment_19485\" aria-describedby=\"caption-attachment-19485\" style=\"width: 580px\" class=\"wp-caption alignnone\"><a href=\"https:\/\/www.neuperlach.org\/blog\/wp-content\/uploads\/2022\/11\/IMG_20221113_132121.jpg\"><img loading=\"lazy\" decoding=\"async\" class=\"wp-image-19485 size-large\" src=\"https:\/\/www.neuperlach.org\/blog\/wp-content\/uploads\/2022\/11\/IMG_20221113_132121-1024x771.jpg\" alt=\"Perlach Plaza \u2013 Caf\u00e9 H\u00f6flinger\" width=\"580\" height=\"437\" srcset=\"https:\/\/www.neuperlach.org\/blog\/wp-content\/uploads\/2022\/11\/IMG_20221113_132121-1024x771.jpg 1024w, https:\/\/www.neuperlach.org\/blog\/wp-content\/uploads\/2022\/11\/IMG_20221113_132121-300x226.jpg 300w, https:\/\/www.neuperlach.org\/blog\/wp-content\/uploads\/2022\/11\/IMG_20221113_132121-768x578.jpg 768w, https:\/\/www.neuperlach.org\/blog\/wp-content\/uploads\/2022\/11\/IMG_20221113_132121-1536x1157.jpg 1536w, https:\/\/www.neuperlach.org\/blog\/wp-content\/uploads\/2022\/11\/IMG_20221113_132121-2048x1542.jpg 2048w, https:\/\/www.neuperlach.org\/blog\/wp-content\/uploads\/2022\/11\/IMG_20221113_132121-1200x904.jpg 1200w, https:\/\/www.neuperlach.org\/blog\/wp-content\/uploads\/2022\/11\/IMG_20221113_132121-1980x1491.jpg 1980w\" sizes=\"auto, (max-width: 580px) 100vw, 580px\" \/><\/a><figcaption id=\"caption-attachment-19485\" class=\"wp-caption-text\">Perlach Plaza \u2013 Caf\u00e9 H\u00f6flinger (13.11.2022) \u00a9 Thomas Irlbeck<\/figcaption><\/figure>\n<figure id=\"attachment_19484\" aria-describedby=\"caption-attachment-19484\" style=\"width: 580px\" class=\"wp-caption alignnone\"><a href=\"https:\/\/www.neuperlach.org\/blog\/wp-content\/uploads\/2022\/11\/IMG_20221113_132050.jpg\"><img loading=\"lazy\" decoding=\"async\" class=\"wp-image-19484 size-large\" src=\"https:\/\/www.neuperlach.org\/blog\/wp-content\/uploads\/2022\/11\/IMG_20221113_132050-1024x771.jpg\" alt=\"Perlach Plaza \u2013 Caf\u00e9 H\u00f6flinger\" width=\"580\" height=\"437\" srcset=\"https:\/\/www.neuperlach.org\/blog\/wp-content\/uploads\/2022\/11\/IMG_20221113_132050-1024x771.jpg 1024w, https:\/\/www.neuperlach.org\/blog\/wp-content\/uploads\/2022\/11\/IMG_20221113_132050-300x226.jpg 300w, https:\/\/www.neuperlach.org\/blog\/wp-content\/uploads\/2022\/11\/IMG_20221113_132050-768x578.jpg 768w, https:\/\/www.neuperlach.org\/blog\/wp-content\/uploads\/2022\/11\/IMG_20221113_132050-1536x1157.jpg 1536w, https:\/\/www.neuperlach.org\/blog\/wp-content\/uploads\/2022\/11\/IMG_20221113_132050-2048x1542.jpg 2048w, https:\/\/www.neuperlach.org\/blog\/wp-content\/uploads\/2022\/11\/IMG_20221113_132050-1200x904.jpg 1200w, https:\/\/www.neuperlach.org\/blog\/wp-content\/uploads\/2022\/11\/IMG_20221113_132050-1980x1491.jpg 1980w\" sizes=\"auto, (max-width: 580px) 100vw, 580px\" \/><\/a><figcaption id=\"caption-attachment-19484\" class=\"wp-caption-text\">Perlach Plaza \u2013 Caf\u00e9 H\u00f6flinger (13.11.2022) \u00a9 Thomas Irlbeck<\/figcaption><\/figure>\n<h3>Neuzug\u00e4nge an der Perlach Plaza! (17.12.2022)<\/h3>\n<figure id=\"attachment_19578\" aria-describedby=\"caption-attachment-19578\" style=\"width: 580px\" class=\"wp-caption alignnone\"><a href=\"https:\/\/www.neuperlach.org\/blog\/wp-content\/uploads\/2022\/12\/IMG_20221217_152320.jpg\"><img loading=\"lazy\" decoding=\"async\" class=\"wp-image-19578 size-large\" src=\"https:\/\/www.neuperlach.org\/blog\/wp-content\/uploads\/2022\/12\/IMG_20221217_152320-1024x771.jpg\" alt=\"Perlach Plaza\" width=\"580\" height=\"437\" srcset=\"https:\/\/www.neuperlach.org\/blog\/wp-content\/uploads\/2022\/12\/IMG_20221217_152320-1024x771.jpg 1024w, https:\/\/www.neuperlach.org\/blog\/wp-content\/uploads\/2022\/12\/IMG_20221217_152320-300x226.jpg 300w, https:\/\/www.neuperlach.org\/blog\/wp-content\/uploads\/2022\/12\/IMG_20221217_152320-768x578.jpg 768w, https:\/\/www.neuperlach.org\/blog\/wp-content\/uploads\/2022\/12\/IMG_20221217_152320-1536x1157.jpg 1536w, https:\/\/www.neuperlach.org\/blog\/wp-content\/uploads\/2022\/12\/IMG_20221217_152320-2048x1542.jpg 2048w, https:\/\/www.neuperlach.org\/blog\/wp-content\/uploads\/2022\/12\/IMG_20221217_152320-1200x904.jpg 1200w, https:\/\/www.neuperlach.org\/blog\/wp-content\/uploads\/2022\/12\/IMG_20221217_152320-1980x1491.jpg 1980w\" sizes=\"auto, (max-width: 580px) 100vw, 580px\" \/><\/a><figcaption id=\"caption-attachment-19578\" class=\"wp-caption-text\">Perlach Plaza (17.12.2022) \u00a9 Thomas Irlbeck<\/figcaption><\/figure>\n<figure id=\"attachment_19575\" aria-describedby=\"caption-attachment-19575\" style=\"width: 580px\" class=\"wp-caption alignnone\"><a href=\"https:\/\/www.neuperlach.org\/blog\/wp-content\/uploads\/2022\/12\/IMG_20221217_145814.jpg\"><img loading=\"lazy\" decoding=\"async\" class=\"wp-image-19575 size-large\" src=\"https:\/\/www.neuperlach.org\/blog\/wp-content\/uploads\/2022\/12\/IMG_20221217_145814-1024x771.jpg\" alt=\"Perlach Plaza \u2013 Can Supermarkt\" width=\"580\" height=\"437\" srcset=\"https:\/\/www.neuperlach.org\/blog\/wp-content\/uploads\/2022\/12\/IMG_20221217_145814-1024x771.jpg 1024w, https:\/\/www.neuperlach.org\/blog\/wp-content\/uploads\/2022\/12\/IMG_20221217_145814-300x226.jpg 300w, https:\/\/www.neuperlach.org\/blog\/wp-content\/uploads\/2022\/12\/IMG_20221217_145814-768x578.jpg 768w, https:\/\/www.neuperlach.org\/blog\/wp-content\/uploads\/2022\/12\/IMG_20221217_145814-1536x1157.jpg 1536w, https:\/\/www.neuperlach.org\/blog\/wp-content\/uploads\/2022\/12\/IMG_20221217_145814-2048x1542.jpg 2048w, https:\/\/www.neuperlach.org\/blog\/wp-content\/uploads\/2022\/12\/IMG_20221217_145814-1200x904.jpg 1200w, https:\/\/www.neuperlach.org\/blog\/wp-content\/uploads\/2022\/12\/IMG_20221217_145814-1980x1491.jpg 1980w\" sizes=\"auto, (max-width: 580px) 100vw, 580px\" \/><\/a><figcaption id=\"caption-attachment-19575\" class=\"wp-caption-text\">Perlach Plaza \u2013 Can Supermarkt (17.12.2022) \u00a9 Thomas Irlbeck<\/figcaption><\/figure>\n<figure id=\"attachment_19577\" aria-describedby=\"caption-attachment-19577\" style=\"width: 580px\" class=\"wp-caption alignnone\"><a href=\"https:\/\/www.neuperlach.org\/blog\/wp-content\/uploads\/2022\/12\/IMG_20221217_150017.jpg\"><img loading=\"lazy\" decoding=\"async\" class=\"wp-image-19577 size-large\" src=\"https:\/\/www.neuperlach.org\/blog\/wp-content\/uploads\/2022\/12\/IMG_20221217_150017-771x1024.jpg\" alt=\"Perlach Plaza \u2013 L\u2019Amour Beauty\" width=\"580\" height=\"770\" srcset=\"https:\/\/www.neuperlach.org\/blog\/wp-content\/uploads\/2022\/12\/IMG_20221217_150017-771x1024.jpg 771w, https:\/\/www.neuperlach.org\/blog\/wp-content\/uploads\/2022\/12\/IMG_20221217_150017-226x300.jpg 226w, https:\/\/www.neuperlach.org\/blog\/wp-content\/uploads\/2022\/12\/IMG_20221217_150017-768x1020.jpg 768w, https:\/\/www.neuperlach.org\/blog\/wp-content\/uploads\/2022\/12\/IMG_20221217_150017-1157x1536.jpg 1157w, https:\/\/www.neuperlach.org\/blog\/wp-content\/uploads\/2022\/12\/IMG_20221217_150017-1542x2048.jpg 1542w, https:\/\/www.neuperlach.org\/blog\/wp-content\/uploads\/2022\/12\/IMG_20221217_150017-1200x1593.jpg 1200w, https:\/\/www.neuperlach.org\/blog\/wp-content\/uploads\/2022\/12\/IMG_20221217_150017.jpg 1928w\" sizes=\"auto, (max-width: 580px) 100vw, 580px\" \/><\/a><figcaption id=\"caption-attachment-19577\" class=\"wp-caption-text\">Perlach Plaza \u2013 L\u2019Amour Beauty (17.12.2022) \u00a9 Thomas Irlbeck<\/figcaption><\/figure>\n<p>Unsere <a href=\"https:\/\/www.neuperlach.org\/blog\/?p=13873\">Perlach Plaza<\/a> wird immer leistungsf\u00e4higer. Zwei neue L\u00e4den haben er\u00f6ffnet: &#8222;Can Supermarkt&#8220; und der Sch\u00f6nheitssalon L\u2019Amour Beauty.<\/p>\n<p>Der &#8222;Can Supermarkt&#8220; \u00fcber sich selbst:<\/p>\n<blockquote><p>Ihr internationaler Supermarkt im Zentrum M\u00fcnchens und jetzt auch neu am Neuperlach Zentrum. In der N\u00e4he das Bahnhofes, entlang der Goethestra\u00dfe, dort wo sich Tradition und internationale Kultur treffen, finden Sie uns. Can Supermarkt bietet Ihnen ein breites, farbiges und vor allem frisches Sortiment an Lebensmitteln. Wir freuen uns auf Sie. Besuchen Sie uns einfach in der Gothestra\u00dfe 21 und im neuen Perlach Plaza am PEP Einkaufszentrum (Thomas-Dehler-Stra\u00dfe 15).<\/p><\/blockquote>\n<figure id=\"attachment_19576\" aria-describedby=\"caption-attachment-19576\" style=\"width: 580px\" class=\"wp-caption alignnone\"><a href=\"https:\/\/www.neuperlach.org\/blog\/wp-content\/uploads\/2022\/12\/IMG_20221217_145932.jpg\"><img loading=\"lazy\" decoding=\"async\" class=\"size-large wp-image-19576\" src=\"https:\/\/www.neuperlach.org\/blog\/wp-content\/uploads\/2022\/12\/IMG_20221217_145932-771x1024.jpg\" alt=\"Perlach Plaza \u2013 Christbaum\" width=\"580\" height=\"770\" srcset=\"https:\/\/www.neuperlach.org\/blog\/wp-content\/uploads\/2022\/12\/IMG_20221217_145932-771x1024.jpg 771w, https:\/\/www.neuperlach.org\/blog\/wp-content\/uploads\/2022\/12\/IMG_20221217_145932-226x300.jpg 226w, https:\/\/www.neuperlach.org\/blog\/wp-content\/uploads\/2022\/12\/IMG_20221217_145932-768x1020.jpg 768w, https:\/\/www.neuperlach.org\/blog\/wp-content\/uploads\/2022\/12\/IMG_20221217_145932-1157x1536.jpg 1157w, https:\/\/www.neuperlach.org\/blog\/wp-content\/uploads\/2022\/12\/IMG_20221217_145932-1542x2048.jpg 1542w, https:\/\/www.neuperlach.org\/blog\/wp-content\/uploads\/2022\/12\/IMG_20221217_145932-1200x1593.jpg 1200w, https:\/\/www.neuperlach.org\/blog\/wp-content\/uploads\/2022\/12\/IMG_20221217_145932.jpg 1928w\" sizes=\"auto, (max-width: 580px) 100vw, 580px\" \/><\/a><figcaption id=\"caption-attachment-19576\" class=\"wp-caption-text\">Perlach Plaza \u2013 Christbaum (17.12.2022) \u00a9 Thomas Irlbeck<\/figcaption><\/figure>\n<h3>Au\u00dfenanlagen (09.08.2023)<\/h3>\n<p>Noch immer wird an den Au\u00dfenanlagen gearbeitet. Dabei habe ich den Eindruck, dass man immer noch ganz am Anfang ist. Dabei ist der gesamte Zugang zur Plaza aus dem U-Bahnhof eine Baustelle mit schmalen Gehfuhrten. Auch an der Oberfl\u00e4che ist es nicht viel besser. Leider ist das der Eindruck auch bei anderen Bauprojekten. Das Geb\u00e4ude an sich ist fertig, aber das Au\u00dfenrum, das letztlich auch etwas f\u00fcrs Auge ist und Lust auf das Geb\u00e4ude machen soll, l\u00e4ngst sehr lange auf sich warten.<\/p>\n<figure id=\"attachment_20197\" aria-describedby=\"caption-attachment-20197\" style=\"width: 580px\" class=\"wp-caption alignnone\"><a href=\"https:\/\/www.neuperlach.org\/blog\/wp-content\/uploads\/2019\/04\/IMG_6524.jpg\"><img loading=\"lazy\" decoding=\"async\" class=\"size-large wp-image-20197\" src=\"https:\/\/www.neuperlach.org\/blog\/wp-content\/uploads\/2019\/04\/IMG_6524-1024x768.jpg\" alt=\"Perlach Plaza\" width=\"580\" height=\"435\" srcset=\"https:\/\/www.neuperlach.org\/blog\/wp-content\/uploads\/2019\/04\/IMG_6524-1024x768.jpg 1024w, https:\/\/www.neuperlach.org\/blog\/wp-content\/uploads\/2019\/04\/IMG_6524-300x225.jpg 300w, https:\/\/www.neuperlach.org\/blog\/wp-content\/uploads\/2019\/04\/IMG_6524-768x576.jpg 768w, https:\/\/www.neuperlach.org\/blog\/wp-content\/uploads\/2019\/04\/IMG_6524-1536x1152.jpg 1536w, https:\/\/www.neuperlach.org\/blog\/wp-content\/uploads\/2019\/04\/IMG_6524-2048x1536.jpg 2048w, https:\/\/www.neuperlach.org\/blog\/wp-content\/uploads\/2019\/04\/IMG_6524-1200x900.jpg 1200w, https:\/\/www.neuperlach.org\/blog\/wp-content\/uploads\/2019\/04\/IMG_6524-1980x1485.jpg 1980w\" sizes=\"auto, (max-width: 580px) 100vw, 580px\" \/><\/a><figcaption id=\"caption-attachment-20197\" class=\"wp-caption-text\">Perlach Plaza (09.08.2023) \u00a9 Thomas Irlbeck<\/figcaption><\/figure>\n<figure id=\"attachment_20198\" aria-describedby=\"caption-attachment-20198\" style=\"width: 580px\" class=\"wp-caption alignnone\"><a href=\"https:\/\/www.neuperlach.org\/blog\/wp-content\/uploads\/2019\/04\/IMG_6526.jpg\"><img loading=\"lazy\" decoding=\"async\" class=\"size-large wp-image-20198\" src=\"https:\/\/www.neuperlach.org\/blog\/wp-content\/uploads\/2019\/04\/IMG_6526-1024x768.jpg\" alt=\"Perlach Plaza\" width=\"580\" height=\"435\" srcset=\"https:\/\/www.neuperlach.org\/blog\/wp-content\/uploads\/2019\/04\/IMG_6526-1024x768.jpg 1024w, https:\/\/www.neuperlach.org\/blog\/wp-content\/uploads\/2019\/04\/IMG_6526-300x225.jpg 300w, https:\/\/www.neuperlach.org\/blog\/wp-content\/uploads\/2019\/04\/IMG_6526-768x576.jpg 768w, https:\/\/www.neuperlach.org\/blog\/wp-content\/uploads\/2019\/04\/IMG_6526-1536x1152.jpg 1536w, https:\/\/www.neuperlach.org\/blog\/wp-content\/uploads\/2019\/04\/IMG_6526-2048x1536.jpg 2048w, https:\/\/www.neuperlach.org\/blog\/wp-content\/uploads\/2019\/04\/IMG_6526-1200x900.jpg 1200w, https:\/\/www.neuperlach.org\/blog\/wp-content\/uploads\/2019\/04\/IMG_6526-1980x1485.jpg 1980w\" sizes=\"auto, (max-width: 580px) 100vw, 580px\" \/><\/a><figcaption id=\"caption-attachment-20198\" class=\"wp-caption-text\">Perlach Plaza (09.08.2023) \u00a9 Thomas Irlbeck<\/figcaption><\/figure>\n<figure id=\"attachment_20199\" aria-describedby=\"caption-attachment-20199\" style=\"width: 580px\" class=\"wp-caption alignnone\"><a href=\"https:\/\/www.neuperlach.org\/blog\/wp-content\/uploads\/2019\/04\/IMG_6528.jpg\"><img loading=\"lazy\" decoding=\"async\" class=\"size-large wp-image-20199\" src=\"https:\/\/www.neuperlach.org\/blog\/wp-content\/uploads\/2019\/04\/IMG_6528-1024x768.jpg\" alt=\"Perlach Plaza\" width=\"580\" height=\"435\" srcset=\"https:\/\/www.neuperlach.org\/blog\/wp-content\/uploads\/2019\/04\/IMG_6528-1024x768.jpg 1024w, https:\/\/www.neuperlach.org\/blog\/wp-content\/uploads\/2019\/04\/IMG_6528-300x225.jpg 300w, https:\/\/www.neuperlach.org\/blog\/wp-content\/uploads\/2019\/04\/IMG_6528-768x576.jpg 768w, https:\/\/www.neuperlach.org\/blog\/wp-content\/uploads\/2019\/04\/IMG_6528-1536x1152.jpg 1536w, https:\/\/www.neuperlach.org\/blog\/wp-content\/uploads\/2019\/04\/IMG_6528-2048x1536.jpg 2048w, https:\/\/www.neuperlach.org\/blog\/wp-content\/uploads\/2019\/04\/IMG_6528-1200x900.jpg 1200w, https:\/\/www.neuperlach.org\/blog\/wp-content\/uploads\/2019\/04\/IMG_6528-1980x1485.jpg 1980w\" sizes=\"auto, (max-width: 580px) 100vw, 580px\" \/><\/a><figcaption id=\"caption-attachment-20199\" class=\"wp-caption-text\">Perlach Plaza (09.08.2023) \u00a9 Thomas Irlbeck<\/figcaption><\/figure>\n<figure id=\"attachment_20200\" aria-describedby=\"caption-attachment-20200\" style=\"width: 580px\" class=\"wp-caption alignnone\"><a href=\"https:\/\/www.neuperlach.org\/blog\/wp-content\/uploads\/2019\/04\/IMG_6529.jpg\"><img loading=\"lazy\" decoding=\"async\" class=\"size-large wp-image-20200\" src=\"https:\/\/www.neuperlach.org\/blog\/wp-content\/uploads\/2019\/04\/IMG_6529-1024x768.jpg\" alt=\"Perlach Plaza\" width=\"580\" height=\"435\" srcset=\"https:\/\/www.neuperlach.org\/blog\/wp-content\/uploads\/2019\/04\/IMG_6529-1024x768.jpg 1024w, https:\/\/www.neuperlach.org\/blog\/wp-content\/uploads\/2019\/04\/IMG_6529-300x225.jpg 300w, https:\/\/www.neuperlach.org\/blog\/wp-content\/uploads\/2019\/04\/IMG_6529-768x576.jpg 768w, https:\/\/www.neuperlach.org\/blog\/wp-content\/uploads\/2019\/04\/IMG_6529-1536x1152.jpg 1536w, https:\/\/www.neuperlach.org\/blog\/wp-content\/uploads\/2019\/04\/IMG_6529-2048x1536.jpg 2048w, https:\/\/www.neuperlach.org\/blog\/wp-content\/uploads\/2019\/04\/IMG_6529-1200x900.jpg 1200w, https:\/\/www.neuperlach.org\/blog\/wp-content\/uploads\/2019\/04\/IMG_6529-1980x1485.jpg 1980w\" sizes=\"auto, (max-width: 580px) 100vw, 580px\" \/><\/a><figcaption id=\"caption-attachment-20200\" class=\"wp-caption-text\">Perlach Plaza (09.08.2023) \u00a9 Thomas Irlbeck<\/figcaption><\/figure>\n<figure id=\"attachment_20201\" aria-describedby=\"caption-attachment-20201\" style=\"width: 580px\" class=\"wp-caption alignnone\"><a href=\"https:\/\/www.neuperlach.org\/blog\/wp-content\/uploads\/2019\/04\/IMG_6532.jpg\"><img loading=\"lazy\" decoding=\"async\" class=\"size-large wp-image-20201\" src=\"https:\/\/www.neuperlach.org\/blog\/wp-content\/uploads\/2019\/04\/IMG_6532-1024x768.jpg\" alt=\"Perlach Plaza\" width=\"580\" height=\"435\" srcset=\"https:\/\/www.neuperlach.org\/blog\/wp-content\/uploads\/2019\/04\/IMG_6532-1024x768.jpg 1024w, https:\/\/www.neuperlach.org\/blog\/wp-content\/uploads\/2019\/04\/IMG_6532-300x225.jpg 300w, https:\/\/www.neuperlach.org\/blog\/wp-content\/uploads\/2019\/04\/IMG_6532-768x576.jpg 768w, https:\/\/www.neuperlach.org\/blog\/wp-content\/uploads\/2019\/04\/IMG_6532-1536x1152.jpg 1536w, https:\/\/www.neuperlach.org\/blog\/wp-content\/uploads\/2019\/04\/IMG_6532-2048x1536.jpg 2048w, https:\/\/www.neuperlach.org\/blog\/wp-content\/uploads\/2019\/04\/IMG_6532-1200x900.jpg 1200w, https:\/\/www.neuperlach.org\/blog\/wp-content\/uploads\/2019\/04\/IMG_6532-1980x1485.jpg 1980w\" sizes=\"auto, (max-width: 580px) 100vw, 580px\" \/><\/a><figcaption id=\"caption-attachment-20201\" class=\"wp-caption-text\">Perlach Plaza (09.08.2023) \u00a9 Thomas Irlbeck<\/figcaption><\/figure>\n<figure id=\"attachment_20202\" aria-describedby=\"caption-attachment-20202\" style=\"width: 580px\" class=\"wp-caption alignnone\"><a href=\"https:\/\/www.neuperlach.org\/blog\/wp-content\/uploads\/2019\/04\/IMG_6535.jpg\"><img loading=\"lazy\" decoding=\"async\" class=\"size-large wp-image-20202\" src=\"https:\/\/www.neuperlach.org\/blog\/wp-content\/uploads\/2019\/04\/IMG_6535-1024x768.jpg\" alt=\"Perlach Plaza\" width=\"580\" height=\"435\" srcset=\"https:\/\/www.neuperlach.org\/blog\/wp-content\/uploads\/2019\/04\/IMG_6535-1024x768.jpg 1024w, https:\/\/www.neuperlach.org\/blog\/wp-content\/uploads\/2019\/04\/IMG_6535-300x225.jpg 300w, https:\/\/www.neuperlach.org\/blog\/wp-content\/uploads\/2019\/04\/IMG_6535-768x576.jpg 768w, https:\/\/www.neuperlach.org\/blog\/wp-content\/uploads\/2019\/04\/IMG_6535-1536x1152.jpg 1536w, https:\/\/www.neuperlach.org\/blog\/wp-content\/uploads\/2019\/04\/IMG_6535-2048x1536.jpg 2048w, https:\/\/www.neuperlach.org\/blog\/wp-content\/uploads\/2019\/04\/IMG_6535-1200x900.jpg 1200w, https:\/\/www.neuperlach.org\/blog\/wp-content\/uploads\/2019\/04\/IMG_6535-1980x1485.jpg 1980w\" sizes=\"auto, (max-width: 580px) 100vw, 580px\" \/><\/a><figcaption id=\"caption-attachment-20202\" class=\"wp-caption-text\">Perlach Plaza (09.08.2023) \u00a9 Thomas Irlbeck<\/figcaption><\/figure>\n<figure id=\"attachment_20203\" aria-describedby=\"caption-attachment-20203\" style=\"width: 580px\" class=\"wp-caption alignnone\"><a href=\"https:\/\/www.neuperlach.org\/blog\/wp-content\/uploads\/2019\/04\/IMG_6537.jpg\"><img loading=\"lazy\" decoding=\"async\" class=\"size-large wp-image-20203\" src=\"https:\/\/www.neuperlach.org\/blog\/wp-content\/uploads\/2019\/04\/IMG_6537-1024x768.jpg\" alt=\"Perlach Plaza\" width=\"580\" height=\"435\" srcset=\"https:\/\/www.neuperlach.org\/blog\/wp-content\/uploads\/2019\/04\/IMG_6537-1024x768.jpg 1024w, https:\/\/www.neuperlach.org\/blog\/wp-content\/uploads\/2019\/04\/IMG_6537-300x225.jpg 300w, https:\/\/www.neuperlach.org\/blog\/wp-content\/uploads\/2019\/04\/IMG_6537-768x576.jpg 768w, https:\/\/www.neuperlach.org\/blog\/wp-content\/uploads\/2019\/04\/IMG_6537-1536x1152.jpg 1536w, https:\/\/www.neuperlach.org\/blog\/wp-content\/uploads\/2019\/04\/IMG_6537-2048x1536.jpg 2048w, https:\/\/www.neuperlach.org\/blog\/wp-content\/uploads\/2019\/04\/IMG_6537-1200x900.jpg 1200w, https:\/\/www.neuperlach.org\/blog\/wp-content\/uploads\/2019\/04\/IMG_6537-1980x1485.jpg 1980w\" sizes=\"auto, (max-width: 580px) 100vw, 580px\" \/><\/a><figcaption id=\"caption-attachment-20203\" class=\"wp-caption-text\">Perlach Plaza (09.08.2023) \u00a9 Thomas Irlbeck<\/figcaption><\/figure>\n<figure id=\"attachment_20204\" aria-describedby=\"caption-attachment-20204\" style=\"width: 580px\" class=\"wp-caption alignnone\"><a href=\"https:\/\/www.neuperlach.org\/blog\/wp-content\/uploads\/2019\/04\/IMG_6541.jpg\"><img loading=\"lazy\" decoding=\"async\" class=\"size-large wp-image-20204\" src=\"https:\/\/www.neuperlach.org\/blog\/wp-content\/uploads\/2019\/04\/IMG_6541-1024x768.jpg\" alt=\"Perlach Plaza\" width=\"580\" height=\"435\" srcset=\"https:\/\/www.neuperlach.org\/blog\/wp-content\/uploads\/2019\/04\/IMG_6541-1024x768.jpg 1024w, https:\/\/www.neuperlach.org\/blog\/wp-content\/uploads\/2019\/04\/IMG_6541-300x225.jpg 300w, https:\/\/www.neuperlach.org\/blog\/wp-content\/uploads\/2019\/04\/IMG_6541-768x576.jpg 768w, https:\/\/www.neuperlach.org\/blog\/wp-content\/uploads\/2019\/04\/IMG_6541-1536x1152.jpg 1536w, https:\/\/www.neuperlach.org\/blog\/wp-content\/uploads\/2019\/04\/IMG_6541-2048x1536.jpg 2048w, https:\/\/www.neuperlach.org\/blog\/wp-content\/uploads\/2019\/04\/IMG_6541-1200x900.jpg 1200w, https:\/\/www.neuperlach.org\/blog\/wp-content\/uploads\/2019\/04\/IMG_6541-1980x1485.jpg 1980w\" sizes=\"auto, (max-width: 580px) 100vw, 580px\" \/><\/a><figcaption id=\"caption-attachment-20204\" class=\"wp-caption-text\">Perlach Plaza (09.08.2023) \u00a9 Thomas Irlbeck<\/figcaption><\/figure>\n","protected":false},"excerpt":{"rendered":"<p>Bereits im September 2022 hat das Hotel Ibis Styles er\u00f6ffnet, am 7. Oktober 2022 die L\u2019Osteria, Am 13. Oktober 2022 folgten dann Lidl, Tegut und Wimmer. Sp\u00e4ter schlossen sich in mehreren Etappen die Stadtsparkasse, die B\u00e4ckerei M\u00fcller, Plana K\u00fcchenland, das Restaurant Haiky, der Laden &#8222;Tabak \/ Lotto \/Hermes&#8220; und das Hamburgerlokal Five Guys an. Statt [&hellip;]<\/p>\n","protected":false},"author":1,"featured_media":0,"comment_status":"open","ping_status":"open","sticky":false,"template":"","format":"standard","meta":{"footnotes":""},"categories":[5,6,10,4,847,259],"tags":[2379,354,1037,2872,2215,2868,2380,2847,2845,2870,2850,97,2849,1682,2874,2853,2871,1775,2846,1003,2873,2890,2881,2727,300,2376,2851,2377,2351,1852,2305,2349,1168,335,2378,2869,315,44,659,1956],"class_list":["post-13873","post","type-post","status-publish","format-standard","hentry","category-architektur","category-baustellen","category-bilder","category-einkaufszentren","category-abrissneubau","category-wortherkunft","tag-alleswirdgut","tag-backerei","tag-bank","tag-bharat","tag-bhb","tag-can-supermarkt","tag-concrete-capital","tag-fit-star","tag-five-guys","tag-hai-yen-asia-markt","tag-haiky","tag-hanns-seidel-platz","tag-hoeflinger","tag-hotel","tag-ibis-styles","tag-koefte-house","tag-kokono","tag-kultur-quadrat","tag-losteria","tag-lidl","tag-lamour-beauty","tag-mosaik","tag-mr-box-tea","tag-neue-mitte","tag-neuperlach-zentrum","tag-perlach-plaza","tag-plana-kuechenland","tag-plaza","tag-rammgeraet","tag-restaurant","tag-rolltreppe","tag-spundwand","tag-stadtsparkasse","tag-supermarkt","tag-tegut","tag-the-brezn-concept-store","tag-thomas-dehler-strase","tag-u-bahn","tag-von-knoeringen-strase","tag-wimmer-baeckerei"],"_links":{"self":[{"href":"https:\/\/www.neuperlach.org\/blog\/wp-json\/wp\/v2\/posts\/13873","targetHints":{"allow":["GET"]}}],"collection":[{"href":"https:\/\/www.neuperlach.org\/blog\/wp-json\/wp\/v2\/posts"}],"about":[{"href":"https:\/\/www.neuperlach.org\/blog\/wp-json\/wp\/v2\/types\/post"}],"author":[{"embeddable":true,"href":"https:\/\/www.neuperlach.org\/blog\/wp-json\/wp\/v2\/users\/1"}],"replies":[{"embeddable":true,"href":"https:\/\/www.neuperlach.org\/blog\/wp-json\/wp\/v2\/comments?post=13873"}],"version-history":[{"count":0,"href":"https:\/\/www.neuperlach.org\/blog\/wp-json\/wp\/v2\/posts\/13873\/revisions"}],"wp:attachment":[{"href":"https:\/\/www.neuperlach.org\/blog\/wp-json\/wp\/v2\/media?parent=13873"}],"wp:term":[{"taxonomy":"category","embeddable":true,"href":"https:\/\/www.neuperlach.org\/blog\/wp-json\/wp\/v2\/categories?post=13873"},{"taxonomy":"post_tag","embeddable":true,"href":"https:\/\/www.neuperlach.org\/blog\/wp-json\/wp\/v2\/tags?post=13873"}],"curies":[{"name":"wp","href":"https:\/\/api.w.org\/{rel}","templated":true}]}}