{"id":15536,"date":"2020-04-25T20:21:19","date_gmt":"2020-04-25T18:21:19","guid":{"rendered":"https:\/\/www.neuperlach.org\/blog\/?p=15536"},"modified":"2025-11-03T10:58:08","modified_gmt":"2025-11-03T09:58:08","slug":"abriss-und-neubau-der-grundschule-am-strehleranger","status":"publish","type":"post","link":"https:\/\/www.neuperlach.org\/blog\/abriss-und-neubau-der-grundschule-am-strehleranger\/","title":{"rendered":"Abriss und Neubau der Grundschule am Strehleranger"},"content":{"rendered":"<figure id=\"attachment_18116\" aria-describedby=\"caption-attachment-18116\" style=\"width: 580px\" class=\"wp-caption alignnone\"><a href=\"https:\/\/www.neuperlach.org\/blog\/wp-content\/uploads\/2021\/07\/PhotoFunia-1625411076.jpg\"><img loading=\"lazy\" decoding=\"async\" class=\"size-large wp-image-18116\" src=\"https:\/\/www.neuperlach.org\/blog\/wp-content\/uploads\/2021\/07\/PhotoFunia-1625411076-1024x765.jpg\" alt=\"Grundschule am Strehleranger\" width=\"580\" height=\"433\" srcset=\"https:\/\/www.neuperlach.org\/blog\/wp-content\/uploads\/2021\/07\/PhotoFunia-1625411076-1024x765.jpg 1024w, https:\/\/www.neuperlach.org\/blog\/wp-content\/uploads\/2021\/07\/PhotoFunia-1625411076-300x224.jpg 300w, https:\/\/www.neuperlach.org\/blog\/wp-content\/uploads\/2021\/07\/PhotoFunia-1625411076-768x573.jpg 768w, https:\/\/www.neuperlach.org\/blog\/wp-content\/uploads\/2021\/07\/PhotoFunia-1625411076.jpg 1200w\" sizes=\"auto, (max-width: 580px) 100vw, 580px\" \/><\/a><figcaption id=\"caption-attachment-18116\" class=\"wp-caption-text\">Neubau der Grundschule am Strehleranger<\/figcaption><\/figure>\n<figure id=\"attachment_15454\" aria-describedby=\"caption-attachment-15454\" style=\"width: 300px\" class=\"wp-caption alignleft\"><a href=\"https:\/\/www.neuperlach.org\/blog\/wp-content\/uploads\/2020\/04\/IMG_8129.jpg\"><img loading=\"lazy\" decoding=\"async\" class=\"size-medium wp-image-15454\" src=\"https:\/\/www.neuperlach.org\/blog\/wp-content\/uploads\/2020\/04\/IMG_8129-300x225.jpg\" alt=\"Grundschule am Strehleranger\" width=\"300\" height=\"225\" srcset=\"https:\/\/www.neuperlach.org\/blog\/wp-content\/uploads\/2020\/04\/IMG_8129-300x225.jpg 300w, https:\/\/www.neuperlach.org\/blog\/wp-content\/uploads\/2020\/04\/IMG_8129-1024x768.jpg 1024w, https:\/\/www.neuperlach.org\/blog\/wp-content\/uploads\/2020\/04\/IMG_8129-768x576.jpg 768w, https:\/\/www.neuperlach.org\/blog\/wp-content\/uploads\/2020\/04\/IMG_8129-1536x1152.jpg 1536w, https:\/\/www.neuperlach.org\/blog\/wp-content\/uploads\/2020\/04\/IMG_8129-1200x900.jpg 1200w, https:\/\/www.neuperlach.org\/blog\/wp-content\/uploads\/2020\/04\/IMG_8129.jpg 1920w\" sizes=\"auto, (max-width: 300px) 100vw, 300px\" \/><\/a><figcaption id=\"caption-attachment-15454\" class=\"wp-caption-text\">Archivfoto vom 24.03.2019<\/figcaption><\/figure>\n<figure id=\"attachment_15450\" aria-describedby=\"caption-attachment-15450\" style=\"width: 300px\" class=\"wp-caption alignright\"><a href=\"https:\/\/www.neuperlach.org\/blog\/wp-content\/uploads\/2020\/04\/IMG_8135.jpg\"><img loading=\"lazy\" decoding=\"async\" class=\"size-medium wp-image-15450\" src=\"https:\/\/www.neuperlach.org\/blog\/wp-content\/uploads\/2020\/04\/IMG_8135-300x225.jpg\" alt=\"Grundschule am Strehleranger\" width=\"300\" height=\"225\" srcset=\"https:\/\/www.neuperlach.org\/blog\/wp-content\/uploads\/2020\/04\/IMG_8135-300x225.jpg 300w, https:\/\/www.neuperlach.org\/blog\/wp-content\/uploads\/2020\/04\/IMG_8135-1024x768.jpg 1024w, https:\/\/www.neuperlach.org\/blog\/wp-content\/uploads\/2020\/04\/IMG_8135-768x576.jpg 768w, https:\/\/www.neuperlach.org\/blog\/wp-content\/uploads\/2020\/04\/IMG_8135-1536x1152.jpg 1536w, https:\/\/www.neuperlach.org\/blog\/wp-content\/uploads\/2020\/04\/IMG_8135-1200x900.jpg 1200w, https:\/\/www.neuperlach.org\/blog\/wp-content\/uploads\/2020\/04\/IMG_8135.jpg 1920w\" sizes=\"auto, (max-width: 300px) 100vw, 300px\" \/><\/a><figcaption id=\"caption-attachment-15450\" class=\"wp-caption-text\">Archivfoto vom 24.03.2019<\/figcaption><\/figure>\n<p>Wieder einmal ist ein Bau verschwunden, an den viele (auch ehemalige) Neuperlacher viele Erinnerungen haben. Die Grundschule am Strehleranger 4 (benannt nach dem P\u00e4dagogen Dr. Adolf Strehler; Sch\u00fclerverballhornung &#8222;Streberanger&#8220;) in Neuperlach West wurde abgerissen und wird neu gebaut. Gr\u00fcnde waren der schlechte Zustand des Geb\u00e4udes sowie steigende Sch\u00fclerzahlen.<\/p>\n<p>Es entsteht eine 6-z\u00fcgige Grundschule, eine 3-z\u00fcgige Mittelschule und ein Hauses f\u00fcr Kinder mit 3 Krippen- und 4 Kindergartengruppen. Der Neubau wird weit mehr Sch\u00fcler aufnehmen, konkret bis zu 1.200. Bislang wurden 350 Sch\u00fcler unterrichtet. Der Neubau soll zum Schuljahr 2023\/2024 fertiggestellt werden.<\/p>\n<ul>\n<li><a href=\"https:\/\/www.neuperlach.org\/blog\/?page_id=15411#strehlerschule\">Abschiedsbilder von der Schule gibt es in der Rubrik Historisches<\/a><\/li>\n<li><a href=\"https:\/\/www.hoenninger.de\/aktuelle-neuigkeiten-zum-bauprojekt-strehleranger-im-maerz-2021\/?fbclid=IwAR2yF0JurYlot4HuCH5IKDJmynhfcrMTn5ncsxzMefdOEp2CevdUA-IXTmI\" target=\"_blank\" rel=\"noopener\">Website des verantwortlichen Bauunternehmers E. H\u00f6ninger<\/a><\/li>\n<\/ul>\n<h3>28 Meter hohe Schallschutz\u00adwand \u2013 entsteht hier die Optik eines Hochsicherheits\u00adgef\u00e4ngnisses?<\/h3>\n<p>Der Bau war in die Kritik geraten, da eine 28 Meter hohe Schallschutzwand um das Geb\u00e4ude gezogen werden sollte, das w\u00e4re in etwa die H\u00f6he eines 9-st\u00f6ckigen Hauses. <strong>Die Schallschutzwand soll aber nun doch nicht realisiert werden. <\/strong>Quelle: <a href=\"https:\/\/www.tz.de\/muenchen\/stadt\/muenchen-ort29098\/muenchen-neuperlach-neubau-schule-campus-strehleranger-laermschutzgutachten-irritationen-13811916.html\" target=\"_blank\" rel=\"noopener noreferrer\">tz: Pl\u00e4ne f\u00fcr M\u00fcnchner Schule bekannt \u2013 Lokalpolitiker entsetzt: &#8222;Hat uns aus den Socken gehauen&#8220;<\/a><strong><br \/>\n<\/strong><\/p>\n<p>Der Schulbetrieb geht in einer Containerstadt weiter, die auf dem Schulgrundst\u00fcck aufgestellt wurde. F\u00fcr die Containerstadt wurde sogar eine eigene Hausnummer Staudingerstra\u00dfe 36 vergeben. Wie zu ahnen ist, erfolgt die Zufahrt \u00fcber die Staudingerstra\u00dfe.<\/p>\n<figure id=\"attachment_15442\" aria-describedby=\"caption-attachment-15442\" style=\"width: 580px\" class=\"wp-caption alignnone\"><a href=\"https:\/\/www.neuperlach.org\/blog\/wp-content\/uploads\/2020\/04\/IMG_3243.jpg\"><img loading=\"lazy\" decoding=\"async\" class=\"size-large wp-image-15442\" src=\"https:\/\/www.neuperlach.org\/blog\/wp-content\/uploads\/2020\/04\/IMG_3243-1024x768.jpg\" alt=\"Grundschule am Strehleranger\" width=\"580\" height=\"435\" srcset=\"https:\/\/www.neuperlach.org\/blog\/wp-content\/uploads\/2020\/04\/IMG_3243-1024x768.jpg 1024w, https:\/\/www.neuperlach.org\/blog\/wp-content\/uploads\/2020\/04\/IMG_3243-300x225.jpg 300w, https:\/\/www.neuperlach.org\/blog\/wp-content\/uploads\/2020\/04\/IMG_3243-768x576.jpg 768w, https:\/\/www.neuperlach.org\/blog\/wp-content\/uploads\/2020\/04\/IMG_3243-1536x1152.jpg 1536w, https:\/\/www.neuperlach.org\/blog\/wp-content\/uploads\/2020\/04\/IMG_3243-1200x900.jpg 1200w, https:\/\/www.neuperlach.org\/blog\/wp-content\/uploads\/2020\/04\/IMG_3243.jpg 1920w\" sizes=\"auto, (max-width: 580px) 100vw, 580px\" \/><\/a><figcaption id=\"caption-attachment-15442\" class=\"wp-caption-text\">Grundschule am Strehleranger (06.04.2020) \u00a9 Thomas Irlbeck<\/figcaption><\/figure>\n<figure id=\"attachment_15441\" aria-describedby=\"caption-attachment-15441\" style=\"width: 580px\" class=\"wp-caption alignnone\"><a href=\"https:\/\/www.neuperlach.org\/blog\/wp-content\/uploads\/2020\/04\/IMG_3247.jpg\"><img loading=\"lazy\" decoding=\"async\" class=\"size-large wp-image-15441\" src=\"https:\/\/www.neuperlach.org\/blog\/wp-content\/uploads\/2020\/04\/IMG_3247-1024x778.jpg\" alt=\"Grundschule am Strehleranger\" width=\"580\" height=\"441\" srcset=\"https:\/\/www.neuperlach.org\/blog\/wp-content\/uploads\/2020\/04\/IMG_3247-1024x778.jpg 1024w, https:\/\/www.neuperlach.org\/blog\/wp-content\/uploads\/2020\/04\/IMG_3247-300x228.jpg 300w, https:\/\/www.neuperlach.org\/blog\/wp-content\/uploads\/2020\/04\/IMG_3247-768x584.jpg 768w, https:\/\/www.neuperlach.org\/blog\/wp-content\/uploads\/2020\/04\/IMG_3247-1536x1167.jpg 1536w, https:\/\/www.neuperlach.org\/blog\/wp-content\/uploads\/2020\/04\/IMG_3247-1200x912.jpg 1200w, https:\/\/www.neuperlach.org\/blog\/wp-content\/uploads\/2020\/04\/IMG_3247.jpg 1920w\" sizes=\"auto, (max-width: 580px) 100vw, 580px\" \/><\/a><figcaption id=\"caption-attachment-15441\" class=\"wp-caption-text\">Grundschule am Strehleranger (06.04.2020) \u00a9 Thomas Irlbeck<\/figcaption><\/figure>\n<figure id=\"attachment_15440\" aria-describedby=\"caption-attachment-15440\" style=\"width: 580px\" class=\"wp-caption alignnone\"><a href=\"https:\/\/www.neuperlach.org\/blog\/wp-content\/uploads\/2020\/04\/IMG_3248.jpg\"><img loading=\"lazy\" decoding=\"async\" class=\"size-large wp-image-15440\" src=\"https:\/\/www.neuperlach.org\/blog\/wp-content\/uploads\/2020\/04\/IMG_3248-1024x768.jpg\" alt=\"Grundschule am Strehleranger\" width=\"580\" height=\"435\" srcset=\"https:\/\/www.neuperlach.org\/blog\/wp-content\/uploads\/2020\/04\/IMG_3248-1024x768.jpg 1024w, https:\/\/www.neuperlach.org\/blog\/wp-content\/uploads\/2020\/04\/IMG_3248-300x225.jpg 300w, https:\/\/www.neuperlach.org\/blog\/wp-content\/uploads\/2020\/04\/IMG_3248-768x576.jpg 768w, https:\/\/www.neuperlach.org\/blog\/wp-content\/uploads\/2020\/04\/IMG_3248-1536x1152.jpg 1536w, https:\/\/www.neuperlach.org\/blog\/wp-content\/uploads\/2020\/04\/IMG_3248-1200x900.jpg 1200w, https:\/\/www.neuperlach.org\/blog\/wp-content\/uploads\/2020\/04\/IMG_3248.jpg 1920w\" sizes=\"auto, (max-width: 580px) 100vw, 580px\" \/><\/a><figcaption id=\"caption-attachment-15440\" class=\"wp-caption-text\">Grundschule am Strehleranger (06.04.2020) \u00a9 Thomas Irlbeck<\/figcaption><\/figure>\n<figure id=\"attachment_15439\" aria-describedby=\"caption-attachment-15439\" style=\"width: 580px\" class=\"wp-caption alignnone\"><a href=\"https:\/\/www.neuperlach.org\/blog\/wp-content\/uploads\/2020\/04\/IMG_3249.jpg\"><img loading=\"lazy\" decoding=\"async\" class=\"size-large wp-image-15439\" src=\"https:\/\/www.neuperlach.org\/blog\/wp-content\/uploads\/2020\/04\/IMG_3249-1024x768.jpg\" alt=\"Grundschule am Strehleranger\" width=\"580\" height=\"435\" srcset=\"https:\/\/www.neuperlach.org\/blog\/wp-content\/uploads\/2020\/04\/IMG_3249-1024x768.jpg 1024w, https:\/\/www.neuperlach.org\/blog\/wp-content\/uploads\/2020\/04\/IMG_3249-300x225.jpg 300w, https:\/\/www.neuperlach.org\/blog\/wp-content\/uploads\/2020\/04\/IMG_3249-768x576.jpg 768w, https:\/\/www.neuperlach.org\/blog\/wp-content\/uploads\/2020\/04\/IMG_3249-1536x1152.jpg 1536w, https:\/\/www.neuperlach.org\/blog\/wp-content\/uploads\/2020\/04\/IMG_3249-1200x900.jpg 1200w, https:\/\/www.neuperlach.org\/blog\/wp-content\/uploads\/2020\/04\/IMG_3249.jpg 1920w\" sizes=\"auto, (max-width: 580px) 100vw, 580px\" \/><\/a><figcaption id=\"caption-attachment-15439\" class=\"wp-caption-text\">Die Turnhalle (wei\u00dfes Geb\u00e4ude hinter der Wand) bleibt stehen, damit der Sportbetrieb weitergehen kann (06.04.2020) \u00a9 Thomas Irlbeck<\/figcaption><\/figure>\n<h3>Stand der Bauarbeiten (Update 28.08.2020)<\/h3>\n<figure id=\"attachment_16532\" aria-describedby=\"caption-attachment-16532\" style=\"width: 580px\" class=\"wp-caption alignnone\"><a href=\"https:\/\/www.neuperlach.org\/blog\/wp-content\/uploads\/2020\/04\/IMG_4617.jpg\"><img loading=\"lazy\" decoding=\"async\" class=\"size-large wp-image-16532\" src=\"https:\/\/www.neuperlach.org\/blog\/wp-content\/uploads\/2020\/04\/IMG_4617-1024x783.jpg\" alt=\"Grundschule am Strehleranger\" width=\"580\" height=\"443\" srcset=\"https:\/\/www.neuperlach.org\/blog\/wp-content\/uploads\/2020\/04\/IMG_4617-1024x783.jpg 1024w, https:\/\/www.neuperlach.org\/blog\/wp-content\/uploads\/2020\/04\/IMG_4617-300x229.jpg 300w, https:\/\/www.neuperlach.org\/blog\/wp-content\/uploads\/2020\/04\/IMG_4617-768x587.jpg 768w, https:\/\/www.neuperlach.org\/blog\/wp-content\/uploads\/2020\/04\/IMG_4617-1536x1174.jpg 1536w, https:\/\/www.neuperlach.org\/blog\/wp-content\/uploads\/2020\/04\/IMG_4617-1200x918.jpg 1200w, https:\/\/www.neuperlach.org\/blog\/wp-content\/uploads\/2020\/04\/IMG_4617.jpg 1920w\" sizes=\"auto, (max-width: 580px) 100vw, 580px\" \/><\/a><figcaption id=\"caption-attachment-16532\" class=\"wp-caption-text\">Grundschule am Strehleranger (28.08.2020) \u00a9 Thomas Irlbeck<\/figcaption><\/figure>\n<figure id=\"attachment_16531\" aria-describedby=\"caption-attachment-16531\" style=\"width: 580px\" class=\"wp-caption alignnone\"><a href=\"https:\/\/www.neuperlach.org\/blog\/wp-content\/uploads\/2020\/04\/IMG_4618.jpg\"><img loading=\"lazy\" decoding=\"async\" class=\"size-large wp-image-16531\" src=\"https:\/\/www.neuperlach.org\/blog\/wp-content\/uploads\/2020\/04\/IMG_4618-1024x768.jpg\" alt=\"Grundschule am Strehleranger\" width=\"580\" height=\"435\" srcset=\"https:\/\/www.neuperlach.org\/blog\/wp-content\/uploads\/2020\/04\/IMG_4618-1024x768.jpg 1024w, https:\/\/www.neuperlach.org\/blog\/wp-content\/uploads\/2020\/04\/IMG_4618-300x225.jpg 300w, https:\/\/www.neuperlach.org\/blog\/wp-content\/uploads\/2020\/04\/IMG_4618-768x576.jpg 768w, https:\/\/www.neuperlach.org\/blog\/wp-content\/uploads\/2020\/04\/IMG_4618-1536x1152.jpg 1536w, https:\/\/www.neuperlach.org\/blog\/wp-content\/uploads\/2020\/04\/IMG_4618-1200x900.jpg 1200w, https:\/\/www.neuperlach.org\/blog\/wp-content\/uploads\/2020\/04\/IMG_4618.jpg 1920w\" sizes=\"auto, (max-width: 580px) 100vw, 580px\" \/><\/a><figcaption id=\"caption-attachment-16531\" class=\"wp-caption-text\">Grundschule am Strehleranger (28.08.2020) \u00a9 Thomas Irlbeck<\/figcaption><\/figure>\n<figure id=\"attachment_16530\" aria-describedby=\"caption-attachment-16530\" style=\"width: 580px\" class=\"wp-caption alignnone\"><a href=\"https:\/\/www.neuperlach.org\/blog\/wp-content\/uploads\/2020\/04\/IMG_4621.jpg\"><img loading=\"lazy\" decoding=\"async\" class=\"size-large wp-image-16530\" src=\"https:\/\/www.neuperlach.org\/blog\/wp-content\/uploads\/2020\/04\/IMG_4621-1024x768.jpg\" alt=\"Grundschule am Strehleranger\" width=\"580\" height=\"435\" srcset=\"https:\/\/www.neuperlach.org\/blog\/wp-content\/uploads\/2020\/04\/IMG_4621-1024x768.jpg 1024w, https:\/\/www.neuperlach.org\/blog\/wp-content\/uploads\/2020\/04\/IMG_4621-300x225.jpg 300w, https:\/\/www.neuperlach.org\/blog\/wp-content\/uploads\/2020\/04\/IMG_4621-768x576.jpg 768w, https:\/\/www.neuperlach.org\/blog\/wp-content\/uploads\/2020\/04\/IMG_4621-1536x1152.jpg 1536w, https:\/\/www.neuperlach.org\/blog\/wp-content\/uploads\/2020\/04\/IMG_4621-1200x900.jpg 1200w, https:\/\/www.neuperlach.org\/blog\/wp-content\/uploads\/2020\/04\/IMG_4621.jpg 1920w\" sizes=\"auto, (max-width: 580px) 100vw, 580px\" \/><\/a><figcaption id=\"caption-attachment-16530\" class=\"wp-caption-text\">Grundschule am Strehleranger (28.08.2020) \u00a9 Thomas Irlbeck<\/figcaption><\/figure>\n<figure id=\"attachment_16529\" aria-describedby=\"caption-attachment-16529\" style=\"width: 580px\" class=\"wp-caption alignnone\"><a href=\"https:\/\/www.neuperlach.org\/blog\/wp-content\/uploads\/2020\/04\/IMG_4625.jpg\"><img loading=\"lazy\" decoding=\"async\" class=\"size-large wp-image-16529\" src=\"https:\/\/www.neuperlach.org\/blog\/wp-content\/uploads\/2020\/04\/IMG_4625-1024x768.jpg\" alt=\"Grundschule am Strehleranger\" width=\"580\" height=\"435\" srcset=\"https:\/\/www.neuperlach.org\/blog\/wp-content\/uploads\/2020\/04\/IMG_4625-1024x768.jpg 1024w, https:\/\/www.neuperlach.org\/blog\/wp-content\/uploads\/2020\/04\/IMG_4625-300x225.jpg 300w, https:\/\/www.neuperlach.org\/blog\/wp-content\/uploads\/2020\/04\/IMG_4625-768x576.jpg 768w, https:\/\/www.neuperlach.org\/blog\/wp-content\/uploads\/2020\/04\/IMG_4625-1536x1152.jpg 1536w, https:\/\/www.neuperlach.org\/blog\/wp-content\/uploads\/2020\/04\/IMG_4625-1200x900.jpg 1200w, https:\/\/www.neuperlach.org\/blog\/wp-content\/uploads\/2020\/04\/IMG_4625.jpg 1920w\" sizes=\"auto, (max-width: 580px) 100vw, 580px\" \/><\/a><figcaption id=\"caption-attachment-16529\" class=\"wp-caption-text\">Grundschule am Strehleranger (28.08.2020) \u00a9 Thomas Irlbeck<\/figcaption><\/figure>\n<h3>September 2020<\/h3>\n<figure id=\"attachment_17537\" aria-describedby=\"caption-attachment-17537\" style=\"width: 580px\" class=\"wp-caption alignnone\"><a href=\"https:\/\/www.neuperlach.org\/blog\/wp-content\/uploads\/2020\/04\/20200909_120007.jpg\"><img loading=\"lazy\" decoding=\"async\" class=\"size-large wp-image-17537\" src=\"https:\/\/www.neuperlach.org\/blog\/wp-content\/uploads\/2020\/04\/20200909_120007-1024x614.jpg\" alt=\"Grundschule am Strehleranger\" width=\"580\" height=\"348\" \/><\/a><figcaption id=\"caption-attachment-17537\" class=\"wp-caption-text\">Grundschule am Strehleranger (09.09.2020). Foto: Georg und Marcus Pantel<\/figcaption><\/figure>\n<figure id=\"attachment_17549\" aria-describedby=\"caption-attachment-17549\" style=\"width: 580px\" class=\"wp-caption alignnone\"><a href=\"https:\/\/www.neuperlach.org\/blog\/wp-content\/uploads\/2020\/04\/IMG_20200913_194734.jpg\"><img loading=\"lazy\" decoding=\"async\" class=\"size-large wp-image-17549\" src=\"https:\/\/www.neuperlach.org\/blog\/wp-content\/uploads\/2020\/04\/IMG_20200913_194734-1024x565.jpg\" alt=\"Grundschule am Strehleranger\" width=\"580\" height=\"320\" srcset=\"https:\/\/www.neuperlach.org\/blog\/wp-content\/uploads\/2020\/04\/IMG_20200913_194734-1024x565.jpg 1024w, https:\/\/www.neuperlach.org\/blog\/wp-content\/uploads\/2020\/04\/IMG_20200913_194734-300x166.jpg 300w, https:\/\/www.neuperlach.org\/blog\/wp-content\/uploads\/2020\/04\/IMG_20200913_194734-768x424.jpg 768w, https:\/\/www.neuperlach.org\/blog\/wp-content\/uploads\/2020\/04\/IMG_20200913_194734-1536x848.jpg 1536w, https:\/\/www.neuperlach.org\/blog\/wp-content\/uploads\/2020\/04\/IMG_20200913_194734-1200x663.jpg 1200w, https:\/\/www.neuperlach.org\/blog\/wp-content\/uploads\/2020\/04\/IMG_20200913_194734.jpg 1920w\" sizes=\"auto, (max-width: 580px) 100vw, 580px\" \/><\/a><figcaption id=\"caption-attachment-17549\" class=\"wp-caption-text\">Grundschule am Strehleranger (13.09.2020). Foto: Marcus Pantel<\/figcaption><\/figure>\n<figure id=\"attachment_17555\" aria-describedby=\"caption-attachment-17555\" style=\"width: 580px\" class=\"wp-caption alignnone\"><a href=\"https:\/\/www.neuperlach.org\/blog\/wp-content\/uploads\/2020\/04\/20200915_112423.jpg\"><img loading=\"lazy\" decoding=\"async\" class=\"size-large wp-image-17555\" src=\"https:\/\/www.neuperlach.org\/blog\/wp-content\/uploads\/2020\/04\/20200915_112423-1024x614.jpg\" alt=\"Grundschule am Strehleranger\" width=\"580\" height=\"348\" srcset=\"https:\/\/www.neuperlach.org\/blog\/wp-content\/uploads\/2020\/04\/20200915_112423-1024x614.jpg 1024w, https:\/\/www.neuperlach.org\/blog\/wp-content\/uploads\/2020\/04\/20200915_112423-300x180.jpg 300w, https:\/\/www.neuperlach.org\/blog\/wp-content\/uploads\/2020\/04\/20200915_112423-768x461.jpg 768w, https:\/\/www.neuperlach.org\/blog\/wp-content\/uploads\/2020\/04\/20200915_112423-1536x922.jpg 1536w, https:\/\/www.neuperlach.org\/blog\/wp-content\/uploads\/2020\/04\/20200915_112423-1200x720.jpg 1200w, https:\/\/www.neuperlach.org\/blog\/wp-content\/uploads\/2020\/04\/20200915_112423.jpg 1920w\" sizes=\"auto, (max-width: 580px) 100vw, 580px\" \/><\/a><figcaption id=\"caption-attachment-17555\" class=\"wp-caption-text\">Grundschule am Strehleranger (15.09.2020). Foto: Georg und Marcus Pantel<\/figcaption><\/figure>\n<h3>November 2020<\/h3>\n<figure id=\"attachment_17548\" aria-describedby=\"caption-attachment-17548\" style=\"width: 580px\" class=\"wp-caption alignnone\"><a href=\"https:\/\/www.neuperlach.org\/blog\/wp-content\/uploads\/2020\/04\/20201112_4.jpg\"><img loading=\"lazy\" decoding=\"async\" class=\"size-large wp-image-17548\" src=\"https:\/\/www.neuperlach.org\/blog\/wp-content\/uploads\/2020\/04\/20201112_4-1024x768.jpg\" alt=\"Grundschule am Strehleranger\" width=\"580\" height=\"435\" srcset=\"https:\/\/www.neuperlach.org\/blog\/wp-content\/uploads\/2020\/04\/20201112_4-1024x768.jpg 1024w, https:\/\/www.neuperlach.org\/blog\/wp-content\/uploads\/2020\/04\/20201112_4-300x225.jpg 300w, https:\/\/www.neuperlach.org\/blog\/wp-content\/uploads\/2020\/04\/20201112_4-768x576.jpg 768w, https:\/\/www.neuperlach.org\/blog\/wp-content\/uploads\/2020\/04\/20201112_4-1536x1152.jpg 1536w, https:\/\/www.neuperlach.org\/blog\/wp-content\/uploads\/2020\/04\/20201112_4-1200x900.jpg 1200w, https:\/\/www.neuperlach.org\/blog\/wp-content\/uploads\/2020\/04\/20201112_4.jpg 1920w\" sizes=\"auto, (max-width: 580px) 100vw, 580px\" \/><\/a><figcaption id=\"caption-attachment-17548\" class=\"wp-caption-text\">Grundschule am Strehleranger (12.11.2020). Foto: Georg und Marcus Pantel<\/figcaption><\/figure>\n<figure id=\"attachment_17556\" aria-describedby=\"caption-attachment-17556\" style=\"width: 580px\" class=\"wp-caption alignnone\"><a href=\"https:\/\/www.neuperlach.org\/blog\/wp-content\/uploads\/2020\/04\/IMG_0379.jpg\"><img loading=\"lazy\" decoding=\"async\" class=\"size-large wp-image-17556\" src=\"https:\/\/www.neuperlach.org\/blog\/wp-content\/uploads\/2020\/04\/IMG_0379-1024x791.jpg\" alt=\"Grundschule am Strehleranger\" width=\"580\" height=\"448\" srcset=\"https:\/\/www.neuperlach.org\/blog\/wp-content\/uploads\/2020\/04\/IMG_0379-1024x791.jpg 1024w, https:\/\/www.neuperlach.org\/blog\/wp-content\/uploads\/2020\/04\/IMG_0379-300x232.jpg 300w, https:\/\/www.neuperlach.org\/blog\/wp-content\/uploads\/2020\/04\/IMG_0379-768x594.jpg 768w, https:\/\/www.neuperlach.org\/blog\/wp-content\/uploads\/2020\/04\/IMG_0379-1536x1187.jpg 1536w, https:\/\/www.neuperlach.org\/blog\/wp-content\/uploads\/2020\/04\/IMG_0379-1200x928.jpg 1200w, https:\/\/www.neuperlach.org\/blog\/wp-content\/uploads\/2020\/04\/IMG_0379.jpg 1920w\" sizes=\"auto, (max-width: 580px) 100vw, 580px\" \/><\/a><figcaption id=\"caption-attachment-17556\" class=\"wp-caption-text\">Grundschule am Strehleranger (14.11.2020). Foto: Georg und Marcus Pantel<\/figcaption><\/figure>\n<figure id=\"attachment_17557\" aria-describedby=\"caption-attachment-17557\" style=\"width: 580px\" class=\"wp-caption alignnone\"><a href=\"https:\/\/www.neuperlach.org\/blog\/wp-content\/uploads\/2020\/04\/IMG_0380.jpg\"><img loading=\"lazy\" decoding=\"async\" class=\"size-large wp-image-17557\" src=\"https:\/\/www.neuperlach.org\/blog\/wp-content\/uploads\/2020\/04\/IMG_0380-1024x768.jpg\" alt=\"Grundschule am Strehleranger\" width=\"580\" height=\"435\" srcset=\"https:\/\/www.neuperlach.org\/blog\/wp-content\/uploads\/2020\/04\/IMG_0380-1024x768.jpg 1024w, https:\/\/www.neuperlach.org\/blog\/wp-content\/uploads\/2020\/04\/IMG_0380-300x225.jpg 300w, https:\/\/www.neuperlach.org\/blog\/wp-content\/uploads\/2020\/04\/IMG_0380-768x576.jpg 768w, https:\/\/www.neuperlach.org\/blog\/wp-content\/uploads\/2020\/04\/IMG_0380-1536x1152.jpg 1536w, https:\/\/www.neuperlach.org\/blog\/wp-content\/uploads\/2020\/04\/IMG_0380-1200x900.jpg 1200w, https:\/\/www.neuperlach.org\/blog\/wp-content\/uploads\/2020\/04\/IMG_0380.jpg 1920w\" sizes=\"auto, (max-width: 580px) 100vw, 580px\" \/><\/a><figcaption id=\"caption-attachment-17557\" class=\"wp-caption-text\">Grundschule am Strehleranger (14.11.2020). Foto: Georg und Marcus Pantel<\/figcaption><\/figure>\n<figure id=\"attachment_17547\" aria-describedby=\"caption-attachment-17547\" style=\"width: 580px\" class=\"wp-caption alignnone\"><a href=\"https:\/\/www.neuperlach.org\/blog\/wp-content\/uploads\/2020\/04\/20201112_3.jpg\"><img loading=\"lazy\" decoding=\"async\" class=\"size-large wp-image-17547\" src=\"https:\/\/www.neuperlach.org\/blog\/wp-content\/uploads\/2020\/04\/20201112_3-1024x700.jpg\" alt=\"Grundschule am Strehleranger\" width=\"580\" height=\"396\" srcset=\"https:\/\/www.neuperlach.org\/blog\/wp-content\/uploads\/2020\/04\/20201112_3-1024x700.jpg 1024w, https:\/\/www.neuperlach.org\/blog\/wp-content\/uploads\/2020\/04\/20201112_3-300x205.jpg 300w, https:\/\/www.neuperlach.org\/blog\/wp-content\/uploads\/2020\/04\/20201112_3-768x525.jpg 768w, https:\/\/www.neuperlach.org\/blog\/wp-content\/uploads\/2020\/04\/20201112_3-1536x1050.jpg 1536w, https:\/\/www.neuperlach.org\/blog\/wp-content\/uploads\/2020\/04\/20201112_3-1200x820.jpg 1200w, https:\/\/www.neuperlach.org\/blog\/wp-content\/uploads\/2020\/04\/20201112_3.jpg 1920w\" sizes=\"auto, (max-width: 580px) 100vw, 580px\" \/><\/a><figcaption id=\"caption-attachment-17547\" class=\"wp-caption-text\">Grundschule am Strehleranger (16.11.2020). Foto: Georg und Marcus Pantel<\/figcaption><\/figure>\n<figure id=\"attachment_17554\" aria-describedby=\"caption-attachment-17554\" style=\"width: 580px\" class=\"wp-caption alignnone\"><a href=\"https:\/\/www.neuperlach.org\/blog\/wp-content\/uploads\/2020\/04\/IMG_0402.jpg\"><img loading=\"lazy\" decoding=\"async\" class=\"size-large wp-image-17554\" src=\"https:\/\/www.neuperlach.org\/blog\/wp-content\/uploads\/2020\/04\/IMG_0402-768x1024.jpg\" alt=\"Grundschule am Strehleranger\" width=\"580\" height=\"773\" srcset=\"https:\/\/www.neuperlach.org\/blog\/wp-content\/uploads\/2020\/04\/IMG_0402-768x1024.jpg 768w, https:\/\/www.neuperlach.org\/blog\/wp-content\/uploads\/2020\/04\/IMG_0402-225x300.jpg 225w, https:\/\/www.neuperlach.org\/blog\/wp-content\/uploads\/2020\/04\/IMG_0402-1152x1536.jpg 1152w, https:\/\/www.neuperlach.org\/blog\/wp-content\/uploads\/2020\/04\/IMG_0402-1200x1600.jpg 1200w, https:\/\/www.neuperlach.org\/blog\/wp-content\/uploads\/2020\/04\/IMG_0402.jpg 1440w\" sizes=\"auto, (max-width: 580px) 100vw, 580px\" \/><\/a><figcaption id=\"caption-attachment-17554\" class=\"wp-caption-text\">Grundschule am Strehleranger (17.11.2020). Foto: Georg und Marcus Pantel<\/figcaption><\/figure>\n<figure id=\"attachment_17550\" aria-describedby=\"caption-attachment-17550\" style=\"width: 580px\" class=\"wp-caption alignnone\"><a href=\"https:\/\/www.neuperlach.org\/blog\/wp-content\/uploads\/2020\/04\/IMG_0403.jpg\"><img loading=\"lazy\" decoding=\"async\" class=\"size-large wp-image-17550\" src=\"https:\/\/www.neuperlach.org\/blog\/wp-content\/uploads\/2020\/04\/IMG_0403-1024x768.jpg\" alt=\"Grundschule am Strehleranger\" width=\"580\" height=\"435\" srcset=\"https:\/\/www.neuperlach.org\/blog\/wp-content\/uploads\/2020\/04\/IMG_0403-1024x768.jpg 1024w, https:\/\/www.neuperlach.org\/blog\/wp-content\/uploads\/2020\/04\/IMG_0403-300x225.jpg 300w, https:\/\/www.neuperlach.org\/blog\/wp-content\/uploads\/2020\/04\/IMG_0403-768x576.jpg 768w, https:\/\/www.neuperlach.org\/blog\/wp-content\/uploads\/2020\/04\/IMG_0403-1536x1152.jpg 1536w, https:\/\/www.neuperlach.org\/blog\/wp-content\/uploads\/2020\/04\/IMG_0403-1200x900.jpg 1200w, https:\/\/www.neuperlach.org\/blog\/wp-content\/uploads\/2020\/04\/IMG_0403.jpg 1920w\" sizes=\"auto, (max-width: 580px) 100vw, 580px\" \/><\/a><figcaption id=\"caption-attachment-17550\" class=\"wp-caption-text\">Grundschule am Strehleranger (17.11.2020). Foto: Georg und Marcus Pantel<\/figcaption><\/figure>\n<figure id=\"attachment_17552\" aria-describedby=\"caption-attachment-17552\" style=\"width: 580px\" class=\"wp-caption alignnone\"><a href=\"https:\/\/www.neuperlach.org\/blog\/wp-content\/uploads\/2020\/04\/IMG_0406.jpg\"><img loading=\"lazy\" decoding=\"async\" class=\"size-large wp-image-17552\" src=\"https:\/\/www.neuperlach.org\/blog\/wp-content\/uploads\/2020\/04\/IMG_0406-1024x640.jpg\" alt=\"Grundschule am Strehleranger\" width=\"580\" height=\"363\" srcset=\"https:\/\/www.neuperlach.org\/blog\/wp-content\/uploads\/2020\/04\/IMG_0406-1024x640.jpg 1024w, https:\/\/www.neuperlach.org\/blog\/wp-content\/uploads\/2020\/04\/IMG_0406-300x188.jpg 300w, https:\/\/www.neuperlach.org\/blog\/wp-content\/uploads\/2020\/04\/IMG_0406-768x480.jpg 768w, https:\/\/www.neuperlach.org\/blog\/wp-content\/uploads\/2020\/04\/IMG_0406-1536x960.jpg 1536w, https:\/\/www.neuperlach.org\/blog\/wp-content\/uploads\/2020\/04\/IMG_0406-1200x750.jpg 1200w, https:\/\/www.neuperlach.org\/blog\/wp-content\/uploads\/2020\/04\/IMG_0406.jpg 1920w\" sizes=\"auto, (max-width: 580px) 100vw, 580px\" \/><\/a><figcaption id=\"caption-attachment-17552\" class=\"wp-caption-text\">Grundschule am Strehleranger (19.11.2020). Foto: Georg und Marcus Pantel<\/figcaption><\/figure>\n<figure id=\"attachment_17546\" aria-describedby=\"caption-attachment-17546\" style=\"width: 580px\" class=\"wp-caption alignnone\"><a href=\"https:\/\/www.neuperlach.org\/blog\/wp-content\/uploads\/2020\/04\/20201112_5.jpg\"><img loading=\"lazy\" decoding=\"async\" class=\"size-large wp-image-17546\" src=\"https:\/\/www.neuperlach.org\/blog\/wp-content\/uploads\/2020\/04\/20201112_5-1024x768.jpg\" alt=\"Grundschule am Strehleranger\" width=\"580\" height=\"435\" \/><\/a><figcaption id=\"caption-attachment-17546\" class=\"wp-caption-text\">Grundschule am Strehleranger (26.11.2020). Foto: Georg und Marcus Pantel<\/figcaption><\/figure>\n<figure id=\"attachment_17559\" aria-describedby=\"caption-attachment-17559\" style=\"width: 580px\" class=\"wp-caption alignnone\"><a href=\"https:\/\/www.neuperlach.org\/blog\/wp-content\/uploads\/2020\/04\/IMG_0420.jpg\"><img loading=\"lazy\" decoding=\"async\" class=\"size-large wp-image-17559\" src=\"https:\/\/www.neuperlach.org\/blog\/wp-content\/uploads\/2020\/04\/IMG_0420-1024x702.jpg\" alt=\"Grundschule am Strehleranger\" width=\"580\" height=\"398\" srcset=\"https:\/\/www.neuperlach.org\/blog\/wp-content\/uploads\/2020\/04\/IMG_0420-1024x702.jpg 1024w, https:\/\/www.neuperlach.org\/blog\/wp-content\/uploads\/2020\/04\/IMG_0420-300x206.jpg 300w, https:\/\/www.neuperlach.org\/blog\/wp-content\/uploads\/2020\/04\/IMG_0420-768x526.jpg 768w, https:\/\/www.neuperlach.org\/blog\/wp-content\/uploads\/2020\/04\/IMG_0420-1536x1053.jpg 1536w, https:\/\/www.neuperlach.org\/blog\/wp-content\/uploads\/2020\/04\/IMG_0420-1200x823.jpg 1200w, https:\/\/www.neuperlach.org\/blog\/wp-content\/uploads\/2020\/04\/IMG_0420.jpg 1920w\" sizes=\"auto, (max-width: 580px) 100vw, 580px\" \/><\/a><figcaption id=\"caption-attachment-17559\" class=\"wp-caption-text\">Grundschule am Strehleranger (30.11.2020). Foto: Georg und Marcus Pantel<\/figcaption><\/figure>\n<h3>Dezember 2020<\/h3>\n<figure id=\"attachment_17560\" aria-describedby=\"caption-attachment-17560\" style=\"width: 580px\" class=\"wp-caption alignnone\"><a href=\"https:\/\/www.neuperlach.org\/blog\/wp-content\/uploads\/2020\/04\/IMG_0424.jpg\"><img loading=\"lazy\" decoding=\"async\" class=\"size-large wp-image-17560\" src=\"https:\/\/www.neuperlach.org\/blog\/wp-content\/uploads\/2020\/04\/IMG_0424-1024x700.jpg\" alt=\"Grundschule am Strehleranger\" width=\"580\" height=\"396\" srcset=\"https:\/\/www.neuperlach.org\/blog\/wp-content\/uploads\/2020\/04\/IMG_0424-1024x700.jpg 1024w, https:\/\/www.neuperlach.org\/blog\/wp-content\/uploads\/2020\/04\/IMG_0424-300x205.jpg 300w, https:\/\/www.neuperlach.org\/blog\/wp-content\/uploads\/2020\/04\/IMG_0424-768x525.jpg 768w, https:\/\/www.neuperlach.org\/blog\/wp-content\/uploads\/2020\/04\/IMG_0424-1536x1050.jpg 1536w, https:\/\/www.neuperlach.org\/blog\/wp-content\/uploads\/2020\/04\/IMG_0424-1200x821.jpg 1200w, https:\/\/www.neuperlach.org\/blog\/wp-content\/uploads\/2020\/04\/IMG_0424.jpg 1920w\" sizes=\"auto, (max-width: 580px) 100vw, 580px\" \/><\/a><figcaption id=\"caption-attachment-17560\" class=\"wp-caption-text\">Grundschule am Strehleranger (02.12.2020). Foto: Georg und Marcus Pantel<\/figcaption><\/figure>\n<figure id=\"attachment_17562\" aria-describedby=\"caption-attachment-17562\" style=\"width: 580px\" class=\"wp-caption alignnone\"><a href=\"https:\/\/www.neuperlach.org\/blog\/wp-content\/uploads\/2020\/04\/IMG_0436.jpg\"><img loading=\"lazy\" decoding=\"async\" class=\"size-large wp-image-17562\" src=\"https:\/\/www.neuperlach.org\/blog\/wp-content\/uploads\/2020\/04\/IMG_0436-1024x719.jpg\" alt=\"Grundschule am Strehleranger\" width=\"580\" height=\"407\" srcset=\"https:\/\/www.neuperlach.org\/blog\/wp-content\/uploads\/2020\/04\/IMG_0436-1024x719.jpg 1024w, https:\/\/www.neuperlach.org\/blog\/wp-content\/uploads\/2020\/04\/IMG_0436-300x211.jpg 300w, https:\/\/www.neuperlach.org\/blog\/wp-content\/uploads\/2020\/04\/IMG_0436-768x539.jpg 768w, https:\/\/www.neuperlach.org\/blog\/wp-content\/uploads\/2020\/04\/IMG_0436-1536x1078.jpg 1536w, https:\/\/www.neuperlach.org\/blog\/wp-content\/uploads\/2020\/04\/IMG_0436-1200x843.jpg 1200w, https:\/\/www.neuperlach.org\/blog\/wp-content\/uploads\/2020\/04\/IMG_0436.jpg 1920w\" sizes=\"auto, (max-width: 580px) 100vw, 580px\" \/><\/a><figcaption id=\"caption-attachment-17562\" class=\"wp-caption-text\">Grundschule am Strehleranger (14.12.2020). Foto: Georg und Marcus Pantel<\/figcaption><\/figure>\n<h3>Januar 2021<\/h3>\n<figure id=\"attachment_17563\" aria-describedby=\"caption-attachment-17563\" style=\"width: 580px\" class=\"wp-caption alignnone\"><a href=\"https:\/\/www.neuperlach.org\/blog\/wp-content\/uploads\/2020\/04\/IMG_0462.jpg\"><img loading=\"lazy\" decoding=\"async\" class=\"size-large wp-image-17563\" src=\"https:\/\/www.neuperlach.org\/blog\/wp-content\/uploads\/2020\/04\/IMG_0462-1024x715.jpg\" alt=\"Grundschule am Strehleranger\" width=\"580\" height=\"405\" srcset=\"https:\/\/www.neuperlach.org\/blog\/wp-content\/uploads\/2020\/04\/IMG_0462-1024x715.jpg 1024w, https:\/\/www.neuperlach.org\/blog\/wp-content\/uploads\/2020\/04\/IMG_0462-300x209.jpg 300w, https:\/\/www.neuperlach.org\/blog\/wp-content\/uploads\/2020\/04\/IMG_0462-768x536.jpg 768w, https:\/\/www.neuperlach.org\/blog\/wp-content\/uploads\/2020\/04\/IMG_0462-1536x1072.jpg 1536w, https:\/\/www.neuperlach.org\/blog\/wp-content\/uploads\/2020\/04\/IMG_0462-1200x838.jpg 1200w, https:\/\/www.neuperlach.org\/blog\/wp-content\/uploads\/2020\/04\/IMG_0462.jpg 1920w\" sizes=\"auto, (max-width: 580px) 100vw, 580px\" \/><\/a><figcaption id=\"caption-attachment-17563\" class=\"wp-caption-text\">Grundschule am Strehleranger (24.01.2021). Foto: Georg und Marcus Pantel<\/figcaption><\/figure>\n<h3>Es geht voran (Update 05.02.2021)<\/h3>\n<p>Punktuell ist man bereits im 1. Obergeschoss angekommen.<\/p>\n<figure id=\"attachment_17226\" aria-describedby=\"caption-attachment-17226\" style=\"width: 580px\" class=\"wp-caption alignnone\"><a href=\"https:\/\/www.neuperlach.org\/blog\/wp-content\/uploads\/2020\/04\/IMG_5881.jpg\"><img loading=\"lazy\" decoding=\"async\" class=\"size-large wp-image-17226\" src=\"https:\/\/www.neuperlach.org\/blog\/wp-content\/uploads\/2020\/04\/IMG_5881-1024x803.jpg\" alt=\"Grundschule am Strehleranger\" width=\"580\" height=\"455\" srcset=\"https:\/\/www.neuperlach.org\/blog\/wp-content\/uploads\/2020\/04\/IMG_5881-1024x803.jpg 1024w, https:\/\/www.neuperlach.org\/blog\/wp-content\/uploads\/2020\/04\/IMG_5881-300x235.jpg 300w, https:\/\/www.neuperlach.org\/blog\/wp-content\/uploads\/2020\/04\/IMG_5881-768x602.jpg 768w, https:\/\/www.neuperlach.org\/blog\/wp-content\/uploads\/2020\/04\/IMG_5881-1536x1204.jpg 1536w, https:\/\/www.neuperlach.org\/blog\/wp-content\/uploads\/2020\/04\/IMG_5881-1200x941.jpg 1200w, https:\/\/www.neuperlach.org\/blog\/wp-content\/uploads\/2020\/04\/IMG_5881.jpg 1920w\" sizes=\"auto, (max-width: 580px) 100vw, 580px\" \/><\/a><figcaption id=\"caption-attachment-17226\" class=\"wp-caption-text\">Grundschule am Strehleranger (05.02.2021) \u00a9 Thomas Irlbeck<\/figcaption><\/figure>\n<figure id=\"attachment_17227\" aria-describedby=\"caption-attachment-17227\" style=\"width: 580px\" class=\"wp-caption alignnone\"><a href=\"https:\/\/www.neuperlach.org\/blog\/wp-content\/uploads\/2020\/04\/IMG_5884.jpg\"><img loading=\"lazy\" decoding=\"async\" class=\"size-large wp-image-17227\" src=\"https:\/\/www.neuperlach.org\/blog\/wp-content\/uploads\/2020\/04\/IMG_5884-1024x768.jpg\" alt=\"Grundschule am Strehleranger\" width=\"580\" height=\"435\" srcset=\"https:\/\/www.neuperlach.org\/blog\/wp-content\/uploads\/2020\/04\/IMG_5884-1024x768.jpg 1024w, https:\/\/www.neuperlach.org\/blog\/wp-content\/uploads\/2020\/04\/IMG_5884-300x225.jpg 300w, https:\/\/www.neuperlach.org\/blog\/wp-content\/uploads\/2020\/04\/IMG_5884-768x576.jpg 768w, https:\/\/www.neuperlach.org\/blog\/wp-content\/uploads\/2020\/04\/IMG_5884-1536x1152.jpg 1536w, https:\/\/www.neuperlach.org\/blog\/wp-content\/uploads\/2020\/04\/IMG_5884-1200x900.jpg 1200w, https:\/\/www.neuperlach.org\/blog\/wp-content\/uploads\/2020\/04\/IMG_5884.jpg 1920w\" sizes=\"auto, (max-width: 580px) 100vw, 580px\" \/><\/a><figcaption id=\"caption-attachment-17227\" class=\"wp-caption-text\">Grundschule am Strehleranger (05.02.2021) \u00a9 Thomas Irlbeck<\/figcaption><\/figure>\n<figure id=\"attachment_17228\" aria-describedby=\"caption-attachment-17228\" style=\"width: 580px\" class=\"wp-caption alignnone\"><a href=\"https:\/\/www.neuperlach.org\/blog\/wp-content\/uploads\/2020\/04\/IMG_5887.jpg\"><img loading=\"lazy\" decoding=\"async\" class=\"size-large wp-image-17228\" src=\"https:\/\/www.neuperlach.org\/blog\/wp-content\/uploads\/2020\/04\/IMG_5887-1024x768.jpg\" alt=\"Grundschule am Strehleranger\" width=\"580\" height=\"435\" srcset=\"https:\/\/www.neuperlach.org\/blog\/wp-content\/uploads\/2020\/04\/IMG_5887-1024x768.jpg 1024w, https:\/\/www.neuperlach.org\/blog\/wp-content\/uploads\/2020\/04\/IMG_5887-300x225.jpg 300w, https:\/\/www.neuperlach.org\/blog\/wp-content\/uploads\/2020\/04\/IMG_5887-768x576.jpg 768w, https:\/\/www.neuperlach.org\/blog\/wp-content\/uploads\/2020\/04\/IMG_5887-1536x1152.jpg 1536w, https:\/\/www.neuperlach.org\/blog\/wp-content\/uploads\/2020\/04\/IMG_5887-1200x900.jpg 1200w, https:\/\/www.neuperlach.org\/blog\/wp-content\/uploads\/2020\/04\/IMG_5887.jpg 1920w\" sizes=\"auto, (max-width: 580px) 100vw, 580px\" \/><\/a><figcaption id=\"caption-attachment-17228\" class=\"wp-caption-text\">Grundschule am Strehleranger (05.02.2021) \u00a9 Thomas Irlbeck<\/figcaption><\/figure>\n<figure id=\"attachment_17229\" aria-describedby=\"caption-attachment-17229\" style=\"width: 580px\" class=\"wp-caption alignnone\"><a href=\"https:\/\/www.neuperlach.org\/blog\/wp-content\/uploads\/2020\/04\/IMG_5890.jpg\"><img loading=\"lazy\" decoding=\"async\" class=\"size-large wp-image-17229\" src=\"https:\/\/www.neuperlach.org\/blog\/wp-content\/uploads\/2020\/04\/IMG_5890-1024x768.jpg\" alt=\"Grundschule am Strehleranger\" width=\"580\" height=\"435\" srcset=\"https:\/\/www.neuperlach.org\/blog\/wp-content\/uploads\/2020\/04\/IMG_5890-1024x768.jpg 1024w, https:\/\/www.neuperlach.org\/blog\/wp-content\/uploads\/2020\/04\/IMG_5890-300x225.jpg 300w, https:\/\/www.neuperlach.org\/blog\/wp-content\/uploads\/2020\/04\/IMG_5890-768x576.jpg 768w, https:\/\/www.neuperlach.org\/blog\/wp-content\/uploads\/2020\/04\/IMG_5890-1536x1152.jpg 1536w, https:\/\/www.neuperlach.org\/blog\/wp-content\/uploads\/2020\/04\/IMG_5890-1200x900.jpg 1200w, https:\/\/www.neuperlach.org\/blog\/wp-content\/uploads\/2020\/04\/IMG_5890.jpg 1920w\" sizes=\"auto, (max-width: 580px) 100vw, 580px\" \/><\/a><figcaption id=\"caption-attachment-17229\" class=\"wp-caption-text\">Grundschule am Strehleranger (05.02.2021) \u00a9 Thomas Irlbeck<\/figcaption><\/figure>\n<figure id=\"attachment_17230\" aria-describedby=\"caption-attachment-17230\" style=\"width: 580px\" class=\"wp-caption alignnone\"><a href=\"https:\/\/www.neuperlach.org\/blog\/wp-content\/uploads\/2020\/04\/IMG_5893.jpg\"><img loading=\"lazy\" decoding=\"async\" class=\"size-large wp-image-17230\" src=\"https:\/\/www.neuperlach.org\/blog\/wp-content\/uploads\/2020\/04\/IMG_5893-1024x768.jpg\" alt=\"Grundschule am Strehleranger\" width=\"580\" height=\"435\" srcset=\"https:\/\/www.neuperlach.org\/blog\/wp-content\/uploads\/2020\/04\/IMG_5893-1024x768.jpg 1024w, https:\/\/www.neuperlach.org\/blog\/wp-content\/uploads\/2020\/04\/IMG_5893-300x225.jpg 300w, https:\/\/www.neuperlach.org\/blog\/wp-content\/uploads\/2020\/04\/IMG_5893-768x576.jpg 768w, https:\/\/www.neuperlach.org\/blog\/wp-content\/uploads\/2020\/04\/IMG_5893-1536x1152.jpg 1536w, https:\/\/www.neuperlach.org\/blog\/wp-content\/uploads\/2020\/04\/IMG_5893-1200x900.jpg 1200w, https:\/\/www.neuperlach.org\/blog\/wp-content\/uploads\/2020\/04\/IMG_5893.jpg 1920w\" sizes=\"auto, (max-width: 580px) 100vw, 580px\" \/><\/a><figcaption id=\"caption-attachment-17230\" class=\"wp-caption-text\">Zur Fortsetzung des Schulbetriebes wurde eine Containerstadt errichtet (05.02.2021) \u00a9 Thomas Irlbeck<\/figcaption><\/figure>\n<figure id=\"attachment_17593\" aria-describedby=\"caption-attachment-17593\" style=\"width: 580px\" class=\"wp-caption alignnone\"><a href=\"https:\/\/www.neuperlach.org\/blog\/wp-content\/uploads\/2021\/04\/IMG_0480.jpg\"><img loading=\"lazy\" decoding=\"async\" class=\"size-large wp-image-17593\" src=\"https:\/\/www.neuperlach.org\/blog\/wp-content\/uploads\/2021\/04\/IMG_0480-1024x673.jpg\" alt=\"Grundschule am Strehleranger\" width=\"580\" height=\"381\" srcset=\"https:\/\/www.neuperlach.org\/blog\/wp-content\/uploads\/2021\/04\/IMG_0480-1024x673.jpg 1024w, https:\/\/www.neuperlach.org\/blog\/wp-content\/uploads\/2021\/04\/IMG_0480-300x197.jpg 300w, https:\/\/www.neuperlach.org\/blog\/wp-content\/uploads\/2021\/04\/IMG_0480-768x505.jpg 768w, https:\/\/www.neuperlach.org\/blog\/wp-content\/uploads\/2021\/04\/IMG_0480-1536x1010.jpg 1536w, https:\/\/www.neuperlach.org\/blog\/wp-content\/uploads\/2021\/04\/IMG_0480-1200x789.jpg 1200w, https:\/\/www.neuperlach.org\/blog\/wp-content\/uploads\/2021\/04\/IMG_0480.jpg 1920w\" sizes=\"auto, (max-width: 580px) 100vw, 580px\" \/><\/a><figcaption id=\"caption-attachment-17593\" class=\"wp-caption-text\">Grundschule am Strehleranger (13.02.2021). Foto: Georg und Marcus Pantel<\/figcaption><\/figure>\n<h3>M\u00e4rz 2021: Geschoss Nr. 3 in Arbeit!<\/h3>\n<figure id=\"attachment_17640\" aria-describedby=\"caption-attachment-17640\" style=\"width: 580px\" class=\"wp-caption alignnone\"><a href=\"https:\/\/www.neuperlach.org\/blog\/wp-content\/uploads\/2020\/04\/IMG_0533.jpg\"><img loading=\"lazy\" decoding=\"async\" class=\"size-large wp-image-17640\" src=\"https:\/\/www.neuperlach.org\/blog\/wp-content\/uploads\/2020\/04\/IMG_0533-1024x768.jpg\" alt=\"Grundschule am Strehleranger\" width=\"580\" height=\"435\" srcset=\"https:\/\/www.neuperlach.org\/blog\/wp-content\/uploads\/2020\/04\/IMG_0533-1024x768.jpg 1024w, https:\/\/www.neuperlach.org\/blog\/wp-content\/uploads\/2020\/04\/IMG_0533-300x225.jpg 300w, https:\/\/www.neuperlach.org\/blog\/wp-content\/uploads\/2020\/04\/IMG_0533-768x576.jpg 768w, https:\/\/www.neuperlach.org\/blog\/wp-content\/uploads\/2020\/04\/IMG_0533-1536x1152.jpg 1536w, https:\/\/www.neuperlach.org\/blog\/wp-content\/uploads\/2020\/04\/IMG_0533-1200x900.jpg 1200w, https:\/\/www.neuperlach.org\/blog\/wp-content\/uploads\/2020\/04\/IMG_0533.jpg 1920w\" sizes=\"auto, (max-width: 580px) 100vw, 580px\" \/><\/a><figcaption id=\"caption-attachment-17640\" class=\"wp-caption-text\">Auch zu sehen: Die alte Turnhalle steht noch, links vom zweiten Kran im Hintergrund (11.03.2021). Foto: Georg und Marcus Pantel<\/figcaption><\/figure>\n<figure id=\"attachment_17631\" aria-describedby=\"caption-attachment-17631\" style=\"width: 580px\" class=\"wp-caption alignnone\"><a href=\"https:\/\/www.neuperlach.org\/blog\/wp-content\/uploads\/2020\/04\/f5bb4c12-183d-4971-9fce-18b0e5044532.jpg\"><img loading=\"lazy\" decoding=\"async\" class=\"size-large wp-image-17631\" src=\"https:\/\/www.neuperlach.org\/blog\/wp-content\/uploads\/2020\/04\/f5bb4c12-183d-4971-9fce-18b0e5044532-1024x472.jpg\" alt=\"Grundschule am Strehleranger\" width=\"580\" height=\"267\" srcset=\"https:\/\/www.neuperlach.org\/blog\/wp-content\/uploads\/2020\/04\/f5bb4c12-183d-4971-9fce-18b0e5044532-1024x472.jpg 1024w, https:\/\/www.neuperlach.org\/blog\/wp-content\/uploads\/2020\/04\/f5bb4c12-183d-4971-9fce-18b0e5044532-300x138.jpg 300w, https:\/\/www.neuperlach.org\/blog\/wp-content\/uploads\/2020\/04\/f5bb4c12-183d-4971-9fce-18b0e5044532-768x354.jpg 768w, https:\/\/www.neuperlach.org\/blog\/wp-content\/uploads\/2020\/04\/f5bb4c12-183d-4971-9fce-18b0e5044532-1536x708.jpg 1536w, https:\/\/www.neuperlach.org\/blog\/wp-content\/uploads\/2020\/04\/f5bb4c12-183d-4971-9fce-18b0e5044532-1200x554.jpg 1200w, https:\/\/www.neuperlach.org\/blog\/wp-content\/uploads\/2020\/04\/f5bb4c12-183d-4971-9fce-18b0e5044532.jpg 1600w\" sizes=\"auto, (max-width: 580px) 100vw, 580px\" \/><\/a><figcaption id=\"caption-attachment-17631\" class=\"wp-caption-text\">Grundschule am Strehleranger (11.03.2021). Foto: Georg und Marcus Pantel<\/figcaption><\/figure>\n<figure id=\"attachment_17639\" aria-describedby=\"caption-attachment-17639\" style=\"width: 580px\" class=\"wp-caption alignnone\"><a href=\"https:\/\/www.neuperlach.org\/blog\/wp-content\/uploads\/2020\/04\/ce987b9b-9530-434f-b99b-ccdbf77dd8e3.jpg\"><img loading=\"lazy\" decoding=\"async\" class=\"size-large wp-image-17639\" src=\"https:\/\/www.neuperlach.org\/blog\/wp-content\/uploads\/2020\/04\/ce987b9b-9530-434f-b99b-ccdbf77dd8e3-1024x472.jpg\" alt=\"Grundschule am Strehleranger\" width=\"580\" height=\"267\" srcset=\"https:\/\/www.neuperlach.org\/blog\/wp-content\/uploads\/2020\/04\/ce987b9b-9530-434f-b99b-ccdbf77dd8e3-1024x472.jpg 1024w, https:\/\/www.neuperlach.org\/blog\/wp-content\/uploads\/2020\/04\/ce987b9b-9530-434f-b99b-ccdbf77dd8e3-300x138.jpg 300w, https:\/\/www.neuperlach.org\/blog\/wp-content\/uploads\/2020\/04\/ce987b9b-9530-434f-b99b-ccdbf77dd8e3-768x354.jpg 768w, https:\/\/www.neuperlach.org\/blog\/wp-content\/uploads\/2020\/04\/ce987b9b-9530-434f-b99b-ccdbf77dd8e3-1536x708.jpg 1536w, https:\/\/www.neuperlach.org\/blog\/wp-content\/uploads\/2020\/04\/ce987b9b-9530-434f-b99b-ccdbf77dd8e3-1200x554.jpg 1200w, https:\/\/www.neuperlach.org\/blog\/wp-content\/uploads\/2020\/04\/ce987b9b-9530-434f-b99b-ccdbf77dd8e3.jpg 1600w\" sizes=\"auto, (max-width: 580px) 100vw, 580px\" \/><\/a><figcaption id=\"caption-attachment-17639\" class=\"wp-caption-text\">Grundschule am Strehleranger (11.03.2021). Foto: Georg und Marcus Pantel<\/figcaption><\/figure>\n<figure id=\"attachment_17628\" aria-describedby=\"caption-attachment-17628\" style=\"width: 580px\" class=\"wp-caption alignnone\"><a href=\"https:\/\/www.neuperlach.org\/blog\/wp-content\/uploads\/2020\/04\/IMG_0574.jpg\"><img loading=\"lazy\" decoding=\"async\" class=\"size-large wp-image-17628\" src=\"https:\/\/www.neuperlach.org\/blog\/wp-content\/uploads\/2020\/04\/IMG_0574-1024x576.jpg\" alt=\"Grundschule am Strehleranger\" width=\"580\" height=\"326\" srcset=\"https:\/\/www.neuperlach.org\/blog\/wp-content\/uploads\/2020\/04\/IMG_0574-1024x576.jpg 1024w, https:\/\/www.neuperlach.org\/blog\/wp-content\/uploads\/2020\/04\/IMG_0574-300x169.jpg 300w, https:\/\/www.neuperlach.org\/blog\/wp-content\/uploads\/2020\/04\/IMG_0574-768x432.jpg 768w, https:\/\/www.neuperlach.org\/blog\/wp-content\/uploads\/2020\/04\/IMG_0574-1536x864.jpg 1536w, https:\/\/www.neuperlach.org\/blog\/wp-content\/uploads\/2020\/04\/IMG_0574-1200x675.jpg 1200w, https:\/\/www.neuperlach.org\/blog\/wp-content\/uploads\/2020\/04\/IMG_0574.jpg 1920w\" sizes=\"auto, (max-width: 580px) 100vw, 580px\" \/><\/a><figcaption id=\"caption-attachment-17628\" class=\"wp-caption-text\">Auch bei Schneefall f\u00e4llt der Weiterbau keinesfalls aus! (17.03.2021). Foto: Georg und Marcus Pantel<\/figcaption><\/figure>\n<figure id=\"attachment_17627\" aria-describedby=\"caption-attachment-17627\" style=\"width: 580px\" class=\"wp-caption alignnone\"><a href=\"https:\/\/www.neuperlach.org\/blog\/wp-content\/uploads\/2021\/03\/IMG_0576.jpg\"><img loading=\"lazy\" decoding=\"async\" class=\"size-large wp-image-17627\" src=\"https:\/\/www.neuperlach.org\/blog\/wp-content\/uploads\/2021\/03\/IMG_0576-1024x548.jpg\" alt=\"Grundschule am Strehleranger\" width=\"580\" height=\"310\" srcset=\"https:\/\/www.neuperlach.org\/blog\/wp-content\/uploads\/2021\/03\/IMG_0576-1024x548.jpg 1024w, https:\/\/www.neuperlach.org\/blog\/wp-content\/uploads\/2021\/03\/IMG_0576-300x160.jpg 300w, https:\/\/www.neuperlach.org\/blog\/wp-content\/uploads\/2021\/03\/IMG_0576-768x411.jpg 768w, https:\/\/www.neuperlach.org\/blog\/wp-content\/uploads\/2021\/03\/IMG_0576-1536x822.jpg 1536w, https:\/\/www.neuperlach.org\/blog\/wp-content\/uploads\/2021\/03\/IMG_0576-1200x642.jpg 1200w, https:\/\/www.neuperlach.org\/blog\/wp-content\/uploads\/2021\/03\/IMG_0576.jpg 1920w\" sizes=\"auto, (max-width: 580px) 100vw, 580px\" \/><\/a><figcaption id=\"caption-attachment-17627\" class=\"wp-caption-text\">Grundschule am Strehleranger (25.03.2021). Foto: Georg und Marcus Pantel<\/figcaption><\/figure>\n<h3>April 2021: Geschoss Nr. 4 steht bevor!<\/h3>\n<figure id=\"attachment_17648\" aria-describedby=\"caption-attachment-17648\" style=\"width: 580px\" class=\"wp-caption alignnone\"><a href=\"https:\/\/www.neuperlach.org\/blog\/wp-content\/uploads\/2020\/04\/IMG_0619.jpg\"><img loading=\"lazy\" decoding=\"async\" class=\"size-large wp-image-17648\" src=\"https:\/\/www.neuperlach.org\/blog\/wp-content\/uploads\/2020\/04\/IMG_0619-1024x576.jpg\" alt=\"Grundschule am Strehleranger\" width=\"580\" height=\"326\" srcset=\"https:\/\/www.neuperlach.org\/blog\/wp-content\/uploads\/2020\/04\/IMG_0619-1024x576.jpg 1024w, https:\/\/www.neuperlach.org\/blog\/wp-content\/uploads\/2020\/04\/IMG_0619-300x169.jpg 300w, https:\/\/www.neuperlach.org\/blog\/wp-content\/uploads\/2020\/04\/IMG_0619-768x432.jpg 768w, https:\/\/www.neuperlach.org\/blog\/wp-content\/uploads\/2020\/04\/IMG_0619-1536x864.jpg 1536w, https:\/\/www.neuperlach.org\/blog\/wp-content\/uploads\/2020\/04\/IMG_0619-1200x675.jpg 1200w, https:\/\/www.neuperlach.org\/blog\/wp-content\/uploads\/2020\/04\/IMG_0619.jpg 1920w\" sizes=\"auto, (max-width: 580px) 100vw, 580px\" \/><\/a><figcaption id=\"caption-attachment-17648\" class=\"wp-caption-text\">Eine Betonpumpe rollt an (10.04.2021). Foto: Georg und Marcus Pantel<\/figcaption><\/figure>\n<figure id=\"attachment_17646\" aria-describedby=\"caption-attachment-17646\" style=\"width: 580px\" class=\"wp-caption alignnone\"><a href=\"https:\/\/www.neuperlach.org\/blog\/wp-content\/uploads\/2021\/03\/IMG_0631.jpg\"><img loading=\"lazy\" decoding=\"async\" class=\"size-large wp-image-17646\" src=\"https:\/\/www.neuperlach.org\/blog\/wp-content\/uploads\/2021\/03\/IMG_0631-1024x640.jpg\" alt=\"Grundschule am Strehleranger\" width=\"580\" height=\"363\" srcset=\"https:\/\/www.neuperlach.org\/blog\/wp-content\/uploads\/2021\/03\/IMG_0631-1024x640.jpg 1024w, https:\/\/www.neuperlach.org\/blog\/wp-content\/uploads\/2021\/03\/IMG_0631-300x187.jpg 300w, https:\/\/www.neuperlach.org\/blog\/wp-content\/uploads\/2021\/03\/IMG_0631-768x480.jpg 768w, https:\/\/www.neuperlach.org\/blog\/wp-content\/uploads\/2021\/03\/IMG_0631-1536x959.jpg 1536w, https:\/\/www.neuperlach.org\/blog\/wp-content\/uploads\/2021\/03\/IMG_0631-1200x750.jpg 1200w, https:\/\/www.neuperlach.org\/blog\/wp-content\/uploads\/2021\/03\/IMG_0631.jpg 1729w\" sizes=\"auto, (max-width: 580px) 100vw, 580px\" \/><\/a><figcaption id=\"caption-attachment-17646\" class=\"wp-caption-text\">Grundschule am Strehleranger (13.04.2021). Foto: Georg und Marcus Pantel<\/figcaption><\/figure>\n<figure id=\"attachment_17664\" aria-describedby=\"caption-attachment-17664\" style=\"width: 580px\" class=\"wp-caption alignnone\"><a href=\"https:\/\/www.neuperlach.org\/blog\/wp-content\/uploads\/2020\/04\/f4d1cd09-924f-4436-9d48-b35c4f2015d4.jpg\"><img loading=\"lazy\" decoding=\"async\" class=\"size-large wp-image-17664\" src=\"https:\/\/www.neuperlach.org\/blog\/wp-content\/uploads\/2020\/04\/f4d1cd09-924f-4436-9d48-b35c4f2015d4-1024x472.jpg\" alt=\"Grundschule am Strehleranger\" width=\"580\" height=\"267\" srcset=\"https:\/\/www.neuperlach.org\/blog\/wp-content\/uploads\/2020\/04\/f4d1cd09-924f-4436-9d48-b35c4f2015d4-1024x472.jpg 1024w, https:\/\/www.neuperlach.org\/blog\/wp-content\/uploads\/2020\/04\/f4d1cd09-924f-4436-9d48-b35c4f2015d4-300x138.jpg 300w, https:\/\/www.neuperlach.org\/blog\/wp-content\/uploads\/2020\/04\/f4d1cd09-924f-4436-9d48-b35c4f2015d4-768x354.jpg 768w, https:\/\/www.neuperlach.org\/blog\/wp-content\/uploads\/2020\/04\/f4d1cd09-924f-4436-9d48-b35c4f2015d4-1536x708.jpg 1536w, https:\/\/www.neuperlach.org\/blog\/wp-content\/uploads\/2020\/04\/f4d1cd09-924f-4436-9d48-b35c4f2015d4-1200x554.jpg 1200w, https:\/\/www.neuperlach.org\/blog\/wp-content\/uploads\/2020\/04\/f4d1cd09-924f-4436-9d48-b35c4f2015d4.jpg 1600w\" sizes=\"auto, (max-width: 580px) 100vw, 580px\" \/><\/a><figcaption id=\"caption-attachment-17664\" class=\"wp-caption-text\">Grundschule am Strehleranger (16.04.2021). Foto: Georg und Marcus Pantel<\/figcaption><\/figure>\n<figure id=\"attachment_17649\" aria-describedby=\"caption-attachment-17649\" style=\"width: 580px\" class=\"wp-caption alignnone\"><a href=\"https:\/\/www.neuperlach.org\/blog\/wp-content\/uploads\/2021\/03\/IMG_0638.jpg\"><img loading=\"lazy\" decoding=\"async\" class=\"size-large wp-image-17649\" src=\"https:\/\/www.neuperlach.org\/blog\/wp-content\/uploads\/2021\/03\/IMG_0638-1024x576.jpg\" alt=\"Grundschule am Strehleranger\" width=\"580\" height=\"326\" srcset=\"https:\/\/www.neuperlach.org\/blog\/wp-content\/uploads\/2021\/03\/IMG_0638-1024x576.jpg 1024w, https:\/\/www.neuperlach.org\/blog\/wp-content\/uploads\/2021\/03\/IMG_0638-300x169.jpg 300w, https:\/\/www.neuperlach.org\/blog\/wp-content\/uploads\/2021\/03\/IMG_0638-768x432.jpg 768w, https:\/\/www.neuperlach.org\/blog\/wp-content\/uploads\/2021\/03\/IMG_0638-1536x864.jpg 1536w, https:\/\/www.neuperlach.org\/blog\/wp-content\/uploads\/2021\/03\/IMG_0638-1200x675.jpg 1200w, https:\/\/www.neuperlach.org\/blog\/wp-content\/uploads\/2021\/03\/IMG_0638.jpg 1920w\" sizes=\"auto, (max-width: 580px) 100vw, 580px\" \/><\/a><figcaption id=\"caption-attachment-17649\" class=\"wp-caption-text\">Grundschule am Strehleranger (14.04.2021). Foto: Georg und Marcus Pantel<\/figcaption><\/figure>\n<figure id=\"attachment_17665\" aria-describedby=\"caption-attachment-17665\" style=\"width: 580px\" class=\"wp-caption alignnone\"><a href=\"https:\/\/www.neuperlach.org\/blog\/wp-content\/uploads\/2020\/04\/IMG_0650.jpg\"><img loading=\"lazy\" decoding=\"async\" class=\"size-large wp-image-17665\" src=\"https:\/\/www.neuperlach.org\/blog\/wp-content\/uploads\/2020\/04\/IMG_0650-1024x576.jpg\" alt=\"Grundschule am Strehleranger\" width=\"580\" height=\"326\" \/><\/a><figcaption id=\"caption-attachment-17665\" class=\"wp-caption-text\">Grundschule am Strehleranger (19.04.2021). Foto: Georg und Marcus Pantel<\/figcaption><\/figure>\n<figure id=\"attachment_17661\" aria-describedby=\"caption-attachment-17661\" style=\"width: 580px\" class=\"wp-caption alignnone\"><a href=\"https:\/\/www.neuperlach.org\/blog\/wp-content\/uploads\/2020\/04\/IMG_0651.jpg\"><img loading=\"lazy\" decoding=\"async\" class=\"size-large wp-image-17661\" src=\"https:\/\/www.neuperlach.org\/blog\/wp-content\/uploads\/2020\/04\/IMG_0651-1024x576.jpg\" alt=\"Grundschule am Strehleranger\" width=\"580\" height=\"326\" srcset=\"https:\/\/www.neuperlach.org\/blog\/wp-content\/uploads\/2020\/04\/IMG_0651-1024x576.jpg 1024w, https:\/\/www.neuperlach.org\/blog\/wp-content\/uploads\/2020\/04\/IMG_0651-300x169.jpg 300w, https:\/\/www.neuperlach.org\/blog\/wp-content\/uploads\/2020\/04\/IMG_0651-768x432.jpg 768w, https:\/\/www.neuperlach.org\/blog\/wp-content\/uploads\/2020\/04\/IMG_0651-1536x864.jpg 1536w, https:\/\/www.neuperlach.org\/blog\/wp-content\/uploads\/2020\/04\/IMG_0651-2048x1152.jpg 2048w, https:\/\/www.neuperlach.org\/blog\/wp-content\/uploads\/2020\/04\/IMG_0651-1200x675.jpg 1200w, https:\/\/www.neuperlach.org\/blog\/wp-content\/uploads\/2020\/04\/IMG_0651-1980x1113.jpg 1980w\" sizes=\"auto, (max-width: 580px) 100vw, 580px\" \/><\/a><figcaption id=\"caption-attachment-17661\" class=\"wp-caption-text\">Grundschule am Strehleranger (19.04.2021). Foto: Georg und Marcus Pantel<\/figcaption><\/figure>\n<figure id=\"attachment_17663\" aria-describedby=\"caption-attachment-17663\" style=\"width: 580px\" class=\"wp-caption alignnone\"><a href=\"https:\/\/www.neuperlach.org\/blog\/wp-content\/uploads\/2020\/04\/IMG_0676.jpg\"><img loading=\"lazy\" decoding=\"async\" class=\"size-large wp-image-17663\" src=\"https:\/\/www.neuperlach.org\/blog\/wp-content\/uploads\/2020\/04\/IMG_0676-1024x590.jpg\" alt=\"Grundschule am Strehleranger\" width=\"580\" height=\"334\" srcset=\"https:\/\/www.neuperlach.org\/blog\/wp-content\/uploads\/2020\/04\/IMG_0676-1024x590.jpg 1024w, https:\/\/www.neuperlach.org\/blog\/wp-content\/uploads\/2020\/04\/IMG_0676-300x173.jpg 300w, https:\/\/www.neuperlach.org\/blog\/wp-content\/uploads\/2020\/04\/IMG_0676-768x443.jpg 768w, https:\/\/www.neuperlach.org\/blog\/wp-content\/uploads\/2020\/04\/IMG_0676-1536x885.jpg 1536w, https:\/\/www.neuperlach.org\/blog\/wp-content\/uploads\/2020\/04\/IMG_0676-2048x1180.jpg 2048w, https:\/\/www.neuperlach.org\/blog\/wp-content\/uploads\/2020\/04\/IMG_0676-1200x692.jpg 1200w, https:\/\/www.neuperlach.org\/blog\/wp-content\/uploads\/2020\/04\/IMG_0676-1980x1141.jpg 1980w\" sizes=\"auto, (max-width: 580px) 100vw, 580px\" \/><\/a><figcaption id=\"caption-attachment-17663\" class=\"wp-caption-text\">Grundschule am Strehleranger (19.04.2021). Foto: Georg und Marcus Pantel<\/figcaption><\/figure>\n<figure id=\"attachment_17662\" aria-describedby=\"caption-attachment-17662\" style=\"width: 580px\" class=\"wp-caption alignnone\"><a href=\"https:\/\/www.neuperlach.org\/blog\/wp-content\/uploads\/2020\/04\/IMG_0677.jpg\"><img loading=\"lazy\" decoding=\"async\" class=\"size-large wp-image-17662\" src=\"https:\/\/www.neuperlach.org\/blog\/wp-content\/uploads\/2020\/04\/IMG_0677-1024x576.jpg\" alt=\"Grundschule am Strehleranger\" width=\"580\" height=\"326\" srcset=\"https:\/\/www.neuperlach.org\/blog\/wp-content\/uploads\/2020\/04\/IMG_0677-1024x576.jpg 1024w, https:\/\/www.neuperlach.org\/blog\/wp-content\/uploads\/2020\/04\/IMG_0677-300x169.jpg 300w, https:\/\/www.neuperlach.org\/blog\/wp-content\/uploads\/2020\/04\/IMG_0677-768x432.jpg 768w, https:\/\/www.neuperlach.org\/blog\/wp-content\/uploads\/2020\/04\/IMG_0677-1536x864.jpg 1536w, https:\/\/www.neuperlach.org\/blog\/wp-content\/uploads\/2020\/04\/IMG_0677-2048x1152.jpg 2048w, https:\/\/www.neuperlach.org\/blog\/wp-content\/uploads\/2020\/04\/IMG_0677-1200x675.jpg 1200w, https:\/\/www.neuperlach.org\/blog\/wp-content\/uploads\/2020\/04\/IMG_0677-1980x1113.jpg 1980w\" sizes=\"auto, (max-width: 580px) 100vw, 580px\" \/><\/a><figcaption id=\"caption-attachment-17662\" class=\"wp-caption-text\">Grundschule am Strehleranger (21.04.2021). Foto: Georg und Marcus Pantel<\/figcaption><\/figure>\n<figure id=\"attachment_17681\" aria-describedby=\"caption-attachment-17681\" style=\"width: 580px\" class=\"wp-caption alignnone\"><a href=\"https:\/\/www.neuperlach.org\/blog\/wp-content\/uploads\/2021\/04\/IMG_0678.jpg\"><img loading=\"lazy\" decoding=\"async\" class=\"size-large wp-image-17681\" src=\"https:\/\/www.neuperlach.org\/blog\/wp-content\/uploads\/2021\/04\/IMG_0678-1024x576.jpg\" alt=\"Grundschule am Strehleranger\" width=\"580\" height=\"326\" srcset=\"https:\/\/www.neuperlach.org\/blog\/wp-content\/uploads\/2021\/04\/IMG_0678-1024x576.jpg 1024w, https:\/\/www.neuperlach.org\/blog\/wp-content\/uploads\/2021\/04\/IMG_0678-300x169.jpg 300w, https:\/\/www.neuperlach.org\/blog\/wp-content\/uploads\/2021\/04\/IMG_0678-768x432.jpg 768w, https:\/\/www.neuperlach.org\/blog\/wp-content\/uploads\/2021\/04\/IMG_0678-1536x864.jpg 1536w, https:\/\/www.neuperlach.org\/blog\/wp-content\/uploads\/2021\/04\/IMG_0678-2048x1152.jpg 2048w, https:\/\/www.neuperlach.org\/blog\/wp-content\/uploads\/2021\/04\/IMG_0678-1200x675.jpg 1200w, https:\/\/www.neuperlach.org\/blog\/wp-content\/uploads\/2021\/04\/IMG_0678-1980x1113.jpg 1980w\" sizes=\"auto, (max-width: 580px) 100vw, 580px\" \/><\/a><figcaption id=\"caption-attachment-17681\" class=\"wp-caption-text\">Grundschule am Strehleranger (21.04.2021). Foto: Georg und Marcus Pantel<\/figcaption><\/figure>\n<p>Die endg\u00fcltige H\u00f6he ist nun erreicht:<\/p>\n<figure id=\"attachment_17700\" aria-describedby=\"caption-attachment-17700\" style=\"width: 580px\" class=\"wp-caption alignnone\"><a href=\"https:\/\/www.neuperlach.org\/blog\/wp-content\/uploads\/2020\/04\/IMG_0704.jpg\"><img loading=\"lazy\" decoding=\"async\" class=\"size-large wp-image-17700\" src=\"https:\/\/www.neuperlach.org\/blog\/wp-content\/uploads\/2020\/04\/IMG_0704-1024x600.jpg\" alt=\"Grundschule am Strehleranger\" width=\"580\" height=\"340\" srcset=\"https:\/\/www.neuperlach.org\/blog\/wp-content\/uploads\/2020\/04\/IMG_0704-1024x600.jpg 1024w, https:\/\/www.neuperlach.org\/blog\/wp-content\/uploads\/2020\/04\/IMG_0704-300x176.jpg 300w, https:\/\/www.neuperlach.org\/blog\/wp-content\/uploads\/2020\/04\/IMG_0704-768x450.jpg 768w, https:\/\/www.neuperlach.org\/blog\/wp-content\/uploads\/2020\/04\/IMG_0704-1536x900.jpg 1536w, https:\/\/www.neuperlach.org\/blog\/wp-content\/uploads\/2020\/04\/IMG_0704-2048x1200.jpg 2048w, https:\/\/www.neuperlach.org\/blog\/wp-content\/uploads\/2020\/04\/IMG_0704-1200x703.jpg 1200w, https:\/\/www.neuperlach.org\/blog\/wp-content\/uploads\/2020\/04\/IMG_0704-1980x1161.jpg 1980w\" sizes=\"auto, (max-width: 580px) 100vw, 580px\" \/><\/a><figcaption id=\"caption-attachment-17700\" class=\"wp-caption-text\">Grundschule am Strehleranger (27.04.2021). Foto: Georg und Marcus Pantel<\/figcaption><\/figure>\n<h3>Turnhalle<\/h3>\n<figure id=\"attachment_16532\" aria-describedby=\"caption-attachment-16532\" style=\"width: 300px\" class=\"wp-caption alignleft\"><a href=\"https:\/\/www.neuperlach.org\/blog\/wp-content\/uploads\/2020\/04\/IMG_4617.jpg\"><img loading=\"lazy\" decoding=\"async\" class=\"size-medium wp-image-16532\" src=\"https:\/\/www.neuperlach.org\/blog\/wp-content\/uploads\/2020\/04\/IMG_4617-300x229.jpg\" alt=\"Grundschule am Strehleranger\" width=\"300\" height=\"229\" srcset=\"https:\/\/www.neuperlach.org\/blog\/wp-content\/uploads\/2020\/04\/IMG_4617-300x229.jpg 300w, https:\/\/www.neuperlach.org\/blog\/wp-content\/uploads\/2020\/04\/IMG_4617-1024x783.jpg 1024w, https:\/\/www.neuperlach.org\/blog\/wp-content\/uploads\/2020\/04\/IMG_4617-768x587.jpg 768w, https:\/\/www.neuperlach.org\/blog\/wp-content\/uploads\/2020\/04\/IMG_4617-1536x1174.jpg 1536w, https:\/\/www.neuperlach.org\/blog\/wp-content\/uploads\/2020\/04\/IMG_4617-1200x918.jpg 1200w, https:\/\/www.neuperlach.org\/blog\/wp-content\/uploads\/2020\/04\/IMG_4617.jpg 1920w\" sizes=\"auto, (max-width: 300px) 100vw, 300px\" \/><\/a><figcaption id=\"caption-attachment-16532\" class=\"wp-caption-text\">Das l\u00e4ngliche wei\u00dfe Geb\u00e4ude in der Bildmitte ist die alte Turnhalle (28.08.2020) \u00a9 Thomas Irlbeck<\/figcaption><\/figure>\n<figure id=\"attachment_17552\" aria-describedby=\"caption-attachment-17552\" style=\"width: 300px\" class=\"wp-caption alignleft\"><a href=\"https:\/\/www.neuperlach.org\/blog\/wp-content\/uploads\/2020\/04\/IMG_0406.jpg\"><img loading=\"lazy\" decoding=\"async\" class=\"size-medium wp-image-17552\" src=\"https:\/\/www.neuperlach.org\/blog\/wp-content\/uploads\/2020\/04\/IMG_0406-300x188.jpg\" alt=\"Grundschule am Strehleranger\" width=\"300\" height=\"188\" srcset=\"https:\/\/www.neuperlach.org\/blog\/wp-content\/uploads\/2020\/04\/IMG_0406-300x188.jpg 300w, https:\/\/www.neuperlach.org\/blog\/wp-content\/uploads\/2020\/04\/IMG_0406-1024x640.jpg 1024w, https:\/\/www.neuperlach.org\/blog\/wp-content\/uploads\/2020\/04\/IMG_0406-768x480.jpg 768w, https:\/\/www.neuperlach.org\/blog\/wp-content\/uploads\/2020\/04\/IMG_0406-1536x960.jpg 1536w, https:\/\/www.neuperlach.org\/blog\/wp-content\/uploads\/2020\/04\/IMG_0406-1200x750.jpg 1200w, https:\/\/www.neuperlach.org\/blog\/wp-content\/uploads\/2020\/04\/IMG_0406.jpg 1920w\" sizes=\"auto, (max-width: 300px) 100vw, 300px\" \/><\/a><figcaption id=\"caption-attachment-17552\" class=\"wp-caption-text\">Auch hier ist die alte Turnhalle zu sehen: rechts oben (19.11.2020). Foto: Georg und Marcus Pantel<\/figcaption><\/figure>\n<p>Es kam hier j\u00fcngst die Frage auf, warum nur die Schulgeb\u00e4ude abgerissen worden seien, aber die Turnhalle bis heute stehen geblieben sei. Ganz einfach: Sie wird weiter gebraucht f\u00fcr den Sportunterricht. Der normale Unterricht erfolgt ja in der Containerstadt. Zu einem sp\u00e4teren Zeitpunkt wird die Turnhalle aber doch noch durch einen Neubau ersetzt. Die Sch\u00fcler m\u00fcssen dann auf andere Sportanlagen ausweichen.<\/p>\n<h3>Mai 2021<\/h3>\n<figure id=\"attachment_17789\" aria-describedby=\"caption-attachment-17789\" style=\"width: 580px\" class=\"wp-caption alignnone\"><a href=\"https:\/\/www.neuperlach.org\/blog\/wp-content\/uploads\/2020\/04\/IMG_0767.jpg\"><img loading=\"lazy\" decoding=\"async\" class=\"size-large wp-image-17789\" src=\"https:\/\/www.neuperlach.org\/blog\/wp-content\/uploads\/2020\/04\/IMG_0767-1024x593.jpg\" alt=\"Grundschule am Strehleranger\" width=\"580\" height=\"336\" srcset=\"https:\/\/www.neuperlach.org\/blog\/wp-content\/uploads\/2020\/04\/IMG_0767-1024x593.jpg 1024w, https:\/\/www.neuperlach.org\/blog\/wp-content\/uploads\/2020\/04\/IMG_0767-300x174.jpg 300w, https:\/\/www.neuperlach.org\/blog\/wp-content\/uploads\/2020\/04\/IMG_0767-768x445.jpg 768w, https:\/\/www.neuperlach.org\/blog\/wp-content\/uploads\/2020\/04\/IMG_0767-1536x890.jpg 1536w, https:\/\/www.neuperlach.org\/blog\/wp-content\/uploads\/2020\/04\/IMG_0767-2048x1187.jpg 2048w, https:\/\/www.neuperlach.org\/blog\/wp-content\/uploads\/2020\/04\/IMG_0767-1200x695.jpg 1200w, https:\/\/www.neuperlach.org\/blog\/wp-content\/uploads\/2020\/04\/IMG_0767-1980x1147.jpg 1980w\" sizes=\"auto, (max-width: 580px) 100vw, 580px\" \/><\/a><figcaption id=\"caption-attachment-17789\" class=\"wp-caption-text\">Grundschule am Strehleranger (12.05.2021). Foto: Georg und Marcus Pantel<\/figcaption><\/figure>\n<figure id=\"attachment_17790\" aria-describedby=\"caption-attachment-17790\" style=\"width: 580px\" class=\"wp-caption alignnone\"><a href=\"https:\/\/www.neuperlach.org\/blog\/wp-content\/uploads\/2020\/04\/46bee3d5-14b8-4e9c-9c61-8f47d142241f.jpg\"><img loading=\"lazy\" decoding=\"async\" class=\"size-large wp-image-17790\" src=\"https:\/\/www.neuperlach.org\/blog\/wp-content\/uploads\/2020\/04\/46bee3d5-14b8-4e9c-9c61-8f47d142241f-1024x472.jpg\" alt=\"Grundschule am Strehleranger\" width=\"580\" height=\"267\" srcset=\"https:\/\/www.neuperlach.org\/blog\/wp-content\/uploads\/2020\/04\/46bee3d5-14b8-4e9c-9c61-8f47d142241f-1024x472.jpg 1024w, https:\/\/www.neuperlach.org\/blog\/wp-content\/uploads\/2020\/04\/46bee3d5-14b8-4e9c-9c61-8f47d142241f-300x138.jpg 300w, https:\/\/www.neuperlach.org\/blog\/wp-content\/uploads\/2020\/04\/46bee3d5-14b8-4e9c-9c61-8f47d142241f-768x354.jpg 768w, https:\/\/www.neuperlach.org\/blog\/wp-content\/uploads\/2020\/04\/46bee3d5-14b8-4e9c-9c61-8f47d142241f-1536x708.jpg 1536w, https:\/\/www.neuperlach.org\/blog\/wp-content\/uploads\/2020\/04\/46bee3d5-14b8-4e9c-9c61-8f47d142241f-1200x554.jpg 1200w, https:\/\/www.neuperlach.org\/blog\/wp-content\/uploads\/2020\/04\/46bee3d5-14b8-4e9c-9c61-8f47d142241f.jpg 1600w\" sizes=\"auto, (max-width: 580px) 100vw, 580px\" \/><\/a><figcaption id=\"caption-attachment-17790\" class=\"wp-caption-text\">Baustellenromantik (13.05.2021). Foto: Georg und Marcus Pantel<\/figcaption><\/figure>\n<figure id=\"attachment_17788\" aria-describedby=\"caption-attachment-17788\" style=\"width: 580px\" class=\"wp-caption alignnone\"><a href=\"https:\/\/www.neuperlach.org\/blog\/wp-content\/uploads\/2020\/04\/IMG_0763.jpg\"><img loading=\"lazy\" decoding=\"async\" class=\"size-large wp-image-17788\" src=\"https:\/\/www.neuperlach.org\/blog\/wp-content\/uploads\/2020\/04\/IMG_0763-1024x537.jpg\" alt=\"Grundschule am Strehleranger\" width=\"580\" height=\"304\" srcset=\"https:\/\/www.neuperlach.org\/blog\/wp-content\/uploads\/2020\/04\/IMG_0763-1024x537.jpg 1024w, https:\/\/www.neuperlach.org\/blog\/wp-content\/uploads\/2020\/04\/IMG_0763-300x157.jpg 300w, https:\/\/www.neuperlach.org\/blog\/wp-content\/uploads\/2020\/04\/IMG_0763-768x403.jpg 768w, https:\/\/www.neuperlach.org\/blog\/wp-content\/uploads\/2020\/04\/IMG_0763-1536x806.jpg 1536w, https:\/\/www.neuperlach.org\/blog\/wp-content\/uploads\/2020\/04\/IMG_0763-1200x629.jpg 1200w, https:\/\/www.neuperlach.org\/blog\/wp-content\/uploads\/2020\/04\/IMG_0763.jpg 1876w\" sizes=\"auto, (max-width: 580px) 100vw, 580px\" \/><\/a><figcaption id=\"caption-attachment-17788\" class=\"wp-caption-text\">Grundschule am Strehleranger (15.05.2021). Foto: Georg und Marcus Pantel<\/figcaption><\/figure>\n<h3>Juni 2021<\/h3>\n<figure id=\"attachment_17934\" aria-describedby=\"caption-attachment-17934\" style=\"width: 580px\" class=\"wp-caption alignnone\"><a href=\"https:\/\/www.neuperlach.org\/blog\/wp-content\/uploads\/2020\/04\/IMG_0877.jpg\"><img loading=\"lazy\" decoding=\"async\" class=\"size-large wp-image-17934\" src=\"https:\/\/www.neuperlach.org\/blog\/wp-content\/uploads\/2020\/04\/IMG_0877-1024x586.jpg\" alt=\"Grundschule am Strehleranger\" width=\"580\" height=\"332\" srcset=\"https:\/\/www.neuperlach.org\/blog\/wp-content\/uploads\/2020\/04\/IMG_0877-1024x586.jpg 1024w, https:\/\/www.neuperlach.org\/blog\/wp-content\/uploads\/2020\/04\/IMG_0877-300x172.jpg 300w, https:\/\/www.neuperlach.org\/blog\/wp-content\/uploads\/2020\/04\/IMG_0877-768x439.jpg 768w, https:\/\/www.neuperlach.org\/blog\/wp-content\/uploads\/2020\/04\/IMG_0877-1536x878.jpg 1536w, https:\/\/www.neuperlach.org\/blog\/wp-content\/uploads\/2020\/04\/IMG_0877-2048x1171.jpg 2048w, https:\/\/www.neuperlach.org\/blog\/wp-content\/uploads\/2020\/04\/IMG_0877-1200x686.jpg 1200w, https:\/\/www.neuperlach.org\/blog\/wp-content\/uploads\/2020\/04\/IMG_0877-1980x1132.jpg 1980w\" sizes=\"auto, (max-width: 580px) 100vw, 580px\" \/><\/a><figcaption id=\"caption-attachment-17934\" class=\"wp-caption-text\">Grundschule am Strehleranger (02.06.2021). Foto: Georg und Marcus Pantel<\/figcaption><\/figure>\n<h3 id=\"bb\">Baustellenbesuch bei der Grundschule am Strehleranger (15.06.2021)<\/h3>\n<p>Wo andere &#8222;einen&#8220; Blick haben, haben wir ganz andere &#8222;Ein&#8220;-Blicke \u2013 und den vollen Durchblick!<\/p>\n<p><!-- #Schulneubau --><Unser Neuperlach \u00e4ndert sich t\u00e4glich in einer Weise, wie es seit Ende der 1960er-Jahre nicht mehr der Fall ist. \u00dcberall wird neu gebaut. In erster Linie entstehen Wohnungen. Neue Wohnbebauung erfordert aber nat\u00fcrlich auch entsprechende p\u00e4dagogische Angebote. Die Bestandsschulen sind meist marode und auch noch viel zu klein. Damit ist eine Sanierung nicht mehr sinnvoll und man entscheidet sich f\u00fcr einen Neubau. Genau aus diesem Grund wird unsere Grundschule am Strehleranger derzeit neu gebaut \u2013 gr\u00f6\u00dfer und moderner.\n\nJeder kann heute Fotos vom \u00f6ffentlichen Raum schie\u00dfen und damit den Fortschritt einer Baustelle dokumentieren. Dass dabei ein Gro\u00dfteil verborgen bleibt, ist eine bittere Pille. Erst eine Begehung vor Ort bietet andere Einblicke und damit den vollen Durchblick.\n\n[caption id=\"attachment_18065\" align=\"alignleft\" width=\"169\"]<a href=\"https:\/\/www.neuperlach.org\/blog\/wp-content\/uploads\/2020\/04\/IMG_0974.jpg\"><img loading=\"lazy\" decoding=\"async\" class=\"size-medium wp-image-18065\" src=\"https:\/\/www.neuperlach.org\/blog\/wp-content\/uploads\/2020\/04\/IMG_0974-169x300.jpg\" alt=\"Grundschule am Strehleranger\" width=\"169\" height=\"300\" srcset=\"https:\/\/www.neuperlach.org\/blog\/wp-content\/uploads\/2020\/04\/IMG_0974-169x300.jpg 169w, https:\/\/www.neuperlach.org\/blog\/wp-content\/uploads\/2020\/04\/IMG_0974.jpg 360w\" sizes=\"auto, (max-width: 169px) 100vw, 169px\" \/><\/a> Georg Pantel (15.06.2021)[\/caption]\n<p>neuperlach.org-Korrespondent Georg Pantel durfte am 15.06.21 auf das Heiligste, auf die Baustelle selbst. Es sind eindrucksvolle Bilder entstanden.<\/p>\n<figure id=\"attachment_18054\" aria-describedby=\"caption-attachment-18054\" style=\"width: 580px\" class=\"wp-caption alignnone\"><a href=\"https:\/\/www.neuperlach.org\/blog\/wp-content\/uploads\/2020\/04\/IMG_0972.jpg\"><img loading=\"lazy\" decoding=\"async\" class=\"size-large wp-image-18054\" src=\"https:\/\/www.neuperlach.org\/blog\/wp-content\/uploads\/2020\/04\/IMG_0972-768x1024.jpg\" alt=\"Grundschule am Strehleranger\" width=\"580\" height=\"773\" srcset=\"https:\/\/www.neuperlach.org\/blog\/wp-content\/uploads\/2020\/04\/IMG_0972-768x1024.jpg 768w, https:\/\/www.neuperlach.org\/blog\/wp-content\/uploads\/2020\/04\/IMG_0972-225x300.jpg 225w, https:\/\/www.neuperlach.org\/blog\/wp-content\/uploads\/2020\/04\/IMG_0972-1152x1536.jpg 1152w, https:\/\/www.neuperlach.org\/blog\/wp-content\/uploads\/2020\/04\/IMG_0972-1536x2048.jpg 1536w, https:\/\/www.neuperlach.org\/blog\/wp-content\/uploads\/2020\/04\/IMG_0972-1200x1600.jpg 1200w, https:\/\/www.neuperlach.org\/blog\/wp-content\/uploads\/2020\/04\/IMG_0972.jpg 1875w\" sizes=\"auto, (max-width: 580px) 100vw, 580px\" \/><\/a><figcaption id=\"caption-attachment-18054\" class=\"wp-caption-text\">Grundschule am Strehleranger (15.06.2021). Foto: Georg und Marcus Pantel<\/figcaption><\/figure>\n<figure id=\"attachment_18055\" aria-describedby=\"caption-attachment-18055\" style=\"width: 580px\" class=\"wp-caption alignnone\"><a href=\"https:\/\/www.neuperlach.org\/blog\/wp-content\/uploads\/2020\/04\/IMG_0970.jpg\"><img loading=\"lazy\" decoding=\"async\" class=\"size-large wp-image-18055\" src=\"https:\/\/www.neuperlach.org\/blog\/wp-content\/uploads\/2020\/04\/IMG_0970-1024x768.jpg\" alt=\"Grundschule am Strehleranger\" width=\"580\" height=\"435\" srcset=\"https:\/\/www.neuperlach.org\/blog\/wp-content\/uploads\/2020\/04\/IMG_0970-1024x768.jpg 1024w, https:\/\/www.neuperlach.org\/blog\/wp-content\/uploads\/2020\/04\/IMG_0970-300x225.jpg 300w, https:\/\/www.neuperlach.org\/blog\/wp-content\/uploads\/2020\/04\/IMG_0970-768x576.jpg 768w, https:\/\/www.neuperlach.org\/blog\/wp-content\/uploads\/2020\/04\/IMG_0970-1536x1152.jpg 1536w, https:\/\/www.neuperlach.org\/blog\/wp-content\/uploads\/2020\/04\/IMG_0970-2048x1536.jpg 2048w, https:\/\/www.neuperlach.org\/blog\/wp-content\/uploads\/2020\/04\/IMG_0970-1200x900.jpg 1200w, https:\/\/www.neuperlach.org\/blog\/wp-content\/uploads\/2020\/04\/IMG_0970-1980x1485.jpg 1980w\" sizes=\"auto, (max-width: 580px) 100vw, 580px\" \/><\/a><figcaption id=\"caption-attachment-18055\" class=\"wp-caption-text\">Grundschule am Strehleranger (15.06.2021). Foto: Georg und Marcus Pantel<\/figcaption><\/figure>\n<figure id=\"attachment_18056\" aria-describedby=\"caption-attachment-18056\" style=\"width: 580px\" class=\"wp-caption alignnone\"><a href=\"https:\/\/www.neuperlach.org\/blog\/wp-content\/uploads\/2020\/04\/IMG_0982.jpg\"><img loading=\"lazy\" decoding=\"async\" class=\"size-large wp-image-18056\" src=\"https:\/\/www.neuperlach.org\/blog\/wp-content\/uploads\/2020\/04\/IMG_0982-1024x576.jpg\" alt=\"Grundschule am Strehleranger\" width=\"580\" height=\"326\" srcset=\"https:\/\/www.neuperlach.org\/blog\/wp-content\/uploads\/2020\/04\/IMG_0982-1024x576.jpg 1024w, https:\/\/www.neuperlach.org\/blog\/wp-content\/uploads\/2020\/04\/IMG_0982-300x169.jpg 300w, https:\/\/www.neuperlach.org\/blog\/wp-content\/uploads\/2020\/04\/IMG_0982-768x432.jpg 768w, https:\/\/www.neuperlach.org\/blog\/wp-content\/uploads\/2020\/04\/IMG_0982-1536x864.jpg 1536w, https:\/\/www.neuperlach.org\/blog\/wp-content\/uploads\/2020\/04\/IMG_0982-1200x675.jpg 1200w, https:\/\/www.neuperlach.org\/blog\/wp-content\/uploads\/2020\/04\/IMG_0982-1980x1114.jpg 1980w, https:\/\/www.neuperlach.org\/blog\/wp-content\/uploads\/2020\/04\/IMG_0982.jpg 2016w\" sizes=\"auto, (max-width: 580px) 100vw, 580px\" \/><\/a><figcaption id=\"caption-attachment-18056\" class=\"wp-caption-text\">Grundschule am Strehleranger (15.06.2021). Foto: Georg und Marcus Pantel<\/figcaption><\/figure>\n<figure id=\"attachment_18057\" aria-describedby=\"caption-attachment-18057\" style=\"width: 580px\" class=\"wp-caption alignnone\"><a href=\"https:\/\/www.neuperlach.org\/blog\/wp-content\/uploads\/2020\/04\/IMG_0981.jpg\"><img loading=\"lazy\" decoding=\"async\" class=\"size-large wp-image-18057\" src=\"https:\/\/www.neuperlach.org\/blog\/wp-content\/uploads\/2020\/04\/IMG_0981-1024x576.jpg\" alt=\"Grundschule am Strehleranger\" width=\"580\" height=\"326\" srcset=\"https:\/\/www.neuperlach.org\/blog\/wp-content\/uploads\/2020\/04\/IMG_0981-1024x576.jpg 1024w, https:\/\/www.neuperlach.org\/blog\/wp-content\/uploads\/2020\/04\/IMG_0981-300x169.jpg 300w, https:\/\/www.neuperlach.org\/blog\/wp-content\/uploads\/2020\/04\/IMG_0981-768x432.jpg 768w, https:\/\/www.neuperlach.org\/blog\/wp-content\/uploads\/2020\/04\/IMG_0981-1536x864.jpg 1536w, https:\/\/www.neuperlach.org\/blog\/wp-content\/uploads\/2020\/04\/IMG_0981-1200x675.jpg 1200w, https:\/\/www.neuperlach.org\/blog\/wp-content\/uploads\/2020\/04\/IMG_0981-1980x1114.jpg 1980w, https:\/\/www.neuperlach.org\/blog\/wp-content\/uploads\/2020\/04\/IMG_0981.jpg 2016w\" sizes=\"auto, (max-width: 580px) 100vw, 580px\" \/><\/a><figcaption id=\"caption-attachment-18057\" class=\"wp-caption-text\">Grundschule am Strehleranger (15.06.2021). Foto: Georg und Marcus Pantel<\/figcaption><\/figure>\n<figure id=\"attachment_18058\" aria-describedby=\"caption-attachment-18058\" style=\"width: 580px\" class=\"wp-caption alignnone\"><a href=\"https:\/\/www.neuperlach.org\/blog\/wp-content\/uploads\/2020\/04\/IMG_0980.jpg\"><img loading=\"lazy\" decoding=\"async\" class=\"size-large wp-image-18058\" src=\"https:\/\/www.neuperlach.org\/blog\/wp-content\/uploads\/2020\/04\/IMG_0980-1024x576.jpg\" alt=\"Grundschule am Strehleranger\" width=\"580\" height=\"326\" srcset=\"https:\/\/www.neuperlach.org\/blog\/wp-content\/uploads\/2020\/04\/IMG_0980-1024x576.jpg 1024w, https:\/\/www.neuperlach.org\/blog\/wp-content\/uploads\/2020\/04\/IMG_0980-300x169.jpg 300w, https:\/\/www.neuperlach.org\/blog\/wp-content\/uploads\/2020\/04\/IMG_0980-768x432.jpg 768w, https:\/\/www.neuperlach.org\/blog\/wp-content\/uploads\/2020\/04\/IMG_0980-1536x864.jpg 1536w, https:\/\/www.neuperlach.org\/blog\/wp-content\/uploads\/2020\/04\/IMG_0980-1200x675.jpg 1200w, https:\/\/www.neuperlach.org\/blog\/wp-content\/uploads\/2020\/04\/IMG_0980-1980x1114.jpg 1980w, https:\/\/www.neuperlach.org\/blog\/wp-content\/uploads\/2020\/04\/IMG_0980.jpg 2016w\" sizes=\"auto, (max-width: 580px) 100vw, 580px\" \/><\/a><figcaption id=\"caption-attachment-18058\" class=\"wp-caption-text\">Grundschule am Strehleranger (15.06.2021). Foto: Georg und Marcus Pantel<\/figcaption><\/figure>\n<figure id=\"attachment_18059\" aria-describedby=\"caption-attachment-18059\" style=\"width: 580px\" class=\"wp-caption alignnone\"><a href=\"https:\/\/www.neuperlach.org\/blog\/wp-content\/uploads\/2020\/04\/IMG_0978.jpg\"><img loading=\"lazy\" decoding=\"async\" class=\"size-large wp-image-18059\" src=\"https:\/\/www.neuperlach.org\/blog\/wp-content\/uploads\/2020\/04\/IMG_0978-1024x576.jpg\" alt=\"Grundschule am Strehleranger\" width=\"580\" height=\"326\" srcset=\"https:\/\/www.neuperlach.org\/blog\/wp-content\/uploads\/2020\/04\/IMG_0978-1024x576.jpg 1024w, https:\/\/www.neuperlach.org\/blog\/wp-content\/uploads\/2020\/04\/IMG_0978-300x169.jpg 300w, https:\/\/www.neuperlach.org\/blog\/wp-content\/uploads\/2020\/04\/IMG_0978-768x432.jpg 768w, https:\/\/www.neuperlach.org\/blog\/wp-content\/uploads\/2020\/04\/IMG_0978-1536x864.jpg 1536w, https:\/\/www.neuperlach.org\/blog\/wp-content\/uploads\/2020\/04\/IMG_0978-1200x675.jpg 1200w, https:\/\/www.neuperlach.org\/blog\/wp-content\/uploads\/2020\/04\/IMG_0978-1980x1114.jpg 1980w, https:\/\/www.neuperlach.org\/blog\/wp-content\/uploads\/2020\/04\/IMG_0978.jpg 2016w\" sizes=\"auto, (max-width: 580px) 100vw, 580px\" \/><\/a><figcaption id=\"caption-attachment-18059\" class=\"wp-caption-text\">Blick von der Baustelle auf ein Wohnhaus (15.06.2021). Foto: Georg und Marcus Pantel<\/figcaption><\/figure>\n<figure id=\"attachment_18060\" aria-describedby=\"caption-attachment-18060\" style=\"width: 580px\" class=\"wp-caption alignnone\"><a href=\"https:\/\/www.neuperlach.org\/blog\/wp-content\/uploads\/2020\/04\/IMG_0976.jpg\"><img loading=\"lazy\" decoding=\"async\" class=\"size-large wp-image-18060\" src=\"https:\/\/www.neuperlach.org\/blog\/wp-content\/uploads\/2020\/04\/IMG_0976-1024x503.jpg\" alt=\"Grundschule am Strehleranger\" width=\"580\" height=\"285\" srcset=\"https:\/\/www.neuperlach.org\/blog\/wp-content\/uploads\/2020\/04\/IMG_0976-1024x503.jpg 1024w, https:\/\/www.neuperlach.org\/blog\/wp-content\/uploads\/2020\/04\/IMG_0976-300x147.jpg 300w, https:\/\/www.neuperlach.org\/blog\/wp-content\/uploads\/2020\/04\/IMG_0976-768x378.jpg 768w, https:\/\/www.neuperlach.org\/blog\/wp-content\/uploads\/2020\/04\/IMG_0976-1536x755.jpg 1536w, https:\/\/www.neuperlach.org\/blog\/wp-content\/uploads\/2020\/04\/IMG_0976-1200x590.jpg 1200w, https:\/\/www.neuperlach.org\/blog\/wp-content\/uploads\/2020\/04\/IMG_0976-1980x973.jpg 1980w, https:\/\/www.neuperlach.org\/blog\/wp-content\/uploads\/2020\/04\/IMG_0976.jpg 2016w\" sizes=\"auto, (max-width: 580px) 100vw, 580px\" \/><\/a><figcaption id=\"caption-attachment-18060\" class=\"wp-caption-text\">Grundschule am Strehleranger (15.06.2021). Foto: Georg und Marcus Pantel<\/figcaption><\/figure>\n<figure id=\"attachment_18061\" aria-describedby=\"caption-attachment-18061\" style=\"width: 580px\" class=\"wp-caption alignnone\"><a href=\"https:\/\/www.neuperlach.org\/blog\/wp-content\/uploads\/2020\/04\/IMG_0977.jpg\"><img loading=\"lazy\" decoding=\"async\" class=\"size-large wp-image-18061\" src=\"https:\/\/www.neuperlach.org\/blog\/wp-content\/uploads\/2020\/04\/IMG_0977-1024x576.jpg\" alt=\"Grundschule am Strehleranger\" width=\"580\" height=\"326\" srcset=\"https:\/\/www.neuperlach.org\/blog\/wp-content\/uploads\/2020\/04\/IMG_0977-1024x576.jpg 1024w, https:\/\/www.neuperlach.org\/blog\/wp-content\/uploads\/2020\/04\/IMG_0977-300x169.jpg 300w, https:\/\/www.neuperlach.org\/blog\/wp-content\/uploads\/2020\/04\/IMG_0977-768x432.jpg 768w, https:\/\/www.neuperlach.org\/blog\/wp-content\/uploads\/2020\/04\/IMG_0977-1536x864.jpg 1536w, https:\/\/www.neuperlach.org\/blog\/wp-content\/uploads\/2020\/04\/IMG_0977-1200x675.jpg 1200w, https:\/\/www.neuperlach.org\/blog\/wp-content\/uploads\/2020\/04\/IMG_0977-1980x1114.jpg 1980w, https:\/\/www.neuperlach.org\/blog\/wp-content\/uploads\/2020\/04\/IMG_0977.jpg 2016w\" sizes=\"auto, (max-width: 580px) 100vw, 580px\" \/><\/a><figcaption id=\"caption-attachment-18061\" class=\"wp-caption-text\">Grundschule am Strehleranger (15.06.2021). Foto: Georg und Marcus Pantel<\/figcaption><\/figure>\n<figure id=\"attachment_18062\" aria-describedby=\"caption-attachment-18062\" style=\"width: 580px\" class=\"wp-caption alignnone\"><a href=\"https:\/\/www.neuperlach.org\/blog\/wp-content\/uploads\/2020\/04\/IMG_0975.jpg\"><img loading=\"lazy\" decoding=\"async\" class=\"size-large wp-image-18062\" src=\"https:\/\/www.neuperlach.org\/blog\/wp-content\/uploads\/2020\/04\/IMG_0975-1024x576.jpg\" alt=\"Grundschule am Strehleranger\" width=\"580\" height=\"326\" srcset=\"https:\/\/www.neuperlach.org\/blog\/wp-content\/uploads\/2020\/04\/IMG_0975-1024x576.jpg 1024w, https:\/\/www.neuperlach.org\/blog\/wp-content\/uploads\/2020\/04\/IMG_0975-300x169.jpg 300w, https:\/\/www.neuperlach.org\/blog\/wp-content\/uploads\/2020\/04\/IMG_0975-768x432.jpg 768w, https:\/\/www.neuperlach.org\/blog\/wp-content\/uploads\/2020\/04\/IMG_0975-1536x864.jpg 1536w, https:\/\/www.neuperlach.org\/blog\/wp-content\/uploads\/2020\/04\/IMG_0975-1200x675.jpg 1200w, https:\/\/www.neuperlach.org\/blog\/wp-content\/uploads\/2020\/04\/IMG_0975-1980x1114.jpg 1980w, https:\/\/www.neuperlach.org\/blog\/wp-content\/uploads\/2020\/04\/IMG_0975.jpg 2016w\" sizes=\"auto, (max-width: 580px) 100vw, 580px\" \/><\/a><figcaption id=\"caption-attachment-18062\" class=\"wp-caption-text\">Grundschule am Strehleranger (15.06.2021). Foto: Georg und Marcus Pantel<\/figcaption><\/figure>\n<figure id=\"attachment_18063\" aria-describedby=\"caption-attachment-18063\" style=\"width: 576px\" class=\"wp-caption alignnone\"><a href=\"https:\/\/www.neuperlach.org\/blog\/wp-content\/uploads\/2020\/04\/IMG_0969.jpg\"><img loading=\"lazy\" decoding=\"async\" class=\"size-large wp-image-18063\" src=\"https:\/\/www.neuperlach.org\/blog\/wp-content\/uploads\/2020\/04\/IMG_0969-576x1024.jpg\" alt=\"Grundschule am Strehleranger\" width=\"576\" height=\"1024\" srcset=\"https:\/\/www.neuperlach.org\/blog\/wp-content\/uploads\/2020\/04\/IMG_0969-576x1024.jpg 576w, https:\/\/www.neuperlach.org\/blog\/wp-content\/uploads\/2020\/04\/IMG_0969-169x300.jpg 169w, https:\/\/www.neuperlach.org\/blog\/wp-content\/uploads\/2020\/04\/IMG_0969-768x1365.jpg 768w, https:\/\/www.neuperlach.org\/blog\/wp-content\/uploads\/2020\/04\/IMG_0969-864x1536.jpg 864w, https:\/\/www.neuperlach.org\/blog\/wp-content\/uploads\/2020\/04\/IMG_0969.jpg 1134w\" sizes=\"auto, (max-width: 576px) 100vw, 576px\" \/><\/a><figcaption id=\"caption-attachment-18063\" class=\"wp-caption-text\">Grundschule am Strehleranger (15.06.2021). Foto: Georg und Marcus Pantel<\/figcaption><\/figure>\n<figure id=\"attachment_18066\" aria-describedby=\"caption-attachment-18066\" style=\"width: 576px\" class=\"wp-caption alignnone\"><a href=\"https:\/\/www.neuperlach.org\/blog\/wp-content\/uploads\/2020\/04\/IMG_0968.jpg\"><img loading=\"lazy\" decoding=\"async\" class=\"size-large wp-image-18066\" src=\"https:\/\/www.neuperlach.org\/blog\/wp-content\/uploads\/2020\/04\/IMG_0968-576x1024.jpg\" alt=\"Grundschule am Strehleranger\" width=\"576\" height=\"1024\" srcset=\"https:\/\/www.neuperlach.org\/blog\/wp-content\/uploads\/2020\/04\/IMG_0968-576x1024.jpg 576w, https:\/\/www.neuperlach.org\/blog\/wp-content\/uploads\/2020\/04\/IMG_0968-169x300.jpg 169w, https:\/\/www.neuperlach.org\/blog\/wp-content\/uploads\/2020\/04\/IMG_0968-768x1365.jpg 768w, https:\/\/www.neuperlach.org\/blog\/wp-content\/uploads\/2020\/04\/IMG_0968-864x1536.jpg 864w, https:\/\/www.neuperlach.org\/blog\/wp-content\/uploads\/2020\/04\/IMG_0968.jpg 1134w\" sizes=\"auto, (max-width: 576px) 100vw, 576px\" \/><\/a><figcaption id=\"caption-attachment-18066\" class=\"wp-caption-text\">Grundschule am Strehleranger (15.06.2021). Foto: Georg und Marcus Pantel<\/figcaption><\/figure>\n<figure id=\"attachment_18067\" aria-describedby=\"caption-attachment-18067\" style=\"width: 576px\" class=\"wp-caption alignnone\"><a href=\"https:\/\/www.neuperlach.org\/blog\/wp-content\/uploads\/2020\/04\/IMG_0966.jpg\"><img loading=\"lazy\" decoding=\"async\" class=\"size-large wp-image-18067\" src=\"https:\/\/www.neuperlach.org\/blog\/wp-content\/uploads\/2020\/04\/IMG_0966-576x1024.jpg\" alt=\"Grundschule am Strehleranger\" width=\"576\" height=\"1024\" srcset=\"https:\/\/www.neuperlach.org\/blog\/wp-content\/uploads\/2020\/04\/IMG_0966-576x1024.jpg 576w, https:\/\/www.neuperlach.org\/blog\/wp-content\/uploads\/2020\/04\/IMG_0966-169x300.jpg 169w, https:\/\/www.neuperlach.org\/blog\/wp-content\/uploads\/2020\/04\/IMG_0966-768x1365.jpg 768w, https:\/\/www.neuperlach.org\/blog\/wp-content\/uploads\/2020\/04\/IMG_0966-864x1536.jpg 864w, https:\/\/www.neuperlach.org\/blog\/wp-content\/uploads\/2020\/04\/IMG_0966.jpg 1134w\" sizes=\"auto, (max-width: 576px) 100vw, 576px\" \/><\/a><figcaption id=\"caption-attachment-18067\" class=\"wp-caption-text\">Grundschule am Strehleranger (15.06.2021). Foto: Georg und Marcus Pantel<\/figcaption><\/figure>\n<figure id=\"attachment_18068\" aria-describedby=\"caption-attachment-18068\" style=\"width: 576px\" class=\"wp-caption alignnone\"><a href=\"https:\/\/www.neuperlach.org\/blog\/wp-content\/uploads\/2020\/04\/IMG_0967.jpg\"><img loading=\"lazy\" decoding=\"async\" class=\"size-large wp-image-18068\" src=\"https:\/\/www.neuperlach.org\/blog\/wp-content\/uploads\/2020\/04\/IMG_0967-576x1024.jpg\" alt=\"Grundschule am Strehleranger\" width=\"576\" height=\"1024\" srcset=\"https:\/\/www.neuperlach.org\/blog\/wp-content\/uploads\/2020\/04\/IMG_0967-576x1024.jpg 576w, https:\/\/www.neuperlach.org\/blog\/wp-content\/uploads\/2020\/04\/IMG_0967-169x300.jpg 169w, https:\/\/www.neuperlach.org\/blog\/wp-content\/uploads\/2020\/04\/IMG_0967-768x1365.jpg 768w, https:\/\/www.neuperlach.org\/blog\/wp-content\/uploads\/2020\/04\/IMG_0967-864x1536.jpg 864w, https:\/\/www.neuperlach.org\/blog\/wp-content\/uploads\/2020\/04\/IMG_0967.jpg 1134w\" sizes=\"auto, (max-width: 576px) 100vw, 576px\" \/><\/a><figcaption id=\"caption-attachment-18068\" class=\"wp-caption-text\">Grundschule am Strehleranger (15.06.2021). Foto: Georg und Marcus Pantel<\/figcaption><\/figure>\n<figure id=\"attachment_18069\" aria-describedby=\"caption-attachment-18069\" style=\"width: 576px\" class=\"wp-caption alignnone\"><a href=\"https:\/\/www.neuperlach.org\/blog\/wp-content\/uploads\/2020\/04\/IMG_0964.jpg\"><img loading=\"lazy\" decoding=\"async\" class=\"size-large wp-image-18069\" src=\"https:\/\/www.neuperlach.org\/blog\/wp-content\/uploads\/2020\/04\/IMG_0964-576x1024.jpg\" alt=\"Grundschule am Strehleranger\" width=\"576\" height=\"1024\" srcset=\"https:\/\/www.neuperlach.org\/blog\/wp-content\/uploads\/2020\/04\/IMG_0964-576x1024.jpg 576w, https:\/\/www.neuperlach.org\/blog\/wp-content\/uploads\/2020\/04\/IMG_0964-169x300.jpg 169w, https:\/\/www.neuperlach.org\/blog\/wp-content\/uploads\/2020\/04\/IMG_0964-768x1365.jpg 768w, https:\/\/www.neuperlach.org\/blog\/wp-content\/uploads\/2020\/04\/IMG_0964-864x1536.jpg 864w, https:\/\/www.neuperlach.org\/blog\/wp-content\/uploads\/2020\/04\/IMG_0964.jpg 1134w\" sizes=\"auto, (max-width: 576px) 100vw, 576px\" \/><\/a><figcaption id=\"caption-attachment-18069\" class=\"wp-caption-text\">Grundschule am Strehleranger (15.06.2021). Foto: Georg und Marcus Pantel<\/figcaption><\/figure>\n<figure id=\"attachment_18070\" aria-describedby=\"caption-attachment-18070\" style=\"width: 576px\" class=\"wp-caption alignnone\"><a href=\"https:\/\/www.neuperlach.org\/blog\/wp-content\/uploads\/2020\/04\/IMG_0965.jpg\"><img loading=\"lazy\" decoding=\"async\" class=\"size-large wp-image-18070\" src=\"https:\/\/www.neuperlach.org\/blog\/wp-content\/uploads\/2020\/04\/IMG_0965-576x1024.jpg\" alt=\"Grundschule am Strehleranger\" width=\"576\" height=\"1024\" srcset=\"https:\/\/www.neuperlach.org\/blog\/wp-content\/uploads\/2020\/04\/IMG_0965-576x1024.jpg 576w, https:\/\/www.neuperlach.org\/blog\/wp-content\/uploads\/2020\/04\/IMG_0965-169x300.jpg 169w, https:\/\/www.neuperlach.org\/blog\/wp-content\/uploads\/2020\/04\/IMG_0965-768x1365.jpg 768w, https:\/\/www.neuperlach.org\/blog\/wp-content\/uploads\/2020\/04\/IMG_0965-864x1536.jpg 864w, https:\/\/www.neuperlach.org\/blog\/wp-content\/uploads\/2020\/04\/IMG_0965.jpg 1134w\" sizes=\"auto, (max-width: 576px) 100vw, 576px\" \/><\/a><figcaption id=\"caption-attachment-18070\" class=\"wp-caption-text\">Grundschule am Strehleranger (15.06.2021). Foto: Georg und Marcus Pantel<\/figcaption><\/figure>\n<h3>Panoramaaufnahmen und Probeklinkerung (29.\/30.06.2021)<\/h3>\n<p>neuperlach.org-Korrespondent Georg Pantel hat phantastische Panoramaaufnahmen von seinem Hausdach gemacht. Zudem zeigt er auf einigen Fotos eine Probeklinkerung. So soll offenbar die zuk\u00fcnftige Fassade unserer Schule aussehen. Die endg\u00fcltige Entscheidung dazu wird wohl erst nach einer Probeklinkerung auf einer gr\u00f6\u00dferen Wand vor dem vierst\u00f6ckigen Geb\u00e4ude fallen.<\/p>\n<figure id=\"attachment_18115\" aria-describedby=\"caption-attachment-18115\" style=\"width: 580px\" class=\"wp-caption alignnone\"><a href=\"https:\/\/www.neuperlach.org\/blog\/wp-content\/uploads\/2021\/07\/IMG_1037.jpg\"><img loading=\"lazy\" decoding=\"async\" class=\"size-large wp-image-18115\" src=\"https:\/\/www.neuperlach.org\/blog\/wp-content\/uploads\/2021\/07\/IMG_1037-1024x576.jpg\" alt=\"Grundschule am Strehleranger\" width=\"580\" height=\"326\" srcset=\"https:\/\/www.neuperlach.org\/blog\/wp-content\/uploads\/2021\/07\/IMG_1037-1024x576.jpg 1024w, https:\/\/www.neuperlach.org\/blog\/wp-content\/uploads\/2021\/07\/IMG_1037-300x169.jpg 300w, https:\/\/www.neuperlach.org\/blog\/wp-content\/uploads\/2021\/07\/IMG_1037-768x432.jpg 768w, https:\/\/www.neuperlach.org\/blog\/wp-content\/uploads\/2021\/07\/IMG_1037-1536x864.jpg 1536w, https:\/\/www.neuperlach.org\/blog\/wp-content\/uploads\/2021\/07\/IMG_1037-1200x675.jpg 1200w, https:\/\/www.neuperlach.org\/blog\/wp-content\/uploads\/2021\/07\/IMG_1037-1980x1114.jpg 1980w, https:\/\/www.neuperlach.org\/blog\/wp-content\/uploads\/2021\/07\/IMG_1037.jpg 2016w\" sizes=\"auto, (max-width: 580px) 100vw, 580px\" \/><\/a><figcaption id=\"caption-attachment-18115\" class=\"wp-caption-text\">Grundschule am Strehleranger (29.06.2021). Foto: Georg und Marcus Pantel<\/figcaption><\/figure>\n<figure id=\"attachment_18113\" aria-describedby=\"caption-attachment-18113\" style=\"width: 580px\" class=\"wp-caption alignnone\"><a href=\"https:\/\/www.neuperlach.org\/blog\/wp-content\/uploads\/2021\/07\/IMG_1038.jpg\"><img loading=\"lazy\" decoding=\"async\" class=\"size-large wp-image-18113\" src=\"https:\/\/www.neuperlach.org\/blog\/wp-content\/uploads\/2021\/07\/IMG_1038-1024x568.jpg\" alt=\"Grundschule am Strehleranger\" width=\"580\" height=\"322\" srcset=\"https:\/\/www.neuperlach.org\/blog\/wp-content\/uploads\/2021\/07\/IMG_1038-1024x568.jpg 1024w, https:\/\/www.neuperlach.org\/blog\/wp-content\/uploads\/2021\/07\/IMG_1038-300x166.jpg 300w, https:\/\/www.neuperlach.org\/blog\/wp-content\/uploads\/2021\/07\/IMG_1038-768x426.jpg 768w, https:\/\/www.neuperlach.org\/blog\/wp-content\/uploads\/2021\/07\/IMG_1038-1536x851.jpg 1536w, https:\/\/www.neuperlach.org\/blog\/wp-content\/uploads\/2021\/07\/IMG_1038-1200x665.jpg 1200w, https:\/\/www.neuperlach.org\/blog\/wp-content\/uploads\/2021\/07\/IMG_1038.jpg 1936w\" sizes=\"auto, (max-width: 580px) 100vw, 580px\" \/><\/a><figcaption id=\"caption-attachment-18113\" class=\"wp-caption-text\">Grundschule am Strehleranger (29.06.2021). Foto: Georg und Marcus Pantel<\/figcaption><\/figure>\n<figure id=\"attachment_18114\" aria-describedby=\"caption-attachment-18114\" style=\"width: 580px\" class=\"wp-caption alignnone\"><a href=\"https:\/\/www.neuperlach.org\/blog\/wp-content\/uploads\/2021\/07\/IMG_1039.jpg\"><img loading=\"lazy\" decoding=\"async\" class=\"size-large wp-image-18114\" src=\"https:\/\/www.neuperlach.org\/blog\/wp-content\/uploads\/2021\/07\/IMG_1039-1024x557.jpg\" alt=\"Grundschule am Strehleranger\" width=\"580\" height=\"315\" srcset=\"https:\/\/www.neuperlach.org\/blog\/wp-content\/uploads\/2021\/07\/IMG_1039-1024x557.jpg 1024w, https:\/\/www.neuperlach.org\/blog\/wp-content\/uploads\/2021\/07\/IMG_1039-300x163.jpg 300w, https:\/\/www.neuperlach.org\/blog\/wp-content\/uploads\/2021\/07\/IMG_1039-768x418.jpg 768w, https:\/\/www.neuperlach.org\/blog\/wp-content\/uploads\/2021\/07\/IMG_1039-1536x836.jpg 1536w, https:\/\/www.neuperlach.org\/blog\/wp-content\/uploads\/2021\/07\/IMG_1039-1200x653.jpg 1200w, https:\/\/www.neuperlach.org\/blog\/wp-content\/uploads\/2021\/07\/IMG_1039.jpg 1940w\" sizes=\"auto, (max-width: 580px) 100vw, 580px\" \/><\/a><figcaption id=\"caption-attachment-18114\" class=\"wp-caption-text\">Grundschule am Strehleranger (29.06.2021). Foto: Georg und Marcus Pantel<\/figcaption><\/figure>\n<figure id=\"attachment_18111\" aria-describedby=\"caption-attachment-18111\" style=\"width: 576px\" class=\"wp-caption alignnone\"><a href=\"https:\/\/www.neuperlach.org\/blog\/wp-content\/uploads\/2021\/07\/IMG_1034.jpg\"><img loading=\"lazy\" decoding=\"async\" class=\"size-large wp-image-18111\" src=\"https:\/\/www.neuperlach.org\/blog\/wp-content\/uploads\/2021\/07\/IMG_1034-576x1024.jpg\" alt=\"Grundschule am Strehleranger\" width=\"576\" height=\"1024\" srcset=\"https:\/\/www.neuperlach.org\/blog\/wp-content\/uploads\/2021\/07\/IMG_1034-576x1024.jpg 576w, https:\/\/www.neuperlach.org\/blog\/wp-content\/uploads\/2021\/07\/IMG_1034-169x300.jpg 169w, https:\/\/www.neuperlach.org\/blog\/wp-content\/uploads\/2021\/07\/IMG_1034-768x1365.jpg 768w, https:\/\/www.neuperlach.org\/blog\/wp-content\/uploads\/2021\/07\/IMG_1034-864x1536.jpg 864w, https:\/\/www.neuperlach.org\/blog\/wp-content\/uploads\/2021\/07\/IMG_1034.jpg 1134w\" sizes=\"auto, (max-width: 576px) 100vw, 576px\" \/><\/a><figcaption id=\"caption-attachment-18111\" class=\"wp-caption-text\">Probeklinkerung (29.06.2021). Foto: Georg und Marcus Pantel<\/figcaption><\/figure>\n<figure id=\"attachment_18107\" aria-describedby=\"caption-attachment-18107\" style=\"width: 576px\" class=\"wp-caption alignnone\"><a href=\"https:\/\/www.neuperlach.org\/blog\/wp-content\/uploads\/2021\/07\/IMG_1081.jpg\"><img loading=\"lazy\" decoding=\"async\" class=\"size-large wp-image-18107\" src=\"https:\/\/www.neuperlach.org\/blog\/wp-content\/uploads\/2021\/07\/IMG_1081-576x1024.jpg\" alt=\"Grundschule am Strehleranger\" width=\"576\" height=\"1024\" srcset=\"https:\/\/www.neuperlach.org\/blog\/wp-content\/uploads\/2021\/07\/IMG_1081-576x1024.jpg 576w, https:\/\/www.neuperlach.org\/blog\/wp-content\/uploads\/2021\/07\/IMG_1081-169x300.jpg 169w, https:\/\/www.neuperlach.org\/blog\/wp-content\/uploads\/2021\/07\/IMG_1081-768x1366.jpg 768w, https:\/\/www.neuperlach.org\/blog\/wp-content\/uploads\/2021\/07\/IMG_1081-864x1536.jpg 864w, https:\/\/www.neuperlach.org\/blog\/wp-content\/uploads\/2021\/07\/IMG_1081-1152x2048.jpg 1152w, https:\/\/www.neuperlach.org\/blog\/wp-content\/uploads\/2021\/07\/IMG_1081-1200x2134.jpg 1200w, https:\/\/www.neuperlach.org\/blog\/wp-content\/uploads\/2021\/07\/IMG_1081.jpg 1406w\" sizes=\"auto, (max-width: 576px) 100vw, 576px\" \/><\/a><figcaption id=\"caption-attachment-18107\" class=\"wp-caption-text\">Probeklinkerung (30.06.2021). Foto: Georg und Marcus Pantel<\/figcaption><\/figure>\n<figure id=\"attachment_18106\" aria-describedby=\"caption-attachment-18106\" style=\"width: 576px\" class=\"wp-caption alignnone\"><a href=\"https:\/\/www.neuperlach.org\/blog\/wp-content\/uploads\/2021\/07\/IMG_1082.jpg\"><img loading=\"lazy\" decoding=\"async\" class=\"size-large wp-image-18106\" src=\"https:\/\/www.neuperlach.org\/blog\/wp-content\/uploads\/2021\/07\/IMG_1082-576x1024.jpg\" alt=\"Grundschule am Strehleranger\" width=\"576\" height=\"1024\" srcset=\"https:\/\/www.neuperlach.org\/blog\/wp-content\/uploads\/2021\/07\/IMG_1082-576x1024.jpg 576w, https:\/\/www.neuperlach.org\/blog\/wp-content\/uploads\/2021\/07\/IMG_1082-169x300.jpg 169w, https:\/\/www.neuperlach.org\/blog\/wp-content\/uploads\/2021\/07\/IMG_1082-768x1366.jpg 768w, https:\/\/www.neuperlach.org\/blog\/wp-content\/uploads\/2021\/07\/IMG_1082-864x1536.jpg 864w, https:\/\/www.neuperlach.org\/blog\/wp-content\/uploads\/2021\/07\/IMG_1082-1152x2048.jpg 1152w, https:\/\/www.neuperlach.org\/blog\/wp-content\/uploads\/2021\/07\/IMG_1082-1200x2134.jpg 1200w, https:\/\/www.neuperlach.org\/blog\/wp-content\/uploads\/2021\/07\/IMG_1082.jpg 1406w\" sizes=\"auto, (max-width: 576px) 100vw, 576px\" \/><\/a><figcaption id=\"caption-attachment-18106\" class=\"wp-caption-text\">Probeklinkerung (30.06.2021). Foto: Georg und Marcus Pantel<\/figcaption><\/figure>\n<figure id=\"attachment_18112\" aria-describedby=\"caption-attachment-18112\" style=\"width: 580px\" class=\"wp-caption alignnone\"><a href=\"https:\/\/www.neuperlach.org\/blog\/wp-content\/uploads\/2021\/07\/IMG_1036.jpg\"><img loading=\"lazy\" decoding=\"async\" class=\"size-large wp-image-18112\" src=\"https:\/\/www.neuperlach.org\/blog\/wp-content\/uploads\/2021\/07\/IMG_1036-1024x576.jpg\" alt=\"Grundschule am Strehleranger\" width=\"580\" height=\"326\" srcset=\"https:\/\/www.neuperlach.org\/blog\/wp-content\/uploads\/2021\/07\/IMG_1036-1024x576.jpg 1024w, https:\/\/www.neuperlach.org\/blog\/wp-content\/uploads\/2021\/07\/IMG_1036-300x169.jpg 300w, https:\/\/www.neuperlach.org\/blog\/wp-content\/uploads\/2021\/07\/IMG_1036-768x432.jpg 768w, https:\/\/www.neuperlach.org\/blog\/wp-content\/uploads\/2021\/07\/IMG_1036-1536x864.jpg 1536w, https:\/\/www.neuperlach.org\/blog\/wp-content\/uploads\/2021\/07\/IMG_1036-1200x675.jpg 1200w, https:\/\/www.neuperlach.org\/blog\/wp-content\/uploads\/2021\/07\/IMG_1036-1980x1114.jpg 1980w, https:\/\/www.neuperlach.org\/blog\/wp-content\/uploads\/2021\/07\/IMG_1036.jpg 2016w\" sizes=\"auto, (max-width: 580px) 100vw, 580px\" \/><\/a><figcaption id=\"caption-attachment-18112\" class=\"wp-caption-text\">Probeklinkerung (29.06.2021). Foto: Georg und Marcus Pantel<\/figcaption><\/figure>\n<h3>Erfolg ist eine Treppe, keine T\u00fcr! (11.08.2021)<\/h3>\n<p>Auch wenn die einzelnen\u00a0 Geb\u00e4ude bereits die endg\u00fcltige H\u00f6he erreicht haben, fehlt hier und da etwas Entscheidendem. Etwa Treppen. In dieser Fotoserie sind zwei angelieferte Teile zu sehen. Das l\u00e4ngere ist eine tragende Unterkonstruktion, auf die noch die eigentliche, wesentlich breitere Treppe montiert wird.<\/p>\n<figure id=\"attachment_18308\" aria-describedby=\"caption-attachment-18308\" style=\"width: 580px\" class=\"wp-caption alignnone\"><a href=\"https:\/\/www.neuperlach.org\/blog\/wp-content\/uploads\/2020\/04\/IMG_1167.jpg\"><img loading=\"lazy\" decoding=\"async\" class=\"size-large wp-image-18308\" src=\"https:\/\/www.neuperlach.org\/blog\/wp-content\/uploads\/2020\/04\/IMG_1167-1024x576.jpg\" alt=\"Grundschule am Strehleranger\" width=\"580\" height=\"326\" \/><\/a><figcaption id=\"caption-attachment-18308\" class=\"wp-caption-text\">Grundschule am Strehleranger \u2013 Treppen-Unterkonstruktion (11.08.2021). Foto: Georg und Marcus Pantel<\/figcaption><\/figure>\n<p>Auf dem n\u00e4chsten Foto sind auf der Oberseite des Objekt schwarze L\u00e4ngsstreifen zu sehen. Dabei d\u00fcrfte es sich um Hartgummistreifen handeln, auf die noch die eigentlichen Treppenteile gelegt werden. Die Gummistreifen dienen der D\u00e4mpfung des Trittschalls, der bei den wepsigen, trampelnden Horden an Sch\u00fclerinnen und Sch\u00fclern durchaus ein wichtiges Thema ist.<\/p>\n<figure id=\"attachment_18310\" aria-describedby=\"caption-attachment-18310\" style=\"width: 580px\" class=\"wp-caption alignnone\"><a href=\"https:\/\/www.neuperlach.org\/blog\/wp-content\/uploads\/2020\/04\/IMG_1166.jpg\"><img loading=\"lazy\" decoding=\"async\" class=\"size-large wp-image-18310\" src=\"https:\/\/www.neuperlach.org\/blog\/wp-content\/uploads\/2020\/04\/IMG_1166-1024x576.jpg\" alt=\"Grundschule am Strehleranger\" width=\"580\" height=\"326\" srcset=\"https:\/\/www.neuperlach.org\/blog\/wp-content\/uploads\/2020\/04\/IMG_1166-1024x576.jpg 1024w, https:\/\/www.neuperlach.org\/blog\/wp-content\/uploads\/2020\/04\/IMG_1166-300x169.jpg 300w, https:\/\/www.neuperlach.org\/blog\/wp-content\/uploads\/2020\/04\/IMG_1166-768x432.jpg 768w, https:\/\/www.neuperlach.org\/blog\/wp-content\/uploads\/2020\/04\/IMG_1166-1536x864.jpg 1536w, https:\/\/www.neuperlach.org\/blog\/wp-content\/uploads\/2020\/04\/IMG_1166-2048x1152.jpg 2048w, https:\/\/www.neuperlach.org\/blog\/wp-content\/uploads\/2020\/04\/IMG_1166-1200x675.jpg 1200w, https:\/\/www.neuperlach.org\/blog\/wp-content\/uploads\/2020\/04\/IMG_1166-1980x1114.jpg 1980w\" sizes=\"auto, (max-width: 580px) 100vw, 580px\" \/><\/a><figcaption id=\"caption-attachment-18310\" class=\"wp-caption-text\">Treppen-Unterkonstruktion. Die schwarzen L\u00e4ngsstreifen sind erkennbar (11.08.2021). Foto: Georg und Marcus Pantel<\/figcaption><\/figure>\n<figure id=\"attachment_18312\" aria-describedby=\"caption-attachment-18312\" style=\"width: 580px\" class=\"wp-caption alignnone\"><a href=\"https:\/\/www.neuperlach.org\/blog\/wp-content\/uploads\/2020\/04\/IMG_1163.jpg\"><img loading=\"lazy\" decoding=\"async\" class=\"size-large wp-image-18312\" src=\"https:\/\/www.neuperlach.org\/blog\/wp-content\/uploads\/2020\/04\/IMG_1163-1024x576.jpg\" alt=\"Grundschule am Strehleranger\" width=\"580\" height=\"326\" srcset=\"https:\/\/www.neuperlach.org\/blog\/wp-content\/uploads\/2020\/04\/IMG_1163-1024x576.jpg 1024w, https:\/\/www.neuperlach.org\/blog\/wp-content\/uploads\/2020\/04\/IMG_1163-300x169.jpg 300w, https:\/\/www.neuperlach.org\/blog\/wp-content\/uploads\/2020\/04\/IMG_1163-768x432.jpg 768w, https:\/\/www.neuperlach.org\/blog\/wp-content\/uploads\/2020\/04\/IMG_1163-1536x864.jpg 1536w, https:\/\/www.neuperlach.org\/blog\/wp-content\/uploads\/2020\/04\/IMG_1163-2048x1152.jpg 2048w, https:\/\/www.neuperlach.org\/blog\/wp-content\/uploads\/2020\/04\/IMG_1163-1200x675.jpg 1200w, https:\/\/www.neuperlach.org\/blog\/wp-content\/uploads\/2020\/04\/IMG_1163-1980x1114.jpg 1980w\" sizes=\"auto, (max-width: 580px) 100vw, 580px\" \/><\/a><figcaption id=\"caption-attachment-18312\" class=\"wp-caption-text\">Treppen-Unterkonstruktion (11.08.2021). Foto: Georg und Marcus Pantel<\/figcaption><\/figure>\n<figure id=\"attachment_18313\" aria-describedby=\"caption-attachment-18313\" style=\"width: 580px\" class=\"wp-caption alignnone\"><a href=\"https:\/\/www.neuperlach.org\/blog\/wp-content\/uploads\/2020\/04\/IMG_1160.jpg\"><img loading=\"lazy\" decoding=\"async\" class=\"size-large wp-image-18313\" src=\"https:\/\/www.neuperlach.org\/blog\/wp-content\/uploads\/2020\/04\/IMG_1160-1024x576.jpg\" alt=\"Grundschule am Strehleranger\" width=\"580\" height=\"326\" srcset=\"https:\/\/www.neuperlach.org\/blog\/wp-content\/uploads\/2020\/04\/IMG_1160-1024x576.jpg 1024w, https:\/\/www.neuperlach.org\/blog\/wp-content\/uploads\/2020\/04\/IMG_1160-300x169.jpg 300w, https:\/\/www.neuperlach.org\/blog\/wp-content\/uploads\/2020\/04\/IMG_1160-768x432.jpg 768w, https:\/\/www.neuperlach.org\/blog\/wp-content\/uploads\/2020\/04\/IMG_1160-1536x864.jpg 1536w, https:\/\/www.neuperlach.org\/blog\/wp-content\/uploads\/2020\/04\/IMG_1160-2048x1152.jpg 2048w, https:\/\/www.neuperlach.org\/blog\/wp-content\/uploads\/2020\/04\/IMG_1160-1200x675.jpg 1200w, https:\/\/www.neuperlach.org\/blog\/wp-content\/uploads\/2020\/04\/IMG_1160-1980x1114.jpg 1980w\" sizes=\"auto, (max-width: 580px) 100vw, 580px\" \/><\/a><figcaption id=\"caption-attachment-18313\" class=\"wp-caption-text\">Treppen-Unterkonstruktion (11.08.2021). Foto: Georg und Marcus Pantel<\/figcaption><\/figure>\n<figure id=\"attachment_18314\" aria-describedby=\"caption-attachment-18314\" style=\"width: 580px\" class=\"wp-caption alignnone\"><a href=\"https:\/\/www.neuperlach.org\/blog\/wp-content\/uploads\/2020\/04\/IMG_1157.jpg\"><img loading=\"lazy\" decoding=\"async\" class=\"size-large wp-image-18314\" src=\"https:\/\/www.neuperlach.org\/blog\/wp-content\/uploads\/2020\/04\/IMG_1157-1024x576.jpg\" alt=\"Grundschule am Strehleranger\" width=\"580\" height=\"326\" srcset=\"https:\/\/www.neuperlach.org\/blog\/wp-content\/uploads\/2020\/04\/IMG_1157-1024x576.jpg 1024w, https:\/\/www.neuperlach.org\/blog\/wp-content\/uploads\/2020\/04\/IMG_1157-300x169.jpg 300w, https:\/\/www.neuperlach.org\/blog\/wp-content\/uploads\/2020\/04\/IMG_1157-768x432.jpg 768w, https:\/\/www.neuperlach.org\/blog\/wp-content\/uploads\/2020\/04\/IMG_1157-1536x864.jpg 1536w, https:\/\/www.neuperlach.org\/blog\/wp-content\/uploads\/2020\/04\/IMG_1157-2048x1152.jpg 2048w, https:\/\/www.neuperlach.org\/blog\/wp-content\/uploads\/2020\/04\/IMG_1157-1200x675.jpg 1200w, https:\/\/www.neuperlach.org\/blog\/wp-content\/uploads\/2020\/04\/IMG_1157-1980x1114.jpg 1980w\" sizes=\"auto, (max-width: 580px) 100vw, 580px\" \/><\/a><figcaption id=\"caption-attachment-18314\" class=\"wp-caption-text\">Treppen-Unterkonstruktion (11.08.2021). Foto: Georg und Marcus Pantel<\/figcaption><\/figure>\n<figure id=\"attachment_18315\" aria-describedby=\"caption-attachment-18315\" style=\"width: 580px\" class=\"wp-caption alignnone\"><a href=\"https:\/\/www.neuperlach.org\/blog\/wp-content\/uploads\/2020\/04\/IMG_1156.jpg\"><img loading=\"lazy\" decoding=\"async\" class=\"size-large wp-image-18315\" src=\"https:\/\/www.neuperlach.org\/blog\/wp-content\/uploads\/2020\/04\/IMG_1156-1024x576.jpg\" alt=\"Grundschule am Strehleranger\" width=\"580\" height=\"326\" srcset=\"https:\/\/www.neuperlach.org\/blog\/wp-content\/uploads\/2020\/04\/IMG_1156-1024x576.jpg 1024w, https:\/\/www.neuperlach.org\/blog\/wp-content\/uploads\/2020\/04\/IMG_1156-300x169.jpg 300w, https:\/\/www.neuperlach.org\/blog\/wp-content\/uploads\/2020\/04\/IMG_1156-768x432.jpg 768w, https:\/\/www.neuperlach.org\/blog\/wp-content\/uploads\/2020\/04\/IMG_1156-1536x864.jpg 1536w, https:\/\/www.neuperlach.org\/blog\/wp-content\/uploads\/2020\/04\/IMG_1156-2048x1152.jpg 2048w, https:\/\/www.neuperlach.org\/blog\/wp-content\/uploads\/2020\/04\/IMG_1156-1200x675.jpg 1200w, https:\/\/www.neuperlach.org\/blog\/wp-content\/uploads\/2020\/04\/IMG_1156-1980x1114.jpg 1980w\" sizes=\"auto, (max-width: 580px) 100vw, 580px\" \/><\/a><figcaption id=\"caption-attachment-18315\" class=\"wp-caption-text\">Treppen-Unterkonstruktion (11.08.2021). Foto: Georg und Marcus Pantel<\/figcaption><\/figure>\n<figure id=\"attachment_18316\" aria-describedby=\"caption-attachment-18316\" style=\"width: 580px\" class=\"wp-caption alignnone\"><a href=\"https:\/\/www.neuperlach.org\/blog\/wp-content\/uploads\/2020\/04\/IMG_1155.jpg\"><img loading=\"lazy\" decoding=\"async\" class=\"size-large wp-image-18316\" src=\"https:\/\/www.neuperlach.org\/blog\/wp-content\/uploads\/2020\/04\/IMG_1155-1024x576.jpg\" alt=\"Grundschule am Strehleranger\" width=\"580\" height=\"326\" srcset=\"https:\/\/www.neuperlach.org\/blog\/wp-content\/uploads\/2020\/04\/IMG_1155-1024x576.jpg 1024w, https:\/\/www.neuperlach.org\/blog\/wp-content\/uploads\/2020\/04\/IMG_1155-300x169.jpg 300w, https:\/\/www.neuperlach.org\/blog\/wp-content\/uploads\/2020\/04\/IMG_1155-768x432.jpg 768w, https:\/\/www.neuperlach.org\/blog\/wp-content\/uploads\/2020\/04\/IMG_1155-1536x864.jpg 1536w, https:\/\/www.neuperlach.org\/blog\/wp-content\/uploads\/2020\/04\/IMG_1155-2048x1152.jpg 2048w, https:\/\/www.neuperlach.org\/blog\/wp-content\/uploads\/2020\/04\/IMG_1155-1200x675.jpg 1200w, https:\/\/www.neuperlach.org\/blog\/wp-content\/uploads\/2020\/04\/IMG_1155-1980x1114.jpg 1980w\" sizes=\"auto, (max-width: 580px) 100vw, 580px\" \/><\/a><figcaption id=\"caption-attachment-18316\" class=\"wp-caption-text\">Treppen-Unterkonstruktion (11.08.2021). Foto: Georg und Marcus Pantel<\/figcaption><\/figure>\n<p>Das zweite Objekt ist leichter zu erkennen, es ist schlicht und ergreifend ein Treppenelement. Beide Teile schweben an ihren Bestimmungsort.<\/p>\n<figure id=\"attachment_18307\" aria-describedby=\"caption-attachment-18307\" style=\"width: 580px\" class=\"wp-caption alignnone\"><a href=\"https:\/\/www.neuperlach.org\/blog\/wp-content\/uploads\/2020\/04\/IMG_1168.jpg\"><img loading=\"lazy\" decoding=\"async\" class=\"size-large wp-image-18307\" src=\"https:\/\/www.neuperlach.org\/blog\/wp-content\/uploads\/2020\/04\/IMG_1168-1024x576.jpg\" alt=\"Grundschule am Strehleranger\" width=\"580\" height=\"326\" srcset=\"https:\/\/www.neuperlach.org\/blog\/wp-content\/uploads\/2020\/04\/IMG_1168-1024x576.jpg 1024w, https:\/\/www.neuperlach.org\/blog\/wp-content\/uploads\/2020\/04\/IMG_1168-300x169.jpg 300w, https:\/\/www.neuperlach.org\/blog\/wp-content\/uploads\/2020\/04\/IMG_1168-768x432.jpg 768w, https:\/\/www.neuperlach.org\/blog\/wp-content\/uploads\/2020\/04\/IMG_1168-1536x864.jpg 1536w, https:\/\/www.neuperlach.org\/blog\/wp-content\/uploads\/2020\/04\/IMG_1168-2048x1152.jpg 2048w, https:\/\/www.neuperlach.org\/blog\/wp-content\/uploads\/2020\/04\/IMG_1168-1200x675.jpg 1200w, https:\/\/www.neuperlach.org\/blog\/wp-content\/uploads\/2020\/04\/IMG_1168-1980x1114.jpg 1980w\" sizes=\"auto, (max-width: 580px) 100vw, 580px\" \/><\/a><figcaption id=\"caption-attachment-18307\" class=\"wp-caption-text\">Treppenelement (11.08.2021). Foto: Georg und Marcus Pantel<\/figcaption><\/figure>\n<figure id=\"attachment_18306\" aria-describedby=\"caption-attachment-18306\" style=\"width: 580px\" class=\"wp-caption alignnone\"><a href=\"https:\/\/www.neuperlach.org\/blog\/wp-content\/uploads\/2020\/04\/IMG_1170.jpg\"><img loading=\"lazy\" decoding=\"async\" class=\"size-large wp-image-18306\" src=\"https:\/\/www.neuperlach.org\/blog\/wp-content\/uploads\/2020\/04\/IMG_1170-1024x576.jpg\" alt=\"Grundschule am Strehleranger\" width=\"580\" height=\"326\" srcset=\"https:\/\/www.neuperlach.org\/blog\/wp-content\/uploads\/2020\/04\/IMG_1170-1024x576.jpg 1024w, https:\/\/www.neuperlach.org\/blog\/wp-content\/uploads\/2020\/04\/IMG_1170-300x169.jpg 300w, https:\/\/www.neuperlach.org\/blog\/wp-content\/uploads\/2020\/04\/IMG_1170-768x432.jpg 768w, https:\/\/www.neuperlach.org\/blog\/wp-content\/uploads\/2020\/04\/IMG_1170-1536x864.jpg 1536w, https:\/\/www.neuperlach.org\/blog\/wp-content\/uploads\/2020\/04\/IMG_1170-2048x1152.jpg 2048w, https:\/\/www.neuperlach.org\/blog\/wp-content\/uploads\/2020\/04\/IMG_1170-1200x675.jpg 1200w, https:\/\/www.neuperlach.org\/blog\/wp-content\/uploads\/2020\/04\/IMG_1170-1980x1114.jpg 1980w\" sizes=\"auto, (max-width: 580px) 100vw, 580px\" \/><\/a><figcaption id=\"caption-attachment-18306\" class=\"wp-caption-text\">Treppenelement (11.08.2021). Foto: Georg und Marcus Pantel<\/figcaption><\/figure>\n<figure id=\"attachment_18305\" aria-describedby=\"caption-attachment-18305\" style=\"width: 580px\" class=\"wp-caption alignnone\"><a href=\"https:\/\/www.neuperlach.org\/blog\/wp-content\/uploads\/2020\/04\/IMG_1171.jpg\"><img loading=\"lazy\" decoding=\"async\" class=\"size-large wp-image-18305\" src=\"https:\/\/www.neuperlach.org\/blog\/wp-content\/uploads\/2020\/04\/IMG_1171-1024x576.jpg\" alt=\"Grundschule am Strehleranger\" width=\"580\" height=\"326\" srcset=\"https:\/\/www.neuperlach.org\/blog\/wp-content\/uploads\/2020\/04\/IMG_1171-1024x576.jpg 1024w, https:\/\/www.neuperlach.org\/blog\/wp-content\/uploads\/2020\/04\/IMG_1171-300x169.jpg 300w, https:\/\/www.neuperlach.org\/blog\/wp-content\/uploads\/2020\/04\/IMG_1171-768x432.jpg 768w, https:\/\/www.neuperlach.org\/blog\/wp-content\/uploads\/2020\/04\/IMG_1171-1536x864.jpg 1536w, https:\/\/www.neuperlach.org\/blog\/wp-content\/uploads\/2020\/04\/IMG_1171-2048x1152.jpg 2048w, https:\/\/www.neuperlach.org\/blog\/wp-content\/uploads\/2020\/04\/IMG_1171-1200x675.jpg 1200w, https:\/\/www.neuperlach.org\/blog\/wp-content\/uploads\/2020\/04\/IMG_1171-1980x1114.jpg 1980w\" sizes=\"auto, (max-width: 580px) 100vw, 580px\" \/><\/a><figcaption id=\"caption-attachment-18305\" class=\"wp-caption-text\">Treppenelement (11.08.2021). Foto: Georg und Marcus Pantel<\/figcaption><\/figure>\n<h3>September 2021<\/h3>\n<figure id=\"attachment_18504\" aria-describedby=\"caption-attachment-18504\" style=\"width: 580px\" class=\"wp-caption alignnone\"><a href=\"https:\/\/www.neuperlach.org\/blog\/wp-content\/uploads\/2020\/04\/IMG_1276.jpg\"><img loading=\"lazy\" decoding=\"async\" class=\"size-large wp-image-18504\" src=\"https:\/\/www.neuperlach.org\/blog\/wp-content\/uploads\/2020\/04\/IMG_1276-1024x576.jpg\" alt=\"Grundschule am Strehleranger\" width=\"580\" height=\"326\" srcset=\"https:\/\/www.neuperlach.org\/blog\/wp-content\/uploads\/2020\/04\/IMG_1276-1024x576.jpg 1024w, https:\/\/www.neuperlach.org\/blog\/wp-content\/uploads\/2020\/04\/IMG_1276-300x169.jpg 300w, https:\/\/www.neuperlach.org\/blog\/wp-content\/uploads\/2020\/04\/IMG_1276-768x432.jpg 768w, https:\/\/www.neuperlach.org\/blog\/wp-content\/uploads\/2020\/04\/IMG_1276-1536x864.jpg 1536w, https:\/\/www.neuperlach.org\/blog\/wp-content\/uploads\/2020\/04\/IMG_1276-2048x1152.jpg 2048w, https:\/\/www.neuperlach.org\/blog\/wp-content\/uploads\/2020\/04\/IMG_1276-1200x675.jpg 1200w, https:\/\/www.neuperlach.org\/blog\/wp-content\/uploads\/2020\/04\/IMG_1276-1980x1114.jpg 1980w\" sizes=\"auto, (max-width: 580px) 100vw, 580px\" \/><\/a><figcaption id=\"caption-attachment-18504\" class=\"wp-caption-text\">Grundschule am Strehleranger (18.09.2021). Foto: Georg und Marcus Pantel<\/figcaption><\/figure>\n<figure id=\"attachment_18505\" aria-describedby=\"caption-attachment-18505\" style=\"width: 580px\" class=\"wp-caption alignnone\"><a href=\"https:\/\/www.neuperlach.org\/blog\/wp-content\/uploads\/2020\/04\/IMG_1277.jpg\"><img loading=\"lazy\" decoding=\"async\" class=\"size-large wp-image-18505\" src=\"https:\/\/www.neuperlach.org\/blog\/wp-content\/uploads\/2020\/04\/IMG_1277-1024x576.jpg\" alt=\"Grundschule am Strehleranger\" width=\"580\" height=\"326\" srcset=\"https:\/\/www.neuperlach.org\/blog\/wp-content\/uploads\/2020\/04\/IMG_1277-1024x576.jpg 1024w, https:\/\/www.neuperlach.org\/blog\/wp-content\/uploads\/2020\/04\/IMG_1277-300x169.jpg 300w, https:\/\/www.neuperlach.org\/blog\/wp-content\/uploads\/2020\/04\/IMG_1277-768x432.jpg 768w, https:\/\/www.neuperlach.org\/blog\/wp-content\/uploads\/2020\/04\/IMG_1277-1536x864.jpg 1536w, https:\/\/www.neuperlach.org\/blog\/wp-content\/uploads\/2020\/04\/IMG_1277-2048x1152.jpg 2048w, https:\/\/www.neuperlach.org\/blog\/wp-content\/uploads\/2020\/04\/IMG_1277-1200x675.jpg 1200w, https:\/\/www.neuperlach.org\/blog\/wp-content\/uploads\/2020\/04\/IMG_1277-1980x1114.jpg 1980w\" sizes=\"auto, (max-width: 580px) 100vw, 580px\" \/><\/a><figcaption id=\"caption-attachment-18505\" class=\"wp-caption-text\">Grundschule am Strehleranger (18.09.2021). Foto: Georg und Marcus Pantel<\/figcaption><\/figure>\n<figure id=\"attachment_18506\" aria-describedby=\"caption-attachment-18506\" style=\"width: 580px\" class=\"wp-caption alignnone\"><a href=\"https:\/\/www.neuperlach.org\/blog\/wp-content\/uploads\/2020\/04\/IMG_1278.jpg\"><img loading=\"lazy\" decoding=\"async\" class=\"size-large wp-image-18506\" src=\"https:\/\/www.neuperlach.org\/blog\/wp-content\/uploads\/2020\/04\/IMG_1278-1024x576.jpg\" alt=\"Grundschule am Strehleranger\" width=\"580\" height=\"326\" srcset=\"https:\/\/www.neuperlach.org\/blog\/wp-content\/uploads\/2020\/04\/IMG_1278-1024x576.jpg 1024w, https:\/\/www.neuperlach.org\/blog\/wp-content\/uploads\/2020\/04\/IMG_1278-300x169.jpg 300w, https:\/\/www.neuperlach.org\/blog\/wp-content\/uploads\/2020\/04\/IMG_1278-768x432.jpg 768w, https:\/\/www.neuperlach.org\/blog\/wp-content\/uploads\/2020\/04\/IMG_1278-1536x864.jpg 1536w, https:\/\/www.neuperlach.org\/blog\/wp-content\/uploads\/2020\/04\/IMG_1278-2048x1152.jpg 2048w, https:\/\/www.neuperlach.org\/blog\/wp-content\/uploads\/2020\/04\/IMG_1278-1200x675.jpg 1200w, https:\/\/www.neuperlach.org\/blog\/wp-content\/uploads\/2020\/04\/IMG_1278-1980x1114.jpg 1980w\" sizes=\"auto, (max-width: 580px) 100vw, 580px\" \/><\/a><figcaption id=\"caption-attachment-18506\" class=\"wp-caption-text\">Grundschule am Strehleranger (18.09.2021). Foto: Georg und Marcus Pantel<\/figcaption><\/figure>\n<figure id=\"attachment_18507\" aria-describedby=\"caption-attachment-18507\" style=\"width: 576px\" class=\"wp-caption alignnone\"><a href=\"https:\/\/www.neuperlach.org\/blog\/wp-content\/uploads\/2020\/04\/IMG_1279.jpg\"><img loading=\"lazy\" decoding=\"async\" class=\"size-large wp-image-18507\" src=\"https:\/\/www.neuperlach.org\/blog\/wp-content\/uploads\/2020\/04\/IMG_1279-576x1024.jpg\" alt=\"Grundschule am Strehleranger\" width=\"576\" height=\"1024\" \/><\/a><figcaption id=\"caption-attachment-18507\" class=\"wp-caption-text\">Grundschule am Strehleranger (18.09.2021). Foto: Georg und Marcus Pantel<\/figcaption><\/figure>\n<figure id=\"attachment_18509\" aria-describedby=\"caption-attachment-18509\" style=\"width: 576px\" class=\"wp-caption alignnone\"><a href=\"https:\/\/www.neuperlach.org\/blog\/wp-content\/uploads\/2020\/04\/IMG_1280.jpg\"><img loading=\"lazy\" decoding=\"async\" class=\"size-large wp-image-18509\" src=\"https:\/\/www.neuperlach.org\/blog\/wp-content\/uploads\/2020\/04\/IMG_1280-576x1024.jpg\" alt=\"Grundschule am Strehleranger\" width=\"576\" height=\"1024\" srcset=\"https:\/\/www.neuperlach.org\/blog\/wp-content\/uploads\/2020\/04\/IMG_1280-576x1024.jpg 576w, https:\/\/www.neuperlach.org\/blog\/wp-content\/uploads\/2020\/04\/IMG_1280-169x300.jpg 169w, https:\/\/www.neuperlach.org\/blog\/wp-content\/uploads\/2020\/04\/IMG_1280-768x1366.jpg 768w, https:\/\/www.neuperlach.org\/blog\/wp-content\/uploads\/2020\/04\/IMG_1280-864x1536.jpg 864w, https:\/\/www.neuperlach.org\/blog\/wp-content\/uploads\/2020\/04\/IMG_1280-1152x2048.jpg 1152w, https:\/\/www.neuperlach.org\/blog\/wp-content\/uploads\/2020\/04\/IMG_1280-1200x2134.jpg 1200w, https:\/\/www.neuperlach.org\/blog\/wp-content\/uploads\/2020\/04\/IMG_1280.jpg 1406w\" sizes=\"auto, (max-width: 576px) 100vw, 576px\" \/><\/a><figcaption id=\"caption-attachment-18509\" class=\"wp-caption-text\">Grundschule am Strehleranger (18.09.2021). Foto: Georg und Marcus Pantel<\/figcaption><\/figure>\n<figure id=\"attachment_18510\" aria-describedby=\"caption-attachment-18510\" style=\"width: 580px\" class=\"wp-caption alignnone\"><a href=\"https:\/\/www.neuperlach.org\/blog\/wp-content\/uploads\/2020\/04\/IMG_1281.jpg\"><img loading=\"lazy\" decoding=\"async\" class=\"size-large wp-image-18510\" src=\"https:\/\/www.neuperlach.org\/blog\/wp-content\/uploads\/2020\/04\/IMG_1281-1024x576.jpg\" alt=\"Grundschule am Strehleranger\" width=\"580\" height=\"326\" srcset=\"https:\/\/www.neuperlach.org\/blog\/wp-content\/uploads\/2020\/04\/IMG_1281-1024x576.jpg 1024w, https:\/\/www.neuperlach.org\/blog\/wp-content\/uploads\/2020\/04\/IMG_1281-300x169.jpg 300w, https:\/\/www.neuperlach.org\/blog\/wp-content\/uploads\/2020\/04\/IMG_1281-768x432.jpg 768w, https:\/\/www.neuperlach.org\/blog\/wp-content\/uploads\/2020\/04\/IMG_1281-1536x864.jpg 1536w, https:\/\/www.neuperlach.org\/blog\/wp-content\/uploads\/2020\/04\/IMG_1281-2048x1152.jpg 2048w, https:\/\/www.neuperlach.org\/blog\/wp-content\/uploads\/2020\/04\/IMG_1281-1200x675.jpg 1200w, https:\/\/www.neuperlach.org\/blog\/wp-content\/uploads\/2020\/04\/IMG_1281-1980x1114.jpg 1980w\" sizes=\"auto, (max-width: 580px) 100vw, 580px\" \/><\/a><figcaption id=\"caption-attachment-18510\" class=\"wp-caption-text\">Grundschule am Strehleranger (18.09.2021). Foto: Georg und Marcus Pantel<\/figcaption><\/figure>\n<figure id=\"attachment_18511\" aria-describedby=\"caption-attachment-18511\" style=\"width: 576px\" class=\"wp-caption alignnone\"><a href=\"https:\/\/www.neuperlach.org\/blog\/wp-content\/uploads\/2020\/04\/IMG_1285.jpg\"><img loading=\"lazy\" decoding=\"async\" class=\"size-large wp-image-18511\" src=\"https:\/\/www.neuperlach.org\/blog\/wp-content\/uploads\/2020\/04\/IMG_1285-576x1024.jpg\" alt=\"Grundschule am Strehleranger\" width=\"576\" height=\"1024\" srcset=\"https:\/\/www.neuperlach.org\/blog\/wp-content\/uploads\/2020\/04\/IMG_1285-576x1024.jpg 576w, https:\/\/www.neuperlach.org\/blog\/wp-content\/uploads\/2020\/04\/IMG_1285-169x300.jpg 169w, https:\/\/www.neuperlach.org\/blog\/wp-content\/uploads\/2020\/04\/IMG_1285-768x1366.jpg 768w, https:\/\/www.neuperlach.org\/blog\/wp-content\/uploads\/2020\/04\/IMG_1285-864x1536.jpg 864w, https:\/\/www.neuperlach.org\/blog\/wp-content\/uploads\/2020\/04\/IMG_1285-1152x2048.jpg 1152w, https:\/\/www.neuperlach.org\/blog\/wp-content\/uploads\/2020\/04\/IMG_1285-1200x2134.jpg 1200w, https:\/\/www.neuperlach.org\/blog\/wp-content\/uploads\/2020\/04\/IMG_1285.jpg 1406w\" sizes=\"auto, (max-width: 576px) 100vw, 576px\" \/><\/a><figcaption id=\"caption-attachment-18511\" class=\"wp-caption-text\">Grundschule am Strehleranger (22.09.2021). Foto: Georg und Marcus Pantel<\/figcaption><\/figure>\n<figure id=\"attachment_18512\" aria-describedby=\"caption-attachment-18512\" style=\"width: 580px\" class=\"wp-caption alignnone\"><a href=\"https:\/\/www.neuperlach.org\/blog\/wp-content\/uploads\/2020\/04\/IMG_1286.jpg\"><img loading=\"lazy\" decoding=\"async\" class=\"size-large wp-image-18512\" src=\"https:\/\/www.neuperlach.org\/blog\/wp-content\/uploads\/2020\/04\/IMG_1286-1024x576.jpg\" alt=\"Grundschule am Strehleranger\" width=\"580\" height=\"326\" srcset=\"https:\/\/www.neuperlach.org\/blog\/wp-content\/uploads\/2020\/04\/IMG_1286-1024x576.jpg 1024w, https:\/\/www.neuperlach.org\/blog\/wp-content\/uploads\/2020\/04\/IMG_1286-300x169.jpg 300w, https:\/\/www.neuperlach.org\/blog\/wp-content\/uploads\/2020\/04\/IMG_1286-768x432.jpg 768w, https:\/\/www.neuperlach.org\/blog\/wp-content\/uploads\/2020\/04\/IMG_1286-1536x864.jpg 1536w, https:\/\/www.neuperlach.org\/blog\/wp-content\/uploads\/2020\/04\/IMG_1286-2048x1152.jpg 2048w, https:\/\/www.neuperlach.org\/blog\/wp-content\/uploads\/2020\/04\/IMG_1286-1200x675.jpg 1200w, https:\/\/www.neuperlach.org\/blog\/wp-content\/uploads\/2020\/04\/IMG_1286-1980x1114.jpg 1980w\" sizes=\"auto, (max-width: 580px) 100vw, 580px\" \/><\/a><figcaption id=\"caption-attachment-18512\" class=\"wp-caption-text\">Grundschule am Strehleranger (22.09.2021). Foto: Georg und Marcus Pantel<\/figcaption><\/figure>\n<figure id=\"attachment_18513\" aria-describedby=\"caption-attachment-18513\" style=\"width: 580px\" class=\"wp-caption alignnone\"><a href=\"https:\/\/www.neuperlach.org\/blog\/wp-content\/uploads\/2020\/04\/IMG_1288.jpg\"><img loading=\"lazy\" decoding=\"async\" class=\"size-large wp-image-18513\" src=\"https:\/\/www.neuperlach.org\/blog\/wp-content\/uploads\/2020\/04\/IMG_1288-1024x576.jpg\" alt=\"Grundschule am Strehleranger\" width=\"580\" height=\"326\" srcset=\"https:\/\/www.neuperlach.org\/blog\/wp-content\/uploads\/2020\/04\/IMG_1288-1024x576.jpg 1024w, https:\/\/www.neuperlach.org\/blog\/wp-content\/uploads\/2020\/04\/IMG_1288-300x169.jpg 300w, https:\/\/www.neuperlach.org\/blog\/wp-content\/uploads\/2020\/04\/IMG_1288-768x432.jpg 768w, https:\/\/www.neuperlach.org\/blog\/wp-content\/uploads\/2020\/04\/IMG_1288-1536x864.jpg 1536w, https:\/\/www.neuperlach.org\/blog\/wp-content\/uploads\/2020\/04\/IMG_1288-2048x1152.jpg 2048w, https:\/\/www.neuperlach.org\/blog\/wp-content\/uploads\/2020\/04\/IMG_1288-1200x675.jpg 1200w, https:\/\/www.neuperlach.org\/blog\/wp-content\/uploads\/2020\/04\/IMG_1288-1980x1114.jpg 1980w\" sizes=\"auto, (max-width: 580px) 100vw, 580px\" \/><\/a><figcaption id=\"caption-attachment-18513\" class=\"wp-caption-text\">Grundschule am Strehleranger (22.09.2021). Foto: Georg und Marcus Pantel<\/figcaption><\/figure>\n<figure id=\"attachment_18514\" aria-describedby=\"caption-attachment-18514\" style=\"width: 576px\" class=\"wp-caption alignnone\"><a href=\"https:\/\/www.neuperlach.org\/blog\/wp-content\/uploads\/2020\/04\/IMG_1289.jpg\"><img loading=\"lazy\" decoding=\"async\" class=\"size-large wp-image-18514\" src=\"https:\/\/www.neuperlach.org\/blog\/wp-content\/uploads\/2020\/04\/IMG_1289-576x1024.jpg\" alt=\"Grundschule am Strehleranger\" width=\"576\" height=\"1024\" srcset=\"https:\/\/www.neuperlach.org\/blog\/wp-content\/uploads\/2020\/04\/IMG_1289-576x1024.jpg 576w, https:\/\/www.neuperlach.org\/blog\/wp-content\/uploads\/2020\/04\/IMG_1289-169x300.jpg 169w, https:\/\/www.neuperlach.org\/blog\/wp-content\/uploads\/2020\/04\/IMG_1289-768x1366.jpg 768w, https:\/\/www.neuperlach.org\/blog\/wp-content\/uploads\/2020\/04\/IMG_1289-864x1536.jpg 864w, https:\/\/www.neuperlach.org\/blog\/wp-content\/uploads\/2020\/04\/IMG_1289-1152x2048.jpg 1152w, https:\/\/www.neuperlach.org\/blog\/wp-content\/uploads\/2020\/04\/IMG_1289-1200x2134.jpg 1200w, https:\/\/www.neuperlach.org\/blog\/wp-content\/uploads\/2020\/04\/IMG_1289.jpg 1406w\" sizes=\"auto, (max-width: 576px) 100vw, 576px\" \/><\/a><figcaption id=\"caption-attachment-18514\" class=\"wp-caption-text\">Grundschule am Strehleranger (22.09.2021). Foto: Georg und Marcus Pantel<\/figcaption><\/figure>\n<figure id=\"attachment_18515\" aria-describedby=\"caption-attachment-18515\" style=\"width: 576px\" class=\"wp-caption alignnone\"><a href=\"https:\/\/www.neuperlach.org\/blog\/wp-content\/uploads\/2020\/04\/IMG_1290.jpg\"><img loading=\"lazy\" decoding=\"async\" class=\"size-large wp-image-18515\" src=\"https:\/\/www.neuperlach.org\/blog\/wp-content\/uploads\/2020\/04\/IMG_1290-576x1024.jpg\" alt=\"Grundschule am Strehleranger\" width=\"576\" height=\"1024\" srcset=\"https:\/\/www.neuperlach.org\/blog\/wp-content\/uploads\/2020\/04\/IMG_1290-576x1024.jpg 576w, https:\/\/www.neuperlach.org\/blog\/wp-content\/uploads\/2020\/04\/IMG_1290-169x300.jpg 169w, https:\/\/www.neuperlach.org\/blog\/wp-content\/uploads\/2020\/04\/IMG_1290-768x1366.jpg 768w, https:\/\/www.neuperlach.org\/blog\/wp-content\/uploads\/2020\/04\/IMG_1290-864x1536.jpg 864w, https:\/\/www.neuperlach.org\/blog\/wp-content\/uploads\/2020\/04\/IMG_1290-1152x2048.jpg 1152w, https:\/\/www.neuperlach.org\/blog\/wp-content\/uploads\/2020\/04\/IMG_1290-1200x2134.jpg 1200w, https:\/\/www.neuperlach.org\/blog\/wp-content\/uploads\/2020\/04\/IMG_1290.jpg 1406w\" sizes=\"auto, (max-width: 576px) 100vw, 576px\" \/><\/a><figcaption id=\"caption-attachment-18515\" class=\"wp-caption-text\">Grundschule am Strehleranger (22.09.2021). Foto: Georg und Marcus Pantel<\/figcaption><\/figure>\n<figure id=\"attachment_18516\" aria-describedby=\"caption-attachment-18516\" style=\"width: 576px\" class=\"wp-caption alignnone\"><a href=\"https:\/\/www.neuperlach.org\/blog\/wp-content\/uploads\/2020\/04\/IMG_1384.jpg\"><img loading=\"lazy\" decoding=\"async\" class=\"size-large wp-image-18516\" src=\"https:\/\/www.neuperlach.org\/blog\/wp-content\/uploads\/2020\/04\/IMG_1384-576x1024.jpg\" alt=\"Grundschule am Strehleranger\" width=\"576\" height=\"1024\" srcset=\"https:\/\/www.neuperlach.org\/blog\/wp-content\/uploads\/2020\/04\/IMG_1384-576x1024.jpg 576w, https:\/\/www.neuperlach.org\/blog\/wp-content\/uploads\/2020\/04\/IMG_1384-169x300.jpg 169w, https:\/\/www.neuperlach.org\/blog\/wp-content\/uploads\/2020\/04\/IMG_1384-768x1366.jpg 768w, https:\/\/www.neuperlach.org\/blog\/wp-content\/uploads\/2020\/04\/IMG_1384-864x1536.jpg 864w, https:\/\/www.neuperlach.org\/blog\/wp-content\/uploads\/2020\/04\/IMG_1384-1152x2048.jpg 1152w, https:\/\/www.neuperlach.org\/blog\/wp-content\/uploads\/2020\/04\/IMG_1384-1200x2134.jpg 1200w, https:\/\/www.neuperlach.org\/blog\/wp-content\/uploads\/2020\/04\/IMG_1384.jpg 1406w\" sizes=\"auto, (max-width: 576px) 100vw, 576px\" \/><\/a><figcaption id=\"caption-attachment-18516\" class=\"wp-caption-text\">Grundschule am Strehleranger (27.09.2021). Foto: Georg und Marcus Pantel<\/figcaption><\/figure>\n<figure id=\"attachment_18517\" aria-describedby=\"caption-attachment-18517\" style=\"width: 580px\" class=\"wp-caption alignnone\"><a href=\"https:\/\/www.neuperlach.org\/blog\/wp-content\/uploads\/2020\/04\/IMG_1396.jpg\"><img loading=\"lazy\" decoding=\"async\" class=\"size-large wp-image-18517\" src=\"https:\/\/www.neuperlach.org\/blog\/wp-content\/uploads\/2020\/04\/IMG_1396-1024x576.jpg\" alt=\"Grundschule am Strehleranger\" width=\"580\" height=\"326\" srcset=\"https:\/\/www.neuperlach.org\/blog\/wp-content\/uploads\/2020\/04\/IMG_1396-1024x576.jpg 1024w, https:\/\/www.neuperlach.org\/blog\/wp-content\/uploads\/2020\/04\/IMG_1396-300x169.jpg 300w, https:\/\/www.neuperlach.org\/blog\/wp-content\/uploads\/2020\/04\/IMG_1396-768x432.jpg 768w, https:\/\/www.neuperlach.org\/blog\/wp-content\/uploads\/2020\/04\/IMG_1396-1536x864.jpg 1536w, https:\/\/www.neuperlach.org\/blog\/wp-content\/uploads\/2020\/04\/IMG_1396-2048x1152.jpg 2048w, https:\/\/www.neuperlach.org\/blog\/wp-content\/uploads\/2020\/04\/IMG_1396-1200x675.jpg 1200w, https:\/\/www.neuperlach.org\/blog\/wp-content\/uploads\/2020\/04\/IMG_1396-1980x1114.jpg 1980w\" sizes=\"auto, (max-width: 580px) 100vw, 580px\" \/><\/a><figcaption id=\"caption-attachment-18517\" class=\"wp-caption-text\">Grundschule am Strehleranger (30.09.2021). Foto: Georg und Marcus Pantel<\/figcaption><\/figure>\n<figure id=\"attachment_18518\" aria-describedby=\"caption-attachment-18518\" style=\"width: 580px\" class=\"wp-caption alignnone\"><a href=\"https:\/\/www.neuperlach.org\/blog\/wp-content\/uploads\/2020\/04\/IMG_1397.jpg\"><img loading=\"lazy\" decoding=\"async\" class=\"size-large wp-image-18518\" src=\"https:\/\/www.neuperlach.org\/blog\/wp-content\/uploads\/2020\/04\/IMG_1397-1024x576.jpg\" alt=\"Grundschule am Strehleranger\" width=\"580\" height=\"326\" srcset=\"https:\/\/www.neuperlach.org\/blog\/wp-content\/uploads\/2020\/04\/IMG_1397-1024x576.jpg 1024w, https:\/\/www.neuperlach.org\/blog\/wp-content\/uploads\/2020\/04\/IMG_1397-300x169.jpg 300w, https:\/\/www.neuperlach.org\/blog\/wp-content\/uploads\/2020\/04\/IMG_1397-768x432.jpg 768w, https:\/\/www.neuperlach.org\/blog\/wp-content\/uploads\/2020\/04\/IMG_1397-1536x864.jpg 1536w, https:\/\/www.neuperlach.org\/blog\/wp-content\/uploads\/2020\/04\/IMG_1397-2048x1152.jpg 2048w, https:\/\/www.neuperlach.org\/blog\/wp-content\/uploads\/2020\/04\/IMG_1397-1200x675.jpg 1200w, https:\/\/www.neuperlach.org\/blog\/wp-content\/uploads\/2020\/04\/IMG_1397-1980x1114.jpg 1980w\" sizes=\"auto, (max-width: 580px) 100vw, 580px\" \/><\/a><figcaption id=\"caption-attachment-18518\" class=\"wp-caption-text\">Grundschule am Strehleranger (30.09.2021). Foto: Georg und Marcus Pantel<\/figcaption><\/figure>\n<h3>Oktober 2021<\/h3>\n<p>Es wurdern gro\u00dfe Mengen an Flachdach-D\u00e4mmplatten angeliefert:<\/p>\n<figure id=\"attachment_18609\" aria-describedby=\"caption-attachment-18609\" style=\"width: 580px\" class=\"wp-caption alignnone\"><a href=\"https:\/\/www.neuperlach.org\/blog\/wp-content\/uploads\/2020\/04\/IMG_1435.jpg\"><img loading=\"lazy\" decoding=\"async\" class=\"size-large wp-image-18609\" src=\"https:\/\/www.neuperlach.org\/blog\/wp-content\/uploads\/2020\/04\/IMG_1435-1024x576.jpg\" alt=\"Grundschule am Strehleranger\" width=\"580\" height=\"326\" srcset=\"https:\/\/www.neuperlach.org\/blog\/wp-content\/uploads\/2020\/04\/IMG_1435-1024x576.jpg 1024w, https:\/\/www.neuperlach.org\/blog\/wp-content\/uploads\/2020\/04\/IMG_1435-300x169.jpg 300w, https:\/\/www.neuperlach.org\/blog\/wp-content\/uploads\/2020\/04\/IMG_1435-768x432.jpg 768w, https:\/\/www.neuperlach.org\/blog\/wp-content\/uploads\/2020\/04\/IMG_1435-1536x864.jpg 1536w, https:\/\/www.neuperlach.org\/blog\/wp-content\/uploads\/2020\/04\/IMG_1435-2048x1152.jpg 2048w, https:\/\/www.neuperlach.org\/blog\/wp-content\/uploads\/2020\/04\/IMG_1435-1200x675.jpg 1200w, https:\/\/www.neuperlach.org\/blog\/wp-content\/uploads\/2020\/04\/IMG_1435-1980x1114.jpg 1980w\" sizes=\"auto, (max-width: 580px) 100vw, 580px\" \/><\/a><figcaption id=\"caption-attachment-18609\" class=\"wp-caption-text\">Grundschule am Strehleranger (06.10.2021). Foto: Georg und Marcus Pantel<\/figcaption><\/figure>\n<figure id=\"attachment_18607\" aria-describedby=\"caption-attachment-18607\" style=\"width: 576px\" class=\"wp-caption alignnone\"><a href=\"https:\/\/www.neuperlach.org\/blog\/wp-content\/uploads\/2020\/04\/IMG_1438.jpg\"><img loading=\"lazy\" decoding=\"async\" class=\"size-large wp-image-18607\" src=\"https:\/\/www.neuperlach.org\/blog\/wp-content\/uploads\/2020\/04\/IMG_1438-576x1024.jpg\" alt=\"Grundschule am Strehleranger\" width=\"576\" height=\"1024\" srcset=\"https:\/\/www.neuperlach.org\/blog\/wp-content\/uploads\/2020\/04\/IMG_1438-576x1024.jpg 576w, https:\/\/www.neuperlach.org\/blog\/wp-content\/uploads\/2020\/04\/IMG_1438-169x300.jpg 169w, https:\/\/www.neuperlach.org\/blog\/wp-content\/uploads\/2020\/04\/IMG_1438-768x1366.jpg 768w, https:\/\/www.neuperlach.org\/blog\/wp-content\/uploads\/2020\/04\/IMG_1438-864x1536.jpg 864w, https:\/\/www.neuperlach.org\/blog\/wp-content\/uploads\/2020\/04\/IMG_1438-1152x2048.jpg 1152w, https:\/\/www.neuperlach.org\/blog\/wp-content\/uploads\/2020\/04\/IMG_1438-1200x2134.jpg 1200w, https:\/\/www.neuperlach.org\/blog\/wp-content\/uploads\/2020\/04\/IMG_1438.jpg 1406w\" sizes=\"auto, (max-width: 576px) 100vw, 576px\" \/><\/a><figcaption id=\"caption-attachment-18607\" class=\"wp-caption-text\">Grundschule am Strehleranger (06.10.2021). Foto: Georg und Marcus Pantel<\/figcaption><\/figure>\n<figure id=\"attachment_18606\" aria-describedby=\"caption-attachment-18606\" style=\"width: 576px\" class=\"wp-caption alignnone\"><a href=\"https:\/\/www.neuperlach.org\/blog\/wp-content\/uploads\/2020\/04\/IMG_1439.jpg\"><img loading=\"lazy\" decoding=\"async\" class=\"size-large wp-image-18606\" src=\"https:\/\/www.neuperlach.org\/blog\/wp-content\/uploads\/2020\/04\/IMG_1439-576x1024.jpg\" alt=\"Grundschule am Strehleranger\" width=\"576\" height=\"1024\" srcset=\"https:\/\/www.neuperlach.org\/blog\/wp-content\/uploads\/2020\/04\/IMG_1439-576x1024.jpg 576w, https:\/\/www.neuperlach.org\/blog\/wp-content\/uploads\/2020\/04\/IMG_1439-169x300.jpg 169w, https:\/\/www.neuperlach.org\/blog\/wp-content\/uploads\/2020\/04\/IMG_1439-768x1366.jpg 768w, https:\/\/www.neuperlach.org\/blog\/wp-content\/uploads\/2020\/04\/IMG_1439-864x1536.jpg 864w, https:\/\/www.neuperlach.org\/blog\/wp-content\/uploads\/2020\/04\/IMG_1439-1152x2048.jpg 1152w, https:\/\/www.neuperlach.org\/blog\/wp-content\/uploads\/2020\/04\/IMG_1439-1200x2134.jpg 1200w, https:\/\/www.neuperlach.org\/blog\/wp-content\/uploads\/2020\/04\/IMG_1439.jpg 1406w\" sizes=\"auto, (max-width: 576px) 100vw, 576px\" \/><\/a><figcaption id=\"caption-attachment-18606\" class=\"wp-caption-text\">Grundschule am Strehleranger (06.10.2021). Foto: Georg und Marcus Pantel<\/figcaption><\/figure>\n<figure id=\"attachment_18608\" aria-describedby=\"caption-attachment-18608\" style=\"width: 580px\" class=\"wp-caption alignnone\"><a href=\"https:\/\/www.neuperlach.org\/blog\/wp-content\/uploads\/2020\/04\/IMG_1436.jpg\"><img loading=\"lazy\" decoding=\"async\" class=\"size-large wp-image-18608\" src=\"https:\/\/www.neuperlach.org\/blog\/wp-content\/uploads\/2020\/04\/IMG_1436-1024x576.jpg\" alt=\"Grundschule am Strehleranger\" width=\"580\" height=\"326\" srcset=\"https:\/\/www.neuperlach.org\/blog\/wp-content\/uploads\/2020\/04\/IMG_1436-1024x576.jpg 1024w, https:\/\/www.neuperlach.org\/blog\/wp-content\/uploads\/2020\/04\/IMG_1436-300x169.jpg 300w, https:\/\/www.neuperlach.org\/blog\/wp-content\/uploads\/2020\/04\/IMG_1436-768x432.jpg 768w, https:\/\/www.neuperlach.org\/blog\/wp-content\/uploads\/2020\/04\/IMG_1436-1536x864.jpg 1536w, https:\/\/www.neuperlach.org\/blog\/wp-content\/uploads\/2020\/04\/IMG_1436-2048x1152.jpg 2048w, https:\/\/www.neuperlach.org\/blog\/wp-content\/uploads\/2020\/04\/IMG_1436-1200x675.jpg 1200w, https:\/\/www.neuperlach.org\/blog\/wp-content\/uploads\/2020\/04\/IMG_1436-1980x1114.jpg 1980w\" sizes=\"auto, (max-width: 580px) 100vw, 580px\" \/><\/a><figcaption id=\"caption-attachment-18608\" class=\"wp-caption-text\">Grundschule am Strehleranger (06.10.2021). Foto: Georg und Marcus Pantel<\/figcaption><\/figure>\n<h3>21.12.2021<\/h3>\n<figure id=\"attachment_18758\" aria-describedby=\"caption-attachment-18758\" style=\"width: 580px\" class=\"wp-caption alignnone\"><a href=\"https:\/\/www.neuperlach.org\/blog\/wp-content\/uploads\/2020\/04\/IMG_E1706.jpg\"><img loading=\"lazy\" decoding=\"async\" class=\"size-large wp-image-18758\" src=\"https:\/\/www.neuperlach.org\/blog\/wp-content\/uploads\/2020\/04\/IMG_E1706-1024x576.jpg\" alt=\"Grundschule am Strehleranger\" width=\"580\" height=\"326\" srcset=\"https:\/\/www.neuperlach.org\/blog\/wp-content\/uploads\/2020\/04\/IMG_E1706-1024x576.jpg 1024w, https:\/\/www.neuperlach.org\/blog\/wp-content\/uploads\/2020\/04\/IMG_E1706-300x169.jpg 300w, https:\/\/www.neuperlach.org\/blog\/wp-content\/uploads\/2020\/04\/IMG_E1706-768x432.jpg 768w, https:\/\/www.neuperlach.org\/blog\/wp-content\/uploads\/2020\/04\/IMG_E1706-1536x864.jpg 1536w, https:\/\/www.neuperlach.org\/blog\/wp-content\/uploads\/2020\/04\/IMG_E1706-2048x1152.jpg 2048w, https:\/\/www.neuperlach.org\/blog\/wp-content\/uploads\/2020\/04\/IMG_E1706-1200x675.jpg 1200w, https:\/\/www.neuperlach.org\/blog\/wp-content\/uploads\/2020\/04\/IMG_E1706-1980x1114.jpg 1980w\" sizes=\"auto, (max-width: 580px) 100vw, 580px\" \/><\/a><figcaption id=\"caption-attachment-18758\" class=\"wp-caption-text\">Grundschule am Strehleranger (01.12.2021). Foto: Georg und Marcus Pantel<\/figcaption><\/figure>\n<figure id=\"attachment_18759\" aria-describedby=\"caption-attachment-18759\" style=\"width: 580px\" class=\"wp-caption alignnone\"><a href=\"https:\/\/www.neuperlach.org\/blog\/wp-content\/uploads\/2020\/04\/IMG_E1753.jpg\"><img loading=\"lazy\" decoding=\"async\" class=\"size-large wp-image-18759\" src=\"https:\/\/www.neuperlach.org\/blog\/wp-content\/uploads\/2020\/04\/IMG_E1753-1024x576.jpg\" alt=\"Grundschule am Strehleranger\" width=\"580\" height=\"326\" srcset=\"https:\/\/www.neuperlach.org\/blog\/wp-content\/uploads\/2020\/04\/IMG_E1753-1024x576.jpg 1024w, https:\/\/www.neuperlach.org\/blog\/wp-content\/uploads\/2020\/04\/IMG_E1753-300x169.jpg 300w, https:\/\/www.neuperlach.org\/blog\/wp-content\/uploads\/2020\/04\/IMG_E1753-768x432.jpg 768w, https:\/\/www.neuperlach.org\/blog\/wp-content\/uploads\/2020\/04\/IMG_E1753-1536x864.jpg 1536w, https:\/\/www.neuperlach.org\/blog\/wp-content\/uploads\/2020\/04\/IMG_E1753-2048x1152.jpg 2048w, https:\/\/www.neuperlach.org\/blog\/wp-content\/uploads\/2020\/04\/IMG_E1753-1200x675.jpg 1200w, https:\/\/www.neuperlach.org\/blog\/wp-content\/uploads\/2020\/04\/IMG_E1753-1980x1114.jpg 1980w\" sizes=\"auto, (max-width: 580px) 100vw, 580px\" \/><\/a><figcaption id=\"caption-attachment-18759\" class=\"wp-caption-text\">Die alte Turnhalle bleibt stehen, damit der Sportbetrieb weitergehen kann (15.12.2021). Foto: Georg und Marcus Pantel<\/figcaption><\/figure>\n<figure id=\"attachment_18756\" aria-describedby=\"caption-attachment-18756\" style=\"width: 580px\" class=\"wp-caption alignnone\"><a href=\"https:\/\/www.neuperlach.org\/blog\/wp-content\/uploads\/2020\/04\/IMG_E1757.jpg\"><img loading=\"lazy\" decoding=\"async\" class=\"size-large wp-image-18756\" src=\"https:\/\/www.neuperlach.org\/blog\/wp-content\/uploads\/2020\/04\/IMG_E1757-1024x576.jpg\" alt=\"Grundschule am Strehleranger\" width=\"580\" height=\"326\" srcset=\"https:\/\/www.neuperlach.org\/blog\/wp-content\/uploads\/2020\/04\/IMG_E1757-1024x576.jpg 1024w, https:\/\/www.neuperlach.org\/blog\/wp-content\/uploads\/2020\/04\/IMG_E1757-300x169.jpg 300w, https:\/\/www.neuperlach.org\/blog\/wp-content\/uploads\/2020\/04\/IMG_E1757-768x432.jpg 768w, https:\/\/www.neuperlach.org\/blog\/wp-content\/uploads\/2020\/04\/IMG_E1757-1536x864.jpg 1536w, https:\/\/www.neuperlach.org\/blog\/wp-content\/uploads\/2020\/04\/IMG_E1757-2048x1152.jpg 2048w, https:\/\/www.neuperlach.org\/blog\/wp-content\/uploads\/2020\/04\/IMG_E1757-1200x675.jpg 1200w, https:\/\/www.neuperlach.org\/blog\/wp-content\/uploads\/2020\/04\/IMG_E1757-1980x1114.jpg 1980w\" sizes=\"auto, (max-width: 580px) 100vw, 580px\" \/><\/a><figcaption id=\"caption-attachment-18756\" class=\"wp-caption-text\">Die alte Turnhalle bleibt stehen, damit der Sportbetrieb weitergehen kann (15.12.2021). Foto: Georg und Marcus Pantel<\/figcaption><\/figure>\n<figure id=\"attachment_18755\" aria-describedby=\"caption-attachment-18755\" style=\"width: 580px\" class=\"wp-caption alignnone\"><a href=\"https:\/\/www.neuperlach.org\/blog\/wp-content\/uploads\/2020\/04\/IMG_E1777.jpg\"><img loading=\"lazy\" decoding=\"async\" class=\"size-large wp-image-18755\" src=\"https:\/\/www.neuperlach.org\/blog\/wp-content\/uploads\/2020\/04\/IMG_E1777-1024x576.jpg\" alt=\"Grundschule am Strehleranger\" width=\"580\" height=\"326\" srcset=\"https:\/\/www.neuperlach.org\/blog\/wp-content\/uploads\/2020\/04\/IMG_E1777-1024x576.jpg 1024w, https:\/\/www.neuperlach.org\/blog\/wp-content\/uploads\/2020\/04\/IMG_E1777-300x169.jpg 300w, https:\/\/www.neuperlach.org\/blog\/wp-content\/uploads\/2020\/04\/IMG_E1777-768x432.jpg 768w, https:\/\/www.neuperlach.org\/blog\/wp-content\/uploads\/2020\/04\/IMG_E1777-1536x864.jpg 1536w, https:\/\/www.neuperlach.org\/blog\/wp-content\/uploads\/2020\/04\/IMG_E1777-2048x1152.jpg 2048w, https:\/\/www.neuperlach.org\/blog\/wp-content\/uploads\/2020\/04\/IMG_E1777-1200x675.jpg 1200w, https:\/\/www.neuperlach.org\/blog\/wp-content\/uploads\/2020\/04\/IMG_E1777-1980x1114.jpg 1980w\" sizes=\"auto, (max-width: 580px) 100vw, 580px\" \/><\/a><figcaption id=\"caption-attachment-18755\" class=\"wp-caption-text\">So sieht es innen aus! (21.12.2021). Foto: Georg und Marcus Pantel<\/figcaption><\/figure>\n<figure id=\"attachment_18754\" aria-describedby=\"caption-attachment-18754\" style=\"width: 580px\" class=\"wp-caption alignnone\"><a href=\"https:\/\/www.neuperlach.org\/blog\/wp-content\/uploads\/2020\/04\/IMG_E1780.jpg\"><img loading=\"lazy\" decoding=\"async\" class=\"size-large wp-image-18754\" src=\"https:\/\/www.neuperlach.org\/blog\/wp-content\/uploads\/2020\/04\/IMG_E1780-1024x576.jpg\" alt=\"Grundschule am Strehleranger\" width=\"580\" height=\"326\" srcset=\"https:\/\/www.neuperlach.org\/blog\/wp-content\/uploads\/2020\/04\/IMG_E1780-1024x576.jpg 1024w, https:\/\/www.neuperlach.org\/blog\/wp-content\/uploads\/2020\/04\/IMG_E1780-300x169.jpg 300w, https:\/\/www.neuperlach.org\/blog\/wp-content\/uploads\/2020\/04\/IMG_E1780-768x432.jpg 768w, https:\/\/www.neuperlach.org\/blog\/wp-content\/uploads\/2020\/04\/IMG_E1780-1536x864.jpg 1536w, https:\/\/www.neuperlach.org\/blog\/wp-content\/uploads\/2020\/04\/IMG_E1780-2048x1152.jpg 2048w, https:\/\/www.neuperlach.org\/blog\/wp-content\/uploads\/2020\/04\/IMG_E1780-1200x675.jpg 1200w, https:\/\/www.neuperlach.org\/blog\/wp-content\/uploads\/2020\/04\/IMG_E1780-1980x1114.jpg 1980w\" sizes=\"auto, (max-width: 580px) 100vw, 580px\" \/><\/a><figcaption id=\"caption-attachment-18754\" class=\"wp-caption-text\">Die alte Trnhalle bleibt stehen, damit der Sportbetrieb weitergehen kann (21.12.2021). Foto: Georg und Marcus Pantel<\/figcaption><\/figure>\n<figure id=\"attachment_18753\" aria-describedby=\"caption-attachment-18753\" style=\"width: 580px\" class=\"wp-caption alignnone\"><a href=\"https:\/\/www.neuperlach.org\/blog\/wp-content\/uploads\/2020\/04\/IMG_E1781.jpg\"><img loading=\"lazy\" decoding=\"async\" class=\"size-large wp-image-18753\" src=\"https:\/\/www.neuperlach.org\/blog\/wp-content\/uploads\/2020\/04\/IMG_E1781-1024x576.jpg\" alt=\"Grundschule am Strehleranger\" width=\"580\" height=\"326\" srcset=\"https:\/\/www.neuperlach.org\/blog\/wp-content\/uploads\/2020\/04\/IMG_E1781-1024x576.jpg 1024w, https:\/\/www.neuperlach.org\/blog\/wp-content\/uploads\/2020\/04\/IMG_E1781-300x169.jpg 300w, https:\/\/www.neuperlach.org\/blog\/wp-content\/uploads\/2020\/04\/IMG_E1781-768x432.jpg 768w, https:\/\/www.neuperlach.org\/blog\/wp-content\/uploads\/2020\/04\/IMG_E1781-1536x864.jpg 1536w, https:\/\/www.neuperlach.org\/blog\/wp-content\/uploads\/2020\/04\/IMG_E1781-2048x1152.jpg 2048w, https:\/\/www.neuperlach.org\/blog\/wp-content\/uploads\/2020\/04\/IMG_E1781-1200x675.jpg 1200w, https:\/\/www.neuperlach.org\/blog\/wp-content\/uploads\/2020\/04\/IMG_E1781-1980x1114.jpg 1980w\" sizes=\"auto, (max-width: 580px) 100vw, 580px\" \/><\/a><figcaption id=\"caption-attachment-18753\" class=\"wp-caption-text\">Grundschule am Strehleranger (21.12.2021). Foto: Georg und Marcus Pantel<\/figcaption><\/figure>\n<figure id=\"attachment_18752\" aria-describedby=\"caption-attachment-18752\" style=\"width: 580px\" class=\"wp-caption alignnone\"><a href=\"https:\/\/www.neuperlach.org\/blog\/wp-content\/uploads\/2020\/04\/IMG_E1786.jpg\"><img loading=\"lazy\" decoding=\"async\" class=\"size-large wp-image-18752\" src=\"https:\/\/www.neuperlach.org\/blog\/wp-content\/uploads\/2020\/04\/IMG_E1786-1024x576.jpg\" alt=\"Grundschule am Strehleranger\" width=\"580\" height=\"326\" srcset=\"https:\/\/www.neuperlach.org\/blog\/wp-content\/uploads\/2020\/04\/IMG_E1786-1024x576.jpg 1024w, https:\/\/www.neuperlach.org\/blog\/wp-content\/uploads\/2020\/04\/IMG_E1786-300x169.jpg 300w, https:\/\/www.neuperlach.org\/blog\/wp-content\/uploads\/2020\/04\/IMG_E1786-768x432.jpg 768w, https:\/\/www.neuperlach.org\/blog\/wp-content\/uploads\/2020\/04\/IMG_E1786-1536x864.jpg 1536w, https:\/\/www.neuperlach.org\/blog\/wp-content\/uploads\/2020\/04\/IMG_E1786-2048x1152.jpg 2048w, https:\/\/www.neuperlach.org\/blog\/wp-content\/uploads\/2020\/04\/IMG_E1786-1200x675.jpg 1200w, https:\/\/www.neuperlach.org\/blog\/wp-content\/uploads\/2020\/04\/IMG_E1786-1980x1114.jpg 1980w\" sizes=\"auto, (max-width: 580px) 100vw, 580px\" \/><\/a><figcaption id=\"caption-attachment-18752\" class=\"wp-caption-text\">Grundschule am Strehleranger (21.12.2021). Foto: Georg und Marcus Pantel<\/figcaption><\/figure>\n<figure id=\"attachment_18750\" aria-describedby=\"caption-attachment-18750\" style=\"width: 580px\" class=\"wp-caption alignnone\"><a href=\"https:\/\/www.neuperlach.org\/blog\/wp-content\/uploads\/2020\/04\/IMG_E1788.jpg\"><img loading=\"lazy\" decoding=\"async\" class=\"size-large wp-image-18750\" src=\"https:\/\/www.neuperlach.org\/blog\/wp-content\/uploads\/2020\/04\/IMG_E1788-1024x576.jpg\" alt=\"Grundschule am Strehleranger\" width=\"580\" height=\"326\" \/><\/a><figcaption id=\"caption-attachment-18750\" class=\"wp-caption-text\">Grundschule am Strehleranger (21.12.2021). Foto: Georg und Marcus Pantel<\/figcaption><\/figure>\n<figure id=\"attachment_18749\" aria-describedby=\"caption-attachment-18749\" style=\"width: 580px\" class=\"wp-caption alignnone\"><a href=\"https:\/\/www.neuperlach.org\/blog\/wp-content\/uploads\/2020\/04\/IMG_E1789.jpg\"><img loading=\"lazy\" decoding=\"async\" class=\"size-large wp-image-18749\" src=\"https:\/\/www.neuperlach.org\/blog\/wp-content\/uploads\/2020\/04\/IMG_E1789-1024x576.jpg\" alt=\"Grundschule am Strehleranger\" width=\"580\" height=\"326\" srcset=\"https:\/\/www.neuperlach.org\/blog\/wp-content\/uploads\/2020\/04\/IMG_E1789-1024x576.jpg 1024w, https:\/\/www.neuperlach.org\/blog\/wp-content\/uploads\/2020\/04\/IMG_E1789-300x169.jpg 300w, https:\/\/www.neuperlach.org\/blog\/wp-content\/uploads\/2020\/04\/IMG_E1789-768x432.jpg 768w, https:\/\/www.neuperlach.org\/blog\/wp-content\/uploads\/2020\/04\/IMG_E1789-1536x864.jpg 1536w, https:\/\/www.neuperlach.org\/blog\/wp-content\/uploads\/2020\/04\/IMG_E1789-2048x1152.jpg 2048w, https:\/\/www.neuperlach.org\/blog\/wp-content\/uploads\/2020\/04\/IMG_E1789-1200x675.jpg 1200w, https:\/\/www.neuperlach.org\/blog\/wp-content\/uploads\/2020\/04\/IMG_E1789-1980x1114.jpg 1980w\" sizes=\"auto, (max-width: 580px) 100vw, 580px\" \/><\/a><figcaption id=\"caption-attachment-18749\" class=\"wp-caption-text\">Grundschule am Strehleranger (21.12.2021). Foto: Georg und Marcus Pantel<\/figcaption><\/figure>\n<figure id=\"attachment_18748\" aria-describedby=\"caption-attachment-18748\" style=\"width: 580px\" class=\"wp-caption alignnone\"><a href=\"https:\/\/www.neuperlach.org\/blog\/wp-content\/uploads\/2020\/04\/IMG_E1790.jpg\"><img loading=\"lazy\" decoding=\"async\" class=\"size-large wp-image-18748\" src=\"https:\/\/www.neuperlach.org\/blog\/wp-content\/uploads\/2020\/04\/IMG_E1790-1024x576.jpg\" alt=\"Grundschule am Strehleranger\" width=\"580\" height=\"326\" srcset=\"https:\/\/www.neuperlach.org\/blog\/wp-content\/uploads\/2020\/04\/IMG_E1790-1024x576.jpg 1024w, https:\/\/www.neuperlach.org\/blog\/wp-content\/uploads\/2020\/04\/IMG_E1790-300x169.jpg 300w, https:\/\/www.neuperlach.org\/blog\/wp-content\/uploads\/2020\/04\/IMG_E1790-768x432.jpg 768w, https:\/\/www.neuperlach.org\/blog\/wp-content\/uploads\/2020\/04\/IMG_E1790-1536x864.jpg 1536w, https:\/\/www.neuperlach.org\/blog\/wp-content\/uploads\/2020\/04\/IMG_E1790-2048x1152.jpg 2048w, https:\/\/www.neuperlach.org\/blog\/wp-content\/uploads\/2020\/04\/IMG_E1790-1200x675.jpg 1200w, https:\/\/www.neuperlach.org\/blog\/wp-content\/uploads\/2020\/04\/IMG_E1790-1980x1114.jpg 1980w\" sizes=\"auto, (max-width: 580px) 100vw, 580px\" \/><\/a><figcaption id=\"caption-attachment-18748\" class=\"wp-caption-text\">Grundschule am Strehleranger (21.12.2021). Foto: Georg und Marcus Pantel<\/figcaption><\/figure>\n<figure id=\"attachment_18746\" aria-describedby=\"caption-attachment-18746\" style=\"width: 580px\" class=\"wp-caption alignnone\"><a href=\"https:\/\/www.neuperlach.org\/blog\/wp-content\/uploads\/2020\/04\/IMG_E1791.jpg\"><img loading=\"lazy\" decoding=\"async\" class=\"size-large wp-image-18746\" src=\"https:\/\/www.neuperlach.org\/blog\/wp-content\/uploads\/2020\/04\/IMG_E1791-1024x504.jpg\" alt=\"Grundschule am Strehleranger\" width=\"580\" height=\"285\" \/><\/a><figcaption id=\"caption-attachment-18746\" class=\"wp-caption-text\">Grundschule am Strehleranger (21.12.2021). Foto: Georg und Marcus Pantel<\/figcaption><\/figure>\n<h3>Februar 2022<\/h3>\n<figure id=\"attachment_18863\" aria-describedby=\"caption-attachment-18863\" style=\"width: 580px\" class=\"wp-caption alignnone\"><a href=\"https:\/\/www.neuperlach.org\/blog\/wp-content\/uploads\/2020\/04\/IMG_E1881.jpg\"><img loading=\"lazy\" decoding=\"async\" class=\"size-large wp-image-18863\" src=\"https:\/\/www.neuperlach.org\/blog\/wp-content\/uploads\/2020\/04\/IMG_E1881-1024x576.jpg\" alt=\"Grundschule am Strehleranger\" width=\"580\" height=\"326\" srcset=\"https:\/\/www.neuperlach.org\/blog\/wp-content\/uploads\/2020\/04\/IMG_E1881-1024x576.jpg 1024w, https:\/\/www.neuperlach.org\/blog\/wp-content\/uploads\/2020\/04\/IMG_E1881-300x169.jpg 300w, https:\/\/www.neuperlach.org\/blog\/wp-content\/uploads\/2020\/04\/IMG_E1881-768x432.jpg 768w, https:\/\/www.neuperlach.org\/blog\/wp-content\/uploads\/2020\/04\/IMG_E1881-1536x864.jpg 1536w, https:\/\/www.neuperlach.org\/blog\/wp-content\/uploads\/2020\/04\/IMG_E1881-2048x1152.jpg 2048w, https:\/\/www.neuperlach.org\/blog\/wp-content\/uploads\/2020\/04\/IMG_E1881-1200x675.jpg 1200w, https:\/\/www.neuperlach.org\/blog\/wp-content\/uploads\/2020\/04\/IMG_E1881-1980x1114.jpg 1980w\" sizes=\"auto, (max-width: 580px) 100vw, 580px\" \/><\/a><figcaption id=\"caption-attachment-18863\" class=\"wp-caption-text\">Es wurden Schalld\u00e4mpfelemente f\u00fcr die Klimaanlage angeliefert (03.02.2022). Foto: Georg und Marcus Pantel<\/figcaption><\/figure>\n<figure id=\"attachment_18862\" aria-describedby=\"caption-attachment-18862\" style=\"width: 580px\" class=\"wp-caption alignnone\"><a href=\"https:\/\/www.neuperlach.org\/blog\/wp-content\/uploads\/2020\/04\/IMG_E1930.jpg\"><img loading=\"lazy\" decoding=\"async\" class=\"size-large wp-image-18862\" src=\"https:\/\/www.neuperlach.org\/blog\/wp-content\/uploads\/2020\/04\/IMG_E1930-1024x576.jpg\" alt=\"Grundschule am Strehleranger\" width=\"580\" height=\"326\" srcset=\"https:\/\/www.neuperlach.org\/blog\/wp-content\/uploads\/2020\/04\/IMG_E1930-1024x576.jpg 1024w, https:\/\/www.neuperlach.org\/blog\/wp-content\/uploads\/2020\/04\/IMG_E1930-300x169.jpg 300w, https:\/\/www.neuperlach.org\/blog\/wp-content\/uploads\/2020\/04\/IMG_E1930-768x432.jpg 768w, https:\/\/www.neuperlach.org\/blog\/wp-content\/uploads\/2020\/04\/IMG_E1930-1536x864.jpg 1536w, https:\/\/www.neuperlach.org\/blog\/wp-content\/uploads\/2020\/04\/IMG_E1930-2048x1152.jpg 2048w, https:\/\/www.neuperlach.org\/blog\/wp-content\/uploads\/2020\/04\/IMG_E1930-1200x675.jpg 1200w, https:\/\/www.neuperlach.org\/blog\/wp-content\/uploads\/2020\/04\/IMG_E1930-1980x1114.jpg 1980w\" sizes=\"auto, (max-width: 580px) 100vw, 580px\" \/><\/a><figcaption id=\"caption-attachment-18862\" class=\"wp-caption-text\">Grundschule am Strehleranger (10.02.2022). Foto: Georg und Marcus Pantel<\/figcaption><\/figure>\n<h4>Echter Klinker<\/h4>\n<p>F\u00fcr die Fassade wird echter Klinker und keine d\u00fcnnen T\u00e4felchen verwendet.<\/p>\n<figure id=\"attachment_18864\" aria-describedby=\"caption-attachment-18864\" style=\"width: 580px\" class=\"wp-caption alignnone\"><a href=\"https:\/\/www.neuperlach.org\/blog\/wp-content\/uploads\/2020\/04\/IMG_E1958.jpg\"><img loading=\"lazy\" decoding=\"async\" class=\"size-large wp-image-18864\" src=\"https:\/\/www.neuperlach.org\/blog\/wp-content\/uploads\/2020\/04\/IMG_E1958-1024x576.jpg\" alt=\"Grundschule am Strehleranger\" width=\"580\" height=\"326\" srcset=\"https:\/\/www.neuperlach.org\/blog\/wp-content\/uploads\/2020\/04\/IMG_E1958-1024x576.jpg 1024w, https:\/\/www.neuperlach.org\/blog\/wp-content\/uploads\/2020\/04\/IMG_E1958-300x169.jpg 300w, https:\/\/www.neuperlach.org\/blog\/wp-content\/uploads\/2020\/04\/IMG_E1958-768x432.jpg 768w, https:\/\/www.neuperlach.org\/blog\/wp-content\/uploads\/2020\/04\/IMG_E1958-1536x864.jpg 1536w, https:\/\/www.neuperlach.org\/blog\/wp-content\/uploads\/2020\/04\/IMG_E1958-2048x1152.jpg 2048w, https:\/\/www.neuperlach.org\/blog\/wp-content\/uploads\/2020\/04\/IMG_E1958-1200x675.jpg 1200w, https:\/\/www.neuperlach.org\/blog\/wp-content\/uploads\/2020\/04\/IMG_E1958-1980x1114.jpg 1980w\" sizes=\"auto, (max-width: 580px) 100vw, 580px\" \/><\/a><figcaption id=\"caption-attachment-18864\" class=\"wp-caption-text\">Angelieferte Klinkerziegel (24.02.2022). Foto: Georg und Marcus Pantel<\/figcaption><\/figure>\n<figure id=\"attachment_18865\" aria-describedby=\"caption-attachment-18865\" style=\"width: 580px\" class=\"wp-caption alignnone\"><a href=\"https:\/\/www.neuperlach.org\/blog\/wp-content\/uploads\/2020\/04\/IMG_E1967.jpg\"><img loading=\"lazy\" decoding=\"async\" class=\"size-large wp-image-18865\" src=\"https:\/\/www.neuperlach.org\/blog\/wp-content\/uploads\/2020\/04\/IMG_E1967-1024x576.jpg\" alt=\"Grundschule am Strehleranger\" width=\"580\" height=\"326\" srcset=\"https:\/\/www.neuperlach.org\/blog\/wp-content\/uploads\/2020\/04\/IMG_E1967-1024x576.jpg 1024w, https:\/\/www.neuperlach.org\/blog\/wp-content\/uploads\/2020\/04\/IMG_E1967-300x169.jpg 300w, https:\/\/www.neuperlach.org\/blog\/wp-content\/uploads\/2020\/04\/IMG_E1967-768x432.jpg 768w, https:\/\/www.neuperlach.org\/blog\/wp-content\/uploads\/2020\/04\/IMG_E1967-1536x865.jpg 1536w, https:\/\/www.neuperlach.org\/blog\/wp-content\/uploads\/2020\/04\/IMG_E1967-2048x1153.jpg 2048w, https:\/\/www.neuperlach.org\/blog\/wp-content\/uploads\/2020\/04\/IMG_E1967-1200x675.jpg 1200w, https:\/\/www.neuperlach.org\/blog\/wp-content\/uploads\/2020\/04\/IMG_E1967-1980x1115.jpg 1980w\" sizes=\"auto, (max-width: 580px) 100vw, 580px\" \/><\/a><figcaption id=\"caption-attachment-18865\" class=\"wp-caption-text\">Beton, darauf die D\u00e4mmplatten (violett) und dann als Abschluss die Klinkerziegel (25.02.2022). Foto: Georg und Marcus Pantel<\/figcaption><\/figure>\n<figure id=\"attachment_18870\" aria-describedby=\"caption-attachment-18870\" style=\"width: 580px\" class=\"wp-caption alignnone\"><a href=\"https:\/\/www.neuperlach.org\/blog\/wp-content\/uploads\/2020\/04\/IMG_E1972.jpg\"><img loading=\"lazy\" decoding=\"async\" class=\"size-large wp-image-18870\" src=\"https:\/\/www.neuperlach.org\/blog\/wp-content\/uploads\/2020\/04\/IMG_E1972-1024x576.jpg\" alt=\"Grundschule am Strehleranger\" width=\"580\" height=\"326\" srcset=\"https:\/\/www.neuperlach.org\/blog\/wp-content\/uploads\/2020\/04\/IMG_E1972-1024x576.jpg 1024w, https:\/\/www.neuperlach.org\/blog\/wp-content\/uploads\/2020\/04\/IMG_E1972-300x169.jpg 300w, https:\/\/www.neuperlach.org\/blog\/wp-content\/uploads\/2020\/04\/IMG_E1972-768x432.jpg 768w, https:\/\/www.neuperlach.org\/blog\/wp-content\/uploads\/2020\/04\/IMG_E1972-1536x864.jpg 1536w, https:\/\/www.neuperlach.org\/blog\/wp-content\/uploads\/2020\/04\/IMG_E1972-2048x1152.jpg 2048w, https:\/\/www.neuperlach.org\/blog\/wp-content\/uploads\/2020\/04\/IMG_E1972-1200x675.jpg 1200w, https:\/\/www.neuperlach.org\/blog\/wp-content\/uploads\/2020\/04\/IMG_E1972-1980x1114.jpg 1980w\" sizes=\"auto, (max-width: 580px) 100vw, 580px\" \/><\/a><figcaption id=\"caption-attachment-18870\" class=\"wp-caption-text\">Errichtung der Klinkerfassade (28.02.2022). Foto: Georg und Marcus Pantel<\/figcaption><\/figure>\n<figure id=\"attachment_18874\" aria-describedby=\"caption-attachment-18874\" style=\"width: 580px\" class=\"wp-caption alignnone\"><a href=\"https:\/\/www.neuperlach.org\/blog\/wp-content\/uploads\/2020\/04\/IMG_E1978.jpg\"><img loading=\"lazy\" decoding=\"async\" class=\"size-large wp-image-18874\" src=\"https:\/\/www.neuperlach.org\/blog\/wp-content\/uploads\/2020\/04\/IMG_E1978-1024x576.jpg\" alt=\"Grundschule am Strehleranger\" width=\"580\" height=\"326\" srcset=\"https:\/\/www.neuperlach.org\/blog\/wp-content\/uploads\/2020\/04\/IMG_E1978-1024x576.jpg 1024w, https:\/\/www.neuperlach.org\/blog\/wp-content\/uploads\/2020\/04\/IMG_E1978-300x169.jpg 300w, https:\/\/www.neuperlach.org\/blog\/wp-content\/uploads\/2020\/04\/IMG_E1978-768x432.jpg 768w, https:\/\/www.neuperlach.org\/blog\/wp-content\/uploads\/2020\/04\/IMG_E1978-1536x864.jpg 1536w, https:\/\/www.neuperlach.org\/blog\/wp-content\/uploads\/2020\/04\/IMG_E1978-2048x1152.jpg 2048w, https:\/\/www.neuperlach.org\/blog\/wp-content\/uploads\/2020\/04\/IMG_E1978-1200x675.jpg 1200w, https:\/\/www.neuperlach.org\/blog\/wp-content\/uploads\/2020\/04\/IMG_E1978-1980x1114.jpg 1980w\" sizes=\"auto, (max-width: 580px) 100vw, 580px\" \/><\/a><figcaption id=\"caption-attachment-18874\" class=\"wp-caption-text\">Errichtung der Klinkerfassade (28.02.2022). Foto: Georg und Marcus Pantel<\/figcaption><\/figure>\n<figure id=\"attachment_18875\" aria-describedby=\"caption-attachment-18875\" style=\"width: 580px\" class=\"wp-caption alignnone\"><a href=\"https:\/\/www.neuperlach.org\/blog\/wp-content\/uploads\/2020\/04\/IMG_E1980.jpg\"><img loading=\"lazy\" decoding=\"async\" class=\"size-large wp-image-18875\" src=\"https:\/\/www.neuperlach.org\/blog\/wp-content\/uploads\/2020\/04\/IMG_E1980-1024x576.jpg\" alt=\"Grundschule am Strehleranger\" width=\"580\" height=\"326\" srcset=\"https:\/\/www.neuperlach.org\/blog\/wp-content\/uploads\/2020\/04\/IMG_E1980-1024x576.jpg 1024w, https:\/\/www.neuperlach.org\/blog\/wp-content\/uploads\/2020\/04\/IMG_E1980-300x169.jpg 300w, https:\/\/www.neuperlach.org\/blog\/wp-content\/uploads\/2020\/04\/IMG_E1980-768x432.jpg 768w, https:\/\/www.neuperlach.org\/blog\/wp-content\/uploads\/2020\/04\/IMG_E1980-1536x864.jpg 1536w, https:\/\/www.neuperlach.org\/blog\/wp-content\/uploads\/2020\/04\/IMG_E1980-2048x1152.jpg 2048w, https:\/\/www.neuperlach.org\/blog\/wp-content\/uploads\/2020\/04\/IMG_E1980-1200x675.jpg 1200w, https:\/\/www.neuperlach.org\/blog\/wp-content\/uploads\/2020\/04\/IMG_E1980-1980x1114.jpg 1980w\" sizes=\"auto, (max-width: 580px) 100vw, 580px\" \/><\/a><figcaption id=\"caption-attachment-18875\" class=\"wp-caption-text\">Errichtung der Klinkerfassade (28.02.2022). Foto: Georg und Marcus Pantel<\/figcaption><\/figure>\n<figure id=\"attachment_18873\" aria-describedby=\"caption-attachment-18873\" style=\"width: 580px\" class=\"wp-caption alignnone\"><a href=\"https:\/\/www.neuperlach.org\/blog\/wp-content\/uploads\/2020\/04\/IMG_E1981.jpg\"><img loading=\"lazy\" decoding=\"async\" class=\"size-large wp-image-18873\" src=\"https:\/\/www.neuperlach.org\/blog\/wp-content\/uploads\/2020\/04\/IMG_E1981-1024x576.jpg\" alt=\"Grundschule am Strehleranger\" width=\"580\" height=\"326\" srcset=\"https:\/\/www.neuperlach.org\/blog\/wp-content\/uploads\/2020\/04\/IMG_E1981-1024x576.jpg 1024w, https:\/\/www.neuperlach.org\/blog\/wp-content\/uploads\/2020\/04\/IMG_E1981-300x169.jpg 300w, https:\/\/www.neuperlach.org\/blog\/wp-content\/uploads\/2020\/04\/IMG_E1981-768x432.jpg 768w, https:\/\/www.neuperlach.org\/blog\/wp-content\/uploads\/2020\/04\/IMG_E1981-1536x864.jpg 1536w, https:\/\/www.neuperlach.org\/blog\/wp-content\/uploads\/2020\/04\/IMG_E1981-2048x1152.jpg 2048w, https:\/\/www.neuperlach.org\/blog\/wp-content\/uploads\/2020\/04\/IMG_E1981-1200x675.jpg 1200w, https:\/\/www.neuperlach.org\/blog\/wp-content\/uploads\/2020\/04\/IMG_E1981-1980x1114.jpg 1980w\" sizes=\"auto, (max-width: 580px) 100vw, 580px\" \/><\/a><figcaption id=\"caption-attachment-18873\" class=\"wp-caption-text\">Errichtung der Klinkerfassade (28.02.2022). Foto: Georg und Marcus Pantel<\/figcaption><\/figure>\n<h3>M\u00e4rz 2022<\/h3>\n<figure id=\"attachment_18866\" aria-describedby=\"caption-attachment-18866\" style=\"width: 580px\" class=\"wp-caption alignnone\"><a href=\"https:\/\/www.neuperlach.org\/blog\/wp-content\/uploads\/2020\/04\/IMG_E1988.jpg\"><img loading=\"lazy\" decoding=\"async\" class=\"size-large wp-image-18866\" src=\"https:\/\/www.neuperlach.org\/blog\/wp-content\/uploads\/2020\/04\/IMG_E1988-1024x576.jpg\" alt=\"Grundschule am Strehleranger\" width=\"580\" height=\"326\" \/><\/a><figcaption id=\"caption-attachment-18866\" class=\"wp-caption-text\">Errichtung der Klinkerfassade (01.03.2022). Foto: Georg und Marcus Pantel<\/figcaption><\/figure>\n<figure id=\"attachment_19061\" aria-describedby=\"caption-attachment-19061\" style=\"width: 580px\" class=\"wp-caption alignnone\"><a href=\"https:\/\/www.neuperlach.org\/blog\/wp-content\/uploads\/2020\/04\/IMG_E2024.jpg\"><img loading=\"lazy\" decoding=\"async\" class=\"size-large wp-image-19061\" src=\"https:\/\/www.neuperlach.org\/blog\/wp-content\/uploads\/2020\/04\/IMG_E2024-1024x576.jpg\" alt=\"Grundschule am Strehleranger\" width=\"580\" height=\"326\" srcset=\"https:\/\/www.neuperlach.org\/blog\/wp-content\/uploads\/2020\/04\/IMG_E2024-1024x576.jpg 1024w, https:\/\/www.neuperlach.org\/blog\/wp-content\/uploads\/2020\/04\/IMG_E2024-300x169.jpg 300w, https:\/\/www.neuperlach.org\/blog\/wp-content\/uploads\/2020\/04\/IMG_E2024-768x432.jpg 768w, https:\/\/www.neuperlach.org\/blog\/wp-content\/uploads\/2020\/04\/IMG_E2024-1536x864.jpg 1536w, https:\/\/www.neuperlach.org\/blog\/wp-content\/uploads\/2020\/04\/IMG_E2024-2048x1152.jpg 2048w, https:\/\/www.neuperlach.org\/blog\/wp-content\/uploads\/2020\/04\/IMG_E2024-1200x675.jpg 1200w, https:\/\/www.neuperlach.org\/blog\/wp-content\/uploads\/2020\/04\/IMG_E2024-1980x1114.jpg 1980w\" sizes=\"auto, (max-width: 580px) 100vw, 580px\" \/><\/a><figcaption id=\"caption-attachment-19061\" class=\"wp-caption-text\">Errichtung der Klinkerfassade (15.03.2022). Foto: Georg und Marcus Pantel<\/figcaption><\/figure>\n<figure id=\"attachment_19063\" aria-describedby=\"caption-attachment-19063\" style=\"width: 580px\" class=\"wp-caption alignnone\"><a href=\"https:\/\/www.neuperlach.org\/blog\/wp-content\/uploads\/2020\/04\/IMG_E2026.jpg\"><img loading=\"lazy\" decoding=\"async\" class=\"size-large wp-image-19063\" src=\"https:\/\/www.neuperlach.org\/blog\/wp-content\/uploads\/2020\/04\/IMG_E2026-1024x576.jpg\" alt=\"Grundschule am Strehleranger\" width=\"580\" height=\"326\" srcset=\"https:\/\/www.neuperlach.org\/blog\/wp-content\/uploads\/2020\/04\/IMG_E2026-1024x576.jpg 1024w, https:\/\/www.neuperlach.org\/blog\/wp-content\/uploads\/2020\/04\/IMG_E2026-300x169.jpg 300w, https:\/\/www.neuperlach.org\/blog\/wp-content\/uploads\/2020\/04\/IMG_E2026-768x432.jpg 768w, https:\/\/www.neuperlach.org\/blog\/wp-content\/uploads\/2020\/04\/IMG_E2026-1536x864.jpg 1536w, https:\/\/www.neuperlach.org\/blog\/wp-content\/uploads\/2020\/04\/IMG_E2026-2048x1152.jpg 2048w, https:\/\/www.neuperlach.org\/blog\/wp-content\/uploads\/2020\/04\/IMG_E2026-1200x675.jpg 1200w, https:\/\/www.neuperlach.org\/blog\/wp-content\/uploads\/2020\/04\/IMG_E2026-1980x1114.jpg 1980w\" sizes=\"auto, (max-width: 580px) 100vw, 580px\" \/><\/a><figcaption id=\"caption-attachment-19063\" class=\"wp-caption-text\">Grundschule am Strehleranger (15.03.2022). Foto: Georg und Marcus Pantel<\/figcaption><\/figure>\n<figure id=\"attachment_19062\" aria-describedby=\"caption-attachment-19062\" style=\"width: 580px\" class=\"wp-caption alignnone\"><a href=\"https:\/\/www.neuperlach.org\/blog\/wp-content\/uploads\/2020\/04\/IMG_E2025.jpg\"><img loading=\"lazy\" decoding=\"async\" class=\"size-large wp-image-19062\" src=\"https:\/\/www.neuperlach.org\/blog\/wp-content\/uploads\/2020\/04\/IMG_E2025-1024x576.jpg\" alt=\"Grundschule am Strehleranger\" width=\"580\" height=\"326\" srcset=\"https:\/\/www.neuperlach.org\/blog\/wp-content\/uploads\/2020\/04\/IMG_E2025-1024x576.jpg 1024w, https:\/\/www.neuperlach.org\/blog\/wp-content\/uploads\/2020\/04\/IMG_E2025-300x169.jpg 300w, https:\/\/www.neuperlach.org\/blog\/wp-content\/uploads\/2020\/04\/IMG_E2025-768x432.jpg 768w, https:\/\/www.neuperlach.org\/blog\/wp-content\/uploads\/2020\/04\/IMG_E2025-1536x864.jpg 1536w, https:\/\/www.neuperlach.org\/blog\/wp-content\/uploads\/2020\/04\/IMG_E2025-2048x1152.jpg 2048w, https:\/\/www.neuperlach.org\/blog\/wp-content\/uploads\/2020\/04\/IMG_E2025-1200x675.jpg 1200w, https:\/\/www.neuperlach.org\/blog\/wp-content\/uploads\/2020\/04\/IMG_E2025-1980x1114.jpg 1980w\" sizes=\"auto, (max-width: 580px) 100vw, 580px\" \/><\/a><figcaption id=\"caption-attachment-19062\" class=\"wp-caption-text\">Grundschule am Strehleranger (15.03.2022). Foto: Georg und Marcus Pantel<\/figcaption><\/figure>\n<figure id=\"attachment_19066\" aria-describedby=\"caption-attachment-19066\" style=\"width: 580px\" class=\"wp-caption alignnone\"><a href=\"https:\/\/www.neuperlach.org\/blog\/wp-content\/uploads\/2020\/04\/IMG_E2070.jpg\"><img loading=\"lazy\" decoding=\"async\" class=\"size-large wp-image-19066\" src=\"https:\/\/www.neuperlach.org\/blog\/wp-content\/uploads\/2020\/04\/IMG_E2070-1024x576.jpg\" alt=\"Grundschule am Strehleranger\" width=\"580\" height=\"326\" srcset=\"https:\/\/www.neuperlach.org\/blog\/wp-content\/uploads\/2020\/04\/IMG_E2070-1024x576.jpg 1024w, https:\/\/www.neuperlach.org\/blog\/wp-content\/uploads\/2020\/04\/IMG_E2070-300x169.jpg 300w, https:\/\/www.neuperlach.org\/blog\/wp-content\/uploads\/2020\/04\/IMG_E2070-768x432.jpg 768w, https:\/\/www.neuperlach.org\/blog\/wp-content\/uploads\/2020\/04\/IMG_E2070-1536x864.jpg 1536w, https:\/\/www.neuperlach.org\/blog\/wp-content\/uploads\/2020\/04\/IMG_E2070-2048x1152.jpg 2048w, https:\/\/www.neuperlach.org\/blog\/wp-content\/uploads\/2020\/04\/IMG_E2070-1200x675.jpg 1200w, https:\/\/www.neuperlach.org\/blog\/wp-content\/uploads\/2020\/04\/IMG_E2070-1980x1114.jpg 1980w\" sizes=\"auto, (max-width: 580px) 100vw, 580px\" \/><\/a><figcaption id=\"caption-attachment-19066\" class=\"wp-caption-text\">Grundschule am Strehleranger (24.03.2022). Foto: Georg und Marcus Pantel<\/figcaption><\/figure>\n<figure id=\"attachment_19067\" aria-describedby=\"caption-attachment-19067\" style=\"width: 580px\" class=\"wp-caption alignnone\"><a href=\"https:\/\/www.neuperlach.org\/blog\/wp-content\/uploads\/2020\/04\/IMG_E2071.jpg\"><img loading=\"lazy\" decoding=\"async\" class=\"size-large wp-image-19067\" src=\"https:\/\/www.neuperlach.org\/blog\/wp-content\/uploads\/2020\/04\/IMG_E2071-1024x576.jpg\" alt=\"Grundschule am Strehleranger\" width=\"580\" height=\"326\" srcset=\"https:\/\/www.neuperlach.org\/blog\/wp-content\/uploads\/2020\/04\/IMG_E2071-1024x576.jpg 1024w, https:\/\/www.neuperlach.org\/blog\/wp-content\/uploads\/2020\/04\/IMG_E2071-300x169.jpg 300w, https:\/\/www.neuperlach.org\/blog\/wp-content\/uploads\/2020\/04\/IMG_E2071-768x432.jpg 768w, https:\/\/www.neuperlach.org\/blog\/wp-content\/uploads\/2020\/04\/IMG_E2071-1536x864.jpg 1536w, https:\/\/www.neuperlach.org\/blog\/wp-content\/uploads\/2020\/04\/IMG_E2071-2048x1152.jpg 2048w, https:\/\/www.neuperlach.org\/blog\/wp-content\/uploads\/2020\/04\/IMG_E2071-1200x675.jpg 1200w, https:\/\/www.neuperlach.org\/blog\/wp-content\/uploads\/2020\/04\/IMG_E2071-1980x1114.jpg 1980w\" sizes=\"auto, (max-width: 580px) 100vw, 580px\" \/><\/a><figcaption id=\"caption-attachment-19067\" class=\"wp-caption-text\">Grundschule am Strehleranger (24.03.2022). Foto: Georg und Marcus Pantel<\/figcaption><\/figure>\n<h3>April 2022<\/h3>\n<figure id=\"attachment_19068\" aria-describedby=\"caption-attachment-19068\" style=\"width: 580px\" class=\"wp-caption alignnone\"><a href=\"https:\/\/www.neuperlach.org\/blog\/wp-content\/uploads\/2020\/04\/IMG_E2119.jpg\"><img loading=\"lazy\" decoding=\"async\" class=\"size-large wp-image-19068\" src=\"https:\/\/www.neuperlach.org\/blog\/wp-content\/uploads\/2020\/04\/IMG_E2119-1024x576.jpg\" alt=\"Grundschule am Strehleranger\" width=\"580\" height=\"326\" srcset=\"https:\/\/www.neuperlach.org\/blog\/wp-content\/uploads\/2020\/04\/IMG_E2119-1024x576.jpg 1024w, https:\/\/www.neuperlach.org\/blog\/wp-content\/uploads\/2020\/04\/IMG_E2119-300x169.jpg 300w, https:\/\/www.neuperlach.org\/blog\/wp-content\/uploads\/2020\/04\/IMG_E2119-768x432.jpg 768w, https:\/\/www.neuperlach.org\/blog\/wp-content\/uploads\/2020\/04\/IMG_E2119-1536x864.jpg 1536w, https:\/\/www.neuperlach.org\/blog\/wp-content\/uploads\/2020\/04\/IMG_E2119-2048x1152.jpg 2048w, https:\/\/www.neuperlach.org\/blog\/wp-content\/uploads\/2020\/04\/IMG_E2119-1200x675.jpg 1200w, https:\/\/www.neuperlach.org\/blog\/wp-content\/uploads\/2020\/04\/IMG_E2119-1980x1114.jpg 1980w\" sizes=\"auto, (max-width: 580px) 100vw, 580px\" \/><\/a><figcaption id=\"caption-attachment-19068\" class=\"wp-caption-text\">Grundschule am Strehleranger (05.04.2022). Foto: Georg und Marcus Pantel<\/figcaption><\/figure>\n<figure id=\"attachment_19084\" aria-describedby=\"caption-attachment-19084\" style=\"width: 580px\" class=\"wp-caption alignnone\"><a href=\"https:\/\/www.neuperlach.org\/blog\/wp-content\/uploads\/2020\/04\/IMG_E2121.jpg\"><img loading=\"lazy\" decoding=\"async\" class=\"size-large wp-image-19084\" src=\"https:\/\/www.neuperlach.org\/blog\/wp-content\/uploads\/2020\/04\/IMG_E2121-1024x576.jpg\" alt=\"Grundschule am Strehleranger\" width=\"580\" height=\"326\" srcset=\"https:\/\/www.neuperlach.org\/blog\/wp-content\/uploads\/2020\/04\/IMG_E2121-1024x576.jpg 1024w, https:\/\/www.neuperlach.org\/blog\/wp-content\/uploads\/2020\/04\/IMG_E2121-300x169.jpg 300w, https:\/\/www.neuperlach.org\/blog\/wp-content\/uploads\/2020\/04\/IMG_E2121-768x432.jpg 768w, https:\/\/www.neuperlach.org\/blog\/wp-content\/uploads\/2020\/04\/IMG_E2121-1536x864.jpg 1536w, https:\/\/www.neuperlach.org\/blog\/wp-content\/uploads\/2020\/04\/IMG_E2121-2048x1152.jpg 2048w, https:\/\/www.neuperlach.org\/blog\/wp-content\/uploads\/2020\/04\/IMG_E2121-1200x675.jpg 1200w, https:\/\/www.neuperlach.org\/blog\/wp-content\/uploads\/2020\/04\/IMG_E2121-1980x1114.jpg 1980w\" sizes=\"auto, (max-width: 580px) 100vw, 580px\" \/><\/a><figcaption id=\"caption-attachment-19084\" class=\"wp-caption-text\">Grundschule am Strehleranger (05.04.2022). Foto: Georg und Marcus Pantel<\/figcaption><\/figure>\n<figure id=\"attachment_19069\" aria-describedby=\"caption-attachment-19069\" style=\"width: 580px\" class=\"wp-caption alignnone\"><a href=\"https:\/\/www.neuperlach.org\/blog\/wp-content\/uploads\/2020\/04\/IMG_E2125.jpg\"><img loading=\"lazy\" decoding=\"async\" class=\"size-large wp-image-19069\" src=\"https:\/\/www.neuperlach.org\/blog\/wp-content\/uploads\/2020\/04\/IMG_E2125-1024x576.jpg\" alt=\"Grundschule am Strehleranger\" width=\"580\" height=\"326\" srcset=\"https:\/\/www.neuperlach.org\/blog\/wp-content\/uploads\/2020\/04\/IMG_E2125-1024x576.jpg 1024w, https:\/\/www.neuperlach.org\/blog\/wp-content\/uploads\/2020\/04\/IMG_E2125-300x169.jpg 300w, https:\/\/www.neuperlach.org\/blog\/wp-content\/uploads\/2020\/04\/IMG_E2125-768x432.jpg 768w, https:\/\/www.neuperlach.org\/blog\/wp-content\/uploads\/2020\/04\/IMG_E2125-1536x864.jpg 1536w, https:\/\/www.neuperlach.org\/blog\/wp-content\/uploads\/2020\/04\/IMG_E2125-2048x1152.jpg 2048w, https:\/\/www.neuperlach.org\/blog\/wp-content\/uploads\/2020\/04\/IMG_E2125-1200x675.jpg 1200w, https:\/\/www.neuperlach.org\/blog\/wp-content\/uploads\/2020\/04\/IMG_E2125-1980x1114.jpg 1980w\" sizes=\"auto, (max-width: 580px) 100vw, 580px\" \/><\/a><figcaption id=\"caption-attachment-19069\" class=\"wp-caption-text\">Grundschule am Strehleranger (05.04.2022). Foto: Georg und Marcus Pantel<\/figcaption><\/figure>\n<figure id=\"attachment_19070\" aria-describedby=\"caption-attachment-19070\" style=\"width: 580px\" class=\"wp-caption alignnone\"><a href=\"https:\/\/www.neuperlach.org\/blog\/wp-content\/uploads\/2020\/04\/IMG_E2129.jpg\"><img loading=\"lazy\" decoding=\"async\" class=\"size-large wp-image-19070\" src=\"https:\/\/www.neuperlach.org\/blog\/wp-content\/uploads\/2020\/04\/IMG_E2129-1024x576.jpg\" alt=\"Grundschule am Strehleranger\" width=\"580\" height=\"326\" srcset=\"https:\/\/www.neuperlach.org\/blog\/wp-content\/uploads\/2020\/04\/IMG_E2129-1024x576.jpg 1024w, https:\/\/www.neuperlach.org\/blog\/wp-content\/uploads\/2020\/04\/IMG_E2129-300x169.jpg 300w, https:\/\/www.neuperlach.org\/blog\/wp-content\/uploads\/2020\/04\/IMG_E2129-768x432.jpg 768w, https:\/\/www.neuperlach.org\/blog\/wp-content\/uploads\/2020\/04\/IMG_E2129-1536x864.jpg 1536w, https:\/\/www.neuperlach.org\/blog\/wp-content\/uploads\/2020\/04\/IMG_E2129-2048x1152.jpg 2048w, https:\/\/www.neuperlach.org\/blog\/wp-content\/uploads\/2020\/04\/IMG_E2129-1200x675.jpg 1200w, https:\/\/www.neuperlach.org\/blog\/wp-content\/uploads\/2020\/04\/IMG_E2129-1980x1114.jpg 1980w\" sizes=\"auto, (max-width: 580px) 100vw, 580px\" \/><\/a><figcaption id=\"caption-attachment-19070\" class=\"wp-caption-text\">Grundschule am Strehleranger (06.04.2022). Foto: Georg und Marcus Pantel<\/figcaption><\/figure>\n<h3>Mai 2022<\/h3>\n<figure id=\"attachment_19085\" aria-describedby=\"caption-attachment-19085\" style=\"width: 580px\" class=\"wp-caption alignnone\"><a href=\"https:\/\/www.neuperlach.org\/blog\/wp-content\/uploads\/2020\/04\/IMG_2233.jpg\"><img loading=\"lazy\" decoding=\"async\" class=\"size-large wp-image-19085\" src=\"https:\/\/www.neuperlach.org\/blog\/wp-content\/uploads\/2020\/04\/IMG_2233-1024x768.jpg\" alt=\"Grundschule am Strehleranger\" width=\"580\" height=\"435\" srcset=\"https:\/\/www.neuperlach.org\/blog\/wp-content\/uploads\/2020\/04\/IMG_2233-1024x768.jpg 1024w, https:\/\/www.neuperlach.org\/blog\/wp-content\/uploads\/2020\/04\/IMG_2233-300x225.jpg 300w, https:\/\/www.neuperlach.org\/blog\/wp-content\/uploads\/2020\/04\/IMG_2233-768x576.jpg 768w, https:\/\/www.neuperlach.org\/blog\/wp-content\/uploads\/2020\/04\/IMG_2233-1536x1152.jpg 1536w, https:\/\/www.neuperlach.org\/blog\/wp-content\/uploads\/2020\/04\/IMG_2233-2048x1536.jpg 2048w, https:\/\/www.neuperlach.org\/blog\/wp-content\/uploads\/2020\/04\/IMG_2233-1200x900.jpg 1200w, https:\/\/www.neuperlach.org\/blog\/wp-content\/uploads\/2020\/04\/IMG_2233-1980x1485.jpg 1980w\" sizes=\"auto, (max-width: 580px) 100vw, 580px\" \/><\/a><figcaption id=\"caption-attachment-19085\" class=\"wp-caption-text\">Grundschule am Strehleranger (05.05.2022). Foto: Georg und Marcus Pantel<\/figcaption><\/figure>\n<figure id=\"attachment_19087\" aria-describedby=\"caption-attachment-19087\" style=\"width: 580px\" class=\"wp-caption alignnone\"><a href=\"https:\/\/www.neuperlach.org\/blog\/wp-content\/uploads\/2020\/04\/IMG_2237.jpg\"><img loading=\"lazy\" decoding=\"async\" class=\"size-large wp-image-19087\" src=\"https:\/\/www.neuperlach.org\/blog\/wp-content\/uploads\/2020\/04\/IMG_2237-1024x768.jpg\" alt=\"Grundschule am Strehleranger\" width=\"580\" height=\"435\" srcset=\"https:\/\/www.neuperlach.org\/blog\/wp-content\/uploads\/2020\/04\/IMG_2237-1024x768.jpg 1024w, https:\/\/www.neuperlach.org\/blog\/wp-content\/uploads\/2020\/04\/IMG_2237-300x225.jpg 300w, https:\/\/www.neuperlach.org\/blog\/wp-content\/uploads\/2020\/04\/IMG_2237-768x576.jpg 768w, https:\/\/www.neuperlach.org\/blog\/wp-content\/uploads\/2020\/04\/IMG_2237-1536x1152.jpg 1536w, https:\/\/www.neuperlach.org\/blog\/wp-content\/uploads\/2020\/04\/IMG_2237-2048x1536.jpg 2048w, https:\/\/www.neuperlach.org\/blog\/wp-content\/uploads\/2020\/04\/IMG_2237-1200x900.jpg 1200w, https:\/\/www.neuperlach.org\/blog\/wp-content\/uploads\/2020\/04\/IMG_2237-1980x1485.jpg 1980w\" sizes=\"auto, (max-width: 580px) 100vw, 580px\" \/><\/a><figcaption id=\"caption-attachment-19087\" class=\"wp-caption-text\">Grundschule am Strehleranger (05.05.2022). Foto: Georg und Marcus Pantel<\/figcaption><\/figure>\n<figure id=\"attachment_19079\" aria-describedby=\"caption-attachment-19079\" style=\"width: 580px\" class=\"wp-caption alignnone\"><a href=\"https:\/\/www.neuperlach.org\/blog\/wp-content\/uploads\/2020\/04\/IMG_2246.jpg\"><img loading=\"lazy\" decoding=\"async\" class=\"size-large wp-image-19079\" src=\"https:\/\/www.neuperlach.org\/blog\/wp-content\/uploads\/2020\/04\/IMG_2246-1024x768.jpg\" alt=\"Grundschule am Strehleranger\" width=\"580\" height=\"435\" srcset=\"https:\/\/www.neuperlach.org\/blog\/wp-content\/uploads\/2020\/04\/IMG_2246-1024x768.jpg 1024w, https:\/\/www.neuperlach.org\/blog\/wp-content\/uploads\/2020\/04\/IMG_2246-300x225.jpg 300w, https:\/\/www.neuperlach.org\/blog\/wp-content\/uploads\/2020\/04\/IMG_2246-768x576.jpg 768w, https:\/\/www.neuperlach.org\/blog\/wp-content\/uploads\/2020\/04\/IMG_2246-1536x1152.jpg 1536w, https:\/\/www.neuperlach.org\/blog\/wp-content\/uploads\/2020\/04\/IMG_2246-2048x1536.jpg 2048w, https:\/\/www.neuperlach.org\/blog\/wp-content\/uploads\/2020\/04\/IMG_2246-1200x900.jpg 1200w, https:\/\/www.neuperlach.org\/blog\/wp-content\/uploads\/2020\/04\/IMG_2246-1980x1485.jpg 1980w\" sizes=\"auto, (max-width: 580px) 100vw, 580px\" \/><\/a><figcaption id=\"caption-attachment-19079\" class=\"wp-caption-text\">Grundschule am Strehleranger (09.05.2022). Foto: Georg und Marcus Pantel<\/figcaption><\/figure>\n<figure id=\"attachment_19089\" aria-describedby=\"caption-attachment-19089\" style=\"width: 580px\" class=\"wp-caption alignnone\"><a href=\"https:\/\/www.neuperlach.org\/blog\/wp-content\/uploads\/2020\/04\/IMG_2247.jpg\"><img loading=\"lazy\" decoding=\"async\" class=\"size-large wp-image-19089\" src=\"https:\/\/www.neuperlach.org\/blog\/wp-content\/uploads\/2020\/04\/IMG_2247-768x1024.jpg\" alt=\"Grundschule am Strehleranger\" width=\"580\" height=\"773\" srcset=\"https:\/\/www.neuperlach.org\/blog\/wp-content\/uploads\/2020\/04\/IMG_2247-768x1024.jpg 768w, https:\/\/www.neuperlach.org\/blog\/wp-content\/uploads\/2020\/04\/IMG_2247-225x300.jpg 225w, https:\/\/www.neuperlach.org\/blog\/wp-content\/uploads\/2020\/04\/IMG_2247-1152x1536.jpg 1152w, https:\/\/www.neuperlach.org\/blog\/wp-content\/uploads\/2020\/04\/IMG_2247-1536x2048.jpg 1536w, https:\/\/www.neuperlach.org\/blog\/wp-content\/uploads\/2020\/04\/IMG_2247-1200x1600.jpg 1200w, https:\/\/www.neuperlach.org\/blog\/wp-content\/uploads\/2020\/04\/IMG_2247.jpg 1920w\" sizes=\"auto, (max-width: 580px) 100vw, 580px\" \/><\/a><figcaption id=\"caption-attachment-19089\" class=\"wp-caption-text\">Grundschule am Strehleranger (09.05.2022). Foto: Georg und Marcus Pantel<\/figcaption><\/figure>\n<figure id=\"attachment_19083\" aria-describedby=\"caption-attachment-19083\" style=\"width: 580px\" class=\"wp-caption alignnone\"><a href=\"https:\/\/www.neuperlach.org\/blog\/wp-content\/uploads\/2020\/04\/IMG_2248.jpg\"><img loading=\"lazy\" decoding=\"async\" class=\"size-large wp-image-19083\" src=\"https:\/\/www.neuperlach.org\/blog\/wp-content\/uploads\/2020\/04\/IMG_2248-768x1024.jpg\" alt=\"Grundschule am Strehleranger\" width=\"580\" height=\"773\" srcset=\"https:\/\/www.neuperlach.org\/blog\/wp-content\/uploads\/2020\/04\/IMG_2248-768x1024.jpg 768w, https:\/\/www.neuperlach.org\/blog\/wp-content\/uploads\/2020\/04\/IMG_2248-225x300.jpg 225w, https:\/\/www.neuperlach.org\/blog\/wp-content\/uploads\/2020\/04\/IMG_2248-1152x1536.jpg 1152w, https:\/\/www.neuperlach.org\/blog\/wp-content\/uploads\/2020\/04\/IMG_2248-1536x2048.jpg 1536w, https:\/\/www.neuperlach.org\/blog\/wp-content\/uploads\/2020\/04\/IMG_2248-1200x1600.jpg 1200w, https:\/\/www.neuperlach.org\/blog\/wp-content\/uploads\/2020\/04\/IMG_2248.jpg 1920w\" sizes=\"auto, (max-width: 580px) 100vw, 580px\" \/><\/a><figcaption id=\"caption-attachment-19083\" class=\"wp-caption-text\">Grundschule am Strehleranger (09.05.2022). Foto: Georg und Marcus Pantel<\/figcaption><\/figure>\n<figure id=\"attachment_19080\" aria-describedby=\"caption-attachment-19080\" style=\"width: 580px\" class=\"wp-caption alignnone\"><a href=\"https:\/\/www.neuperlach.org\/blog\/wp-content\/uploads\/2020\/04\/IMG_2249.jpg\"><img loading=\"lazy\" decoding=\"async\" class=\"size-large wp-image-19080\" src=\"https:\/\/www.neuperlach.org\/blog\/wp-content\/uploads\/2020\/04\/IMG_2249-1024x768.jpg\" alt=\"Grundschule am Strehleranger\" width=\"580\" height=\"435\" srcset=\"https:\/\/www.neuperlach.org\/blog\/wp-content\/uploads\/2020\/04\/IMG_2249-1024x768.jpg 1024w, https:\/\/www.neuperlach.org\/blog\/wp-content\/uploads\/2020\/04\/IMG_2249-300x225.jpg 300w, https:\/\/www.neuperlach.org\/blog\/wp-content\/uploads\/2020\/04\/IMG_2249-768x576.jpg 768w, https:\/\/www.neuperlach.org\/blog\/wp-content\/uploads\/2020\/04\/IMG_2249-1536x1152.jpg 1536w, https:\/\/www.neuperlach.org\/blog\/wp-content\/uploads\/2020\/04\/IMG_2249-2048x1536.jpg 2048w, https:\/\/www.neuperlach.org\/blog\/wp-content\/uploads\/2020\/04\/IMG_2249-1200x900.jpg 1200w, https:\/\/www.neuperlach.org\/blog\/wp-content\/uploads\/2020\/04\/IMG_2249-1980x1485.jpg 1980w\" sizes=\"auto, (max-width: 580px) 100vw, 580px\" \/><\/a><figcaption id=\"caption-attachment-19080\" class=\"wp-caption-text\">Grundschule am Strehleranger (09.05.2022). Foto: Georg und Marcus Pantel<\/figcaption><\/figure>\n<figure id=\"attachment_19081\" aria-describedby=\"caption-attachment-19081\" style=\"width: 580px\" class=\"wp-caption alignnone\"><a href=\"https:\/\/www.neuperlach.org\/blog\/wp-content\/uploads\/2020\/04\/IMG_E2252.jpg\"><img loading=\"lazy\" decoding=\"async\" class=\"size-large wp-image-19081\" src=\"https:\/\/www.neuperlach.org\/blog\/wp-content\/uploads\/2020\/04\/IMG_E2252-1024x576.jpg\" alt=\"Grundschule am Strehleranger\" width=\"580\" height=\"326\" srcset=\"https:\/\/www.neuperlach.org\/blog\/wp-content\/uploads\/2020\/04\/IMG_E2252-1024x576.jpg 1024w, https:\/\/www.neuperlach.org\/blog\/wp-content\/uploads\/2020\/04\/IMG_E2252-300x169.jpg 300w, https:\/\/www.neuperlach.org\/blog\/wp-content\/uploads\/2020\/04\/IMG_E2252-768x432.jpg 768w, https:\/\/www.neuperlach.org\/blog\/wp-content\/uploads\/2020\/04\/IMG_E2252-1536x864.jpg 1536w, https:\/\/www.neuperlach.org\/blog\/wp-content\/uploads\/2020\/04\/IMG_E2252-2048x1152.jpg 2048w, https:\/\/www.neuperlach.org\/blog\/wp-content\/uploads\/2020\/04\/IMG_E2252-1200x675.jpg 1200w, https:\/\/www.neuperlach.org\/blog\/wp-content\/uploads\/2020\/04\/IMG_E2252-1980x1114.jpg 1980w\" sizes=\"auto, (max-width: 580px) 100vw, 580px\" \/><\/a><figcaption id=\"caption-attachment-19081\" class=\"wp-caption-text\">Grundschule am Strehleranger (11.05.2022). Foto: Georg und Marcus Pantel<\/figcaption><\/figure>\n<figure id=\"attachment_19082\" aria-describedby=\"caption-attachment-19082\" style=\"width: 580px\" class=\"wp-caption alignnone\"><a href=\"https:\/\/www.neuperlach.org\/blog\/wp-content\/uploads\/2020\/04\/IMG_E2253.jpg\"><img loading=\"lazy\" decoding=\"async\" class=\"size-large wp-image-19082\" src=\"https:\/\/www.neuperlach.org\/blog\/wp-content\/uploads\/2020\/04\/IMG_E2253-1024x576.jpg\" alt=\"Grundschule am Strehleranger\" width=\"580\" height=\"326\" srcset=\"https:\/\/www.neuperlach.org\/blog\/wp-content\/uploads\/2020\/04\/IMG_E2253-1024x576.jpg 1024w, https:\/\/www.neuperlach.org\/blog\/wp-content\/uploads\/2020\/04\/IMG_E2253-300x169.jpg 300w, https:\/\/www.neuperlach.org\/blog\/wp-content\/uploads\/2020\/04\/IMG_E2253-768x432.jpg 768w, https:\/\/www.neuperlach.org\/blog\/wp-content\/uploads\/2020\/04\/IMG_E2253-1536x864.jpg 1536w, https:\/\/www.neuperlach.org\/blog\/wp-content\/uploads\/2020\/04\/IMG_E2253-2048x1152.jpg 2048w, https:\/\/www.neuperlach.org\/blog\/wp-content\/uploads\/2020\/04\/IMG_E2253-1200x675.jpg 1200w, https:\/\/www.neuperlach.org\/blog\/wp-content\/uploads\/2020\/04\/IMG_E2253-1980x1114.jpg 1980w\" sizes=\"auto, (max-width: 580px) 100vw, 580px\" \/><\/a><figcaption id=\"caption-attachment-19082\" class=\"wp-caption-text\">Grundschule am Strehleranger (11.05.2022). Foto: Georg und Marcus Pantel<\/figcaption><\/figure>\n<figure id=\"attachment_19088\" aria-describedby=\"caption-attachment-19088\" style=\"width: 576px\" class=\"wp-caption alignnone\"><a href=\"https:\/\/www.neuperlach.org\/blog\/wp-content\/uploads\/2020\/04\/IMG_E2254.jpg\"><img loading=\"lazy\" decoding=\"async\" class=\"size-large wp-image-19088\" src=\"https:\/\/www.neuperlach.org\/blog\/wp-content\/uploads\/2020\/04\/IMG_E2254-576x1024.jpg\" alt=\"Grundschule am Strehleranger\" width=\"576\" height=\"1024\" srcset=\"https:\/\/www.neuperlach.org\/blog\/wp-content\/uploads\/2020\/04\/IMG_E2254-576x1024.jpg 576w, https:\/\/www.neuperlach.org\/blog\/wp-content\/uploads\/2020\/04\/IMG_E2254-169x300.jpg 169w, https:\/\/www.neuperlach.org\/blog\/wp-content\/uploads\/2020\/04\/IMG_E2254-768x1365.jpg 768w, https:\/\/www.neuperlach.org\/blog\/wp-content\/uploads\/2020\/04\/IMG_E2254-864x1536.jpg 864w, https:\/\/www.neuperlach.org\/blog\/wp-content\/uploads\/2020\/04\/IMG_E2254-1152x2048.jpg 1152w, https:\/\/www.neuperlach.org\/blog\/wp-content\/uploads\/2020\/04\/IMG_E2254-1200x2133.jpg 1200w, https:\/\/www.neuperlach.org\/blog\/wp-content\/uploads\/2020\/04\/IMG_E2254.jpg 1440w\" sizes=\"auto, (max-width: 576px) 100vw, 576px\" \/><\/a><figcaption id=\"caption-attachment-19088\" class=\"wp-caption-text\">Grundschule am Strehleranger (11.05.2022). Foto: Georg und Marcus Pantel<\/figcaption><\/figure>\n<h3>Juni 2022<\/h3>\n<figure id=\"attachment_19306\" aria-describedby=\"caption-attachment-19306\" style=\"width: 580px\" class=\"wp-caption alignnone\"><a href=\"https:\/\/www.neuperlach.org\/blog\/wp-content\/uploads\/2020\/04\/IMG_2464.jpg\"><img loading=\"lazy\" decoding=\"async\" class=\"size-large wp-image-19306\" src=\"https:\/\/www.neuperlach.org\/blog\/wp-content\/uploads\/2020\/04\/IMG_2464-1024x576.jpg\" alt=\"Grundschule am Strehleranger\" width=\"580\" height=\"326\" srcset=\"https:\/\/www.neuperlach.org\/blog\/wp-content\/uploads\/2020\/04\/IMG_2464-1024x576.jpg 1024w, https:\/\/www.neuperlach.org\/blog\/wp-content\/uploads\/2020\/04\/IMG_2464-300x169.jpg 300w, https:\/\/www.neuperlach.org\/blog\/wp-content\/uploads\/2020\/04\/IMG_2464-768x432.jpg 768w, https:\/\/www.neuperlach.org\/blog\/wp-content\/uploads\/2020\/04\/IMG_2464-1536x864.jpg 1536w, https:\/\/www.neuperlach.org\/blog\/wp-content\/uploads\/2020\/04\/IMG_2464-2048x1152.jpg 2048w, https:\/\/www.neuperlach.org\/blog\/wp-content\/uploads\/2020\/04\/IMG_2464-1200x675.jpg 1200w, https:\/\/www.neuperlach.org\/blog\/wp-content\/uploads\/2020\/04\/IMG_2464-1980x1114.jpg 1980w\" sizes=\"auto, (max-width: 580px) 100vw, 580px\" \/><\/a><figcaption id=\"caption-attachment-19306\" class=\"wp-caption-text\">Grundschule am Strehleranger (30.06.2022). Foto: Georg und Marcus Pantel<\/figcaption><\/figure>\n<figure id=\"attachment_19307\" aria-describedby=\"caption-attachment-19307\" style=\"width: 580px\" class=\"wp-caption alignnone\"><a href=\"https:\/\/www.neuperlach.org\/blog\/wp-content\/uploads\/2020\/04\/IMG_2467.jpg\"><img loading=\"lazy\" decoding=\"async\" class=\"size-large wp-image-19307\" src=\"https:\/\/www.neuperlach.org\/blog\/wp-content\/uploads\/2020\/04\/IMG_2467-1024x576.jpg\" alt=\"Grundschule am Strehleranger\" width=\"580\" height=\"326\" srcset=\"https:\/\/www.neuperlach.org\/blog\/wp-content\/uploads\/2020\/04\/IMG_2467-1024x576.jpg 1024w, https:\/\/www.neuperlach.org\/blog\/wp-content\/uploads\/2020\/04\/IMG_2467-300x169.jpg 300w, https:\/\/www.neuperlach.org\/blog\/wp-content\/uploads\/2020\/04\/IMG_2467-768x432.jpg 768w, https:\/\/www.neuperlach.org\/blog\/wp-content\/uploads\/2020\/04\/IMG_2467-1536x864.jpg 1536w, https:\/\/www.neuperlach.org\/blog\/wp-content\/uploads\/2020\/04\/IMG_2467-2048x1152.jpg 2048w, https:\/\/www.neuperlach.org\/blog\/wp-content\/uploads\/2020\/04\/IMG_2467-1200x675.jpg 1200w, https:\/\/www.neuperlach.org\/blog\/wp-content\/uploads\/2020\/04\/IMG_2467-1980x1114.jpg 1980w\" sizes=\"auto, (max-width: 580px) 100vw, 580px\" \/><\/a><figcaption id=\"caption-attachment-19307\" class=\"wp-caption-text\">Grundschule am Strehleranger (30.06.2022). Foto: Georg und Marcus Pantel<\/figcaption><\/figure>\n<figure id=\"attachment_19308\" aria-describedby=\"caption-attachment-19308\" style=\"width: 580px\" class=\"wp-caption alignnone\"><a href=\"https:\/\/www.neuperlach.org\/blog\/wp-content\/uploads\/2020\/04\/IMG_2471.jpg\"><img loading=\"lazy\" decoding=\"async\" class=\"size-large wp-image-19308\" src=\"https:\/\/www.neuperlach.org\/blog\/wp-content\/uploads\/2020\/04\/IMG_2471-1024x576.jpg\" alt=\"Grundschule am Strehleranger\" width=\"580\" height=\"326\" srcset=\"https:\/\/www.neuperlach.org\/blog\/wp-content\/uploads\/2020\/04\/IMG_2471-1024x576.jpg 1024w, https:\/\/www.neuperlach.org\/blog\/wp-content\/uploads\/2020\/04\/IMG_2471-300x169.jpg 300w, https:\/\/www.neuperlach.org\/blog\/wp-content\/uploads\/2020\/04\/IMG_2471-768x432.jpg 768w, https:\/\/www.neuperlach.org\/blog\/wp-content\/uploads\/2020\/04\/IMG_2471-1536x864.jpg 1536w, https:\/\/www.neuperlach.org\/blog\/wp-content\/uploads\/2020\/04\/IMG_2471-2048x1152.jpg 2048w, https:\/\/www.neuperlach.org\/blog\/wp-content\/uploads\/2020\/04\/IMG_2471-1200x675.jpg 1200w, https:\/\/www.neuperlach.org\/blog\/wp-content\/uploads\/2020\/04\/IMG_2471-1980x1114.jpg 1980w\" sizes=\"auto, (max-width: 580px) 100vw, 580px\" \/><\/a><figcaption id=\"caption-attachment-19308\" class=\"wp-caption-text\">Grundschule am Strehleranger (30.06.2022). Foto: Georg und Marcus Pantel<\/figcaption><\/figure>\n<figure id=\"attachment_19308\" aria-describedby=\"caption-attachment-19308\" style=\"width: 580px\" class=\"wp-caption alignnone\"><a href=\"https:\/\/www.neuperlach.org\/blog\/wp-content\/uploads\/2020\/04\/IMG_2471.jpg\"><img loading=\"lazy\" decoding=\"async\" class=\"size-large wp-image-19308\" src=\"https:\/\/www.neuperlach.org\/blog\/wp-content\/uploads\/2020\/04\/IMG_2471-1024x576.jpg\" alt=\"Grundschule am Strehleranger\" width=\"580\" height=\"326\" srcset=\"https:\/\/www.neuperlach.org\/blog\/wp-content\/uploads\/2020\/04\/IMG_2471-1024x576.jpg 1024w, https:\/\/www.neuperlach.org\/blog\/wp-content\/uploads\/2020\/04\/IMG_2471-300x169.jpg 300w, https:\/\/www.neuperlach.org\/blog\/wp-content\/uploads\/2020\/04\/IMG_2471-768x432.jpg 768w, https:\/\/www.neuperlach.org\/blog\/wp-content\/uploads\/2020\/04\/IMG_2471-1536x864.jpg 1536w, https:\/\/www.neuperlach.org\/blog\/wp-content\/uploads\/2020\/04\/IMG_2471-2048x1152.jpg 2048w, https:\/\/www.neuperlach.org\/blog\/wp-content\/uploads\/2020\/04\/IMG_2471-1200x675.jpg 1200w, https:\/\/www.neuperlach.org\/blog\/wp-content\/uploads\/2020\/04\/IMG_2471-1980x1114.jpg 1980w\" sizes=\"auto, (max-width: 580px) 100vw, 580px\" \/><\/a><figcaption id=\"caption-attachment-19308\" class=\"wp-caption-text\">Grundschule am Strehleranger (30.06.2022). Foto: Georg und Marcus Pantel<\/figcaption><\/figure>\n<figure id=\"attachment_19309\" aria-describedby=\"caption-attachment-19309\" style=\"width: 580px\" class=\"wp-caption alignnone\"><a href=\"https:\/\/www.neuperlach.org\/blog\/wp-content\/uploads\/2020\/04\/IMG_2473.jpg\"><img loading=\"lazy\" decoding=\"async\" class=\"size-large wp-image-19309\" src=\"https:\/\/www.neuperlach.org\/blog\/wp-content\/uploads\/2020\/04\/IMG_2473-1024x576.jpg\" alt=\"Grundschule am Strehleranger\" width=\"580\" height=\"326\" srcset=\"https:\/\/www.neuperlach.org\/blog\/wp-content\/uploads\/2020\/04\/IMG_2473-1024x576.jpg 1024w, https:\/\/www.neuperlach.org\/blog\/wp-content\/uploads\/2020\/04\/IMG_2473-300x169.jpg 300w, https:\/\/www.neuperlach.org\/blog\/wp-content\/uploads\/2020\/04\/IMG_2473-768x432.jpg 768w, https:\/\/www.neuperlach.org\/blog\/wp-content\/uploads\/2020\/04\/IMG_2473-1536x864.jpg 1536w, https:\/\/www.neuperlach.org\/blog\/wp-content\/uploads\/2020\/04\/IMG_2473-2048x1152.jpg 2048w, https:\/\/www.neuperlach.org\/blog\/wp-content\/uploads\/2020\/04\/IMG_2473-1200x675.jpg 1200w, https:\/\/www.neuperlach.org\/blog\/wp-content\/uploads\/2020\/04\/IMG_2473-1980x1114.jpg 1980w\" sizes=\"auto, (max-width: 580px) 100vw, 580px\" \/><\/a><figcaption id=\"caption-attachment-19309\" class=\"wp-caption-text\">Grundschule am Strehleranger (30.06.2022). Foto: Georg und Marcus Pantel<\/figcaption><\/figure>\n<figure id=\"attachment_19311\" aria-describedby=\"caption-attachment-19311\" style=\"width: 580px\" class=\"wp-caption alignnone\"><a href=\"https:\/\/www.neuperlach.org\/blog\/wp-content\/uploads\/2020\/04\/IMG_2478.jpg\"><img loading=\"lazy\" decoding=\"async\" class=\"size-large wp-image-19311\" src=\"https:\/\/www.neuperlach.org\/blog\/wp-content\/uploads\/2020\/04\/IMG_2478-1024x576.jpg\" alt=\"Grundschule am Strehleranger\" width=\"580\" height=\"326\" srcset=\"https:\/\/www.neuperlach.org\/blog\/wp-content\/uploads\/2020\/04\/IMG_2478-1024x576.jpg 1024w, https:\/\/www.neuperlach.org\/blog\/wp-content\/uploads\/2020\/04\/IMG_2478-300x169.jpg 300w, https:\/\/www.neuperlach.org\/blog\/wp-content\/uploads\/2020\/04\/IMG_2478-768x432.jpg 768w, https:\/\/www.neuperlach.org\/blog\/wp-content\/uploads\/2020\/04\/IMG_2478-1536x864.jpg 1536w, https:\/\/www.neuperlach.org\/blog\/wp-content\/uploads\/2020\/04\/IMG_2478-2048x1152.jpg 2048w, https:\/\/www.neuperlach.org\/blog\/wp-content\/uploads\/2020\/04\/IMG_2478-1200x675.jpg 1200w, https:\/\/www.neuperlach.org\/blog\/wp-content\/uploads\/2020\/04\/IMG_2478-1980x1114.jpg 1980w\" sizes=\"auto, (max-width: 580px) 100vw, 580px\" \/><\/a><figcaption id=\"caption-attachment-19311\" class=\"wp-caption-text\">Grundschule am Strehleranger (30.06.2022). Foto: Georg und Marcus Pantel<\/figcaption><\/figure>\n<figure id=\"attachment_19310\" aria-describedby=\"caption-attachment-19310\" style=\"width: 580px\" class=\"wp-caption alignnone\"><a href=\"https:\/\/www.neuperlach.org\/blog\/wp-content\/uploads\/2020\/04\/IMG_2477.jpg\"><img loading=\"lazy\" decoding=\"async\" class=\"size-large wp-image-19310\" src=\"https:\/\/www.neuperlach.org\/blog\/wp-content\/uploads\/2020\/04\/IMG_2477-1024x576.jpg\" alt=\"Grundschule am Strehleranger\" width=\"580\" height=\"326\" srcset=\"https:\/\/www.neuperlach.org\/blog\/wp-content\/uploads\/2020\/04\/IMG_2477-1024x576.jpg 1024w, https:\/\/www.neuperlach.org\/blog\/wp-content\/uploads\/2020\/04\/IMG_2477-300x169.jpg 300w, https:\/\/www.neuperlach.org\/blog\/wp-content\/uploads\/2020\/04\/IMG_2477-768x432.jpg 768w, https:\/\/www.neuperlach.org\/blog\/wp-content\/uploads\/2020\/04\/IMG_2477-1536x864.jpg 1536w, https:\/\/www.neuperlach.org\/blog\/wp-content\/uploads\/2020\/04\/IMG_2477-2048x1152.jpg 2048w, https:\/\/www.neuperlach.org\/blog\/wp-content\/uploads\/2020\/04\/IMG_2477-1200x675.jpg 1200w, https:\/\/www.neuperlach.org\/blog\/wp-content\/uploads\/2020\/04\/IMG_2477-1980x1114.jpg 1980w\" sizes=\"auto, (max-width: 580px) 100vw, 580px\" \/><\/a><figcaption id=\"caption-attachment-19310\" class=\"wp-caption-text\">Grundschule am Strehleranger (30.06.2022). Foto: Georg und Marcus Pantel<\/figcaption><\/figure>\n<h3>August 2022<\/h3>\n<p>Die Fassade der neuen Grundschule am Strehleranger nimmt Formen an. Ich finde, dass das Design, das auf echtem Klinker basiert, freundlich wirkt. Was meint ihr?<\/p>\n<figure id=\"attachment_19312\" aria-describedby=\"caption-attachment-19312\" style=\"width: 580px\" class=\"wp-caption alignnone\"><a href=\"https:\/\/www.neuperlach.org\/blog\/wp-content\/uploads\/2020\/04\/IMG_3567.jpg\"><img loading=\"lazy\" decoding=\"async\" class=\"size-large wp-image-19312\" src=\"https:\/\/www.neuperlach.org\/blog\/wp-content\/uploads\/2020\/04\/IMG_3567-1024x780.jpg\" alt=\"Grundschule am Strehleranger\" width=\"580\" height=\"442\" srcset=\"https:\/\/www.neuperlach.org\/blog\/wp-content\/uploads\/2020\/04\/IMG_3567-1024x780.jpg 1024w, https:\/\/www.neuperlach.org\/blog\/wp-content\/uploads\/2020\/04\/IMG_3567-300x228.jpg 300w, https:\/\/www.neuperlach.org\/blog\/wp-content\/uploads\/2020\/04\/IMG_3567-768x585.jpg 768w, https:\/\/www.neuperlach.org\/blog\/wp-content\/uploads\/2020\/04\/IMG_3567-1536x1169.jpg 1536w, https:\/\/www.neuperlach.org\/blog\/wp-content\/uploads\/2020\/04\/IMG_3567-2048x1559.jpg 2048w, https:\/\/www.neuperlach.org\/blog\/wp-content\/uploads\/2020\/04\/IMG_3567-1200x914.jpg 1200w, https:\/\/www.neuperlach.org\/blog\/wp-content\/uploads\/2020\/04\/IMG_3567-1980x1507.jpg 1980w\" sizes=\"auto, (max-width: 580px) 100vw, 580px\" \/><\/a><figcaption id=\"caption-attachment-19312\" class=\"wp-caption-text\">Grundschule am Strehleranger (25.08.2022) \u00a9 Thomas Irlbeck<\/figcaption><\/figure>\n<figure id=\"attachment_19313\" aria-describedby=\"caption-attachment-19313\" style=\"width: 580px\" class=\"wp-caption alignnone\"><a href=\"https:\/\/www.neuperlach.org\/blog\/wp-content\/uploads\/2020\/04\/IMG_3573.jpg\"><img loading=\"lazy\" decoding=\"async\" class=\"size-large wp-image-19313\" src=\"https:\/\/www.neuperlach.org\/blog\/wp-content\/uploads\/2020\/04\/IMG_3573-1024x573.jpg\" alt=\"Grundschule am Strehleranger\" width=\"580\" height=\"325\" srcset=\"https:\/\/www.neuperlach.org\/blog\/wp-content\/uploads\/2020\/04\/IMG_3573-1024x573.jpg 1024w, https:\/\/www.neuperlach.org\/blog\/wp-content\/uploads\/2020\/04\/IMG_3573-300x168.jpg 300w, https:\/\/www.neuperlach.org\/blog\/wp-content\/uploads\/2020\/04\/IMG_3573-768x430.jpg 768w, https:\/\/www.neuperlach.org\/blog\/wp-content\/uploads\/2020\/04\/IMG_3573-1536x860.jpg 1536w, https:\/\/www.neuperlach.org\/blog\/wp-content\/uploads\/2020\/04\/IMG_3573-2048x1146.jpg 2048w, https:\/\/www.neuperlach.org\/blog\/wp-content\/uploads\/2020\/04\/IMG_3573-1200x672.jpg 1200w, https:\/\/www.neuperlach.org\/blog\/wp-content\/uploads\/2020\/04\/IMG_3573-1980x1108.jpg 1980w\" sizes=\"auto, (max-width: 580px) 100vw, 580px\" \/><\/a><figcaption id=\"caption-attachment-19313\" class=\"wp-caption-text\">Grundschule am Strehleranger (25.08.2022) \u00a9 Thomas Irlbeck<\/figcaption><\/figure>\n<h3 id=\"dach\">26.09\/27.09.2022: Einblicke beim Ausblick vom Dach<\/h3>\n<figure id=\"attachment_19406\" aria-describedby=\"caption-attachment-19406\" style=\"width: 580px\" class=\"wp-caption alignnone\"><a href=\"https:\/\/www.neuperlach.org\/blog\/wp-content\/uploads\/2020\/04\/IMG_E2714.jpg\"><img loading=\"lazy\" decoding=\"async\" class=\"size-large wp-image-19406\" src=\"https:\/\/www.neuperlach.org\/blog\/wp-content\/uploads\/2020\/04\/IMG_E2714-1024x768.jpg\" alt=\"Grundschule am Strehleranger\" width=\"580\" height=\"435\" srcset=\"https:\/\/www.neuperlach.org\/blog\/wp-content\/uploads\/2020\/04\/IMG_E2714-1024x768.jpg 1024w, https:\/\/www.neuperlach.org\/blog\/wp-content\/uploads\/2020\/04\/IMG_E2714-300x225.jpg 300w, https:\/\/www.neuperlach.org\/blog\/wp-content\/uploads\/2020\/04\/IMG_E2714-768x576.jpg 768w, https:\/\/www.neuperlach.org\/blog\/wp-content\/uploads\/2020\/04\/IMG_E2714-1536x1152.jpg 1536w, https:\/\/www.neuperlach.org\/blog\/wp-content\/uploads\/2020\/04\/IMG_E2714-2048x1536.jpg 2048w, https:\/\/www.neuperlach.org\/blog\/wp-content\/uploads\/2020\/04\/IMG_E2714-1200x900.jpg 1200w, https:\/\/www.neuperlach.org\/blog\/wp-content\/uploads\/2020\/04\/IMG_E2714-1980x1485.jpg 1980w\" sizes=\"auto, (max-width: 580px) 100vw, 580px\" \/><\/a><figcaption id=\"caption-attachment-19406\" class=\"wp-caption-text\">Grundschule am Strehleranger (26.09.2022). Foto: Georg und Marcus Pantel<\/figcaption><\/figure>\n<figure id=\"attachment_19391\" aria-describedby=\"caption-attachment-19391\" style=\"width: 580px\" class=\"wp-caption alignnone\"><a href=\"https:\/\/www.neuperlach.org\/blog\/wp-content\/uploads\/2020\/04\/IMG_E2715.jpg\"><img loading=\"lazy\" decoding=\"async\" class=\"size-large wp-image-19391\" src=\"https:\/\/www.neuperlach.org\/blog\/wp-content\/uploads\/2020\/04\/IMG_E2715-1024x768.jpg\" alt=\"Grundschule am Strehleranger\" width=\"580\" height=\"435\" srcset=\"https:\/\/www.neuperlach.org\/blog\/wp-content\/uploads\/2020\/04\/IMG_E2715-1024x768.jpg 1024w, https:\/\/www.neuperlach.org\/blog\/wp-content\/uploads\/2020\/04\/IMG_E2715-300x225.jpg 300w, https:\/\/www.neuperlach.org\/blog\/wp-content\/uploads\/2020\/04\/IMG_E2715-768x576.jpg 768w, https:\/\/www.neuperlach.org\/blog\/wp-content\/uploads\/2020\/04\/IMG_E2715-1536x1152.jpg 1536w, https:\/\/www.neuperlach.org\/blog\/wp-content\/uploads\/2020\/04\/IMG_E2715-2048x1536.jpg 2048w, https:\/\/www.neuperlach.org\/blog\/wp-content\/uploads\/2020\/04\/IMG_E2715-1200x900.jpg 1200w, https:\/\/www.neuperlach.org\/blog\/wp-content\/uploads\/2020\/04\/IMG_E2715-1980x1485.jpg 1980w\" sizes=\"auto, (max-width: 580px) 100vw, 580px\" \/><\/a><figcaption id=\"caption-attachment-19391\" class=\"wp-caption-text\">Grundschule am Strehleranger (26.09.2022). Foto: Georg und Marcus Pantel<\/figcaption><\/figure>\n<figure id=\"attachment_19392\" aria-describedby=\"caption-attachment-19392\" style=\"width: 580px\" class=\"wp-caption alignnone\"><a href=\"https:\/\/www.neuperlach.org\/blog\/wp-content\/uploads\/2020\/04\/IMG_E2716.jpg\"><img loading=\"lazy\" decoding=\"async\" class=\"size-large wp-image-19392\" src=\"https:\/\/www.neuperlach.org\/blog\/wp-content\/uploads\/2020\/04\/IMG_E2716-1024x768.jpg\" alt=\"Grundschule am Strehleranger\" width=\"580\" height=\"435\" srcset=\"https:\/\/www.neuperlach.org\/blog\/wp-content\/uploads\/2020\/04\/IMG_E2716-1024x768.jpg 1024w, https:\/\/www.neuperlach.org\/blog\/wp-content\/uploads\/2020\/04\/IMG_E2716-300x225.jpg 300w, https:\/\/www.neuperlach.org\/blog\/wp-content\/uploads\/2020\/04\/IMG_E2716-768x576.jpg 768w, https:\/\/www.neuperlach.org\/blog\/wp-content\/uploads\/2020\/04\/IMG_E2716-1536x1152.jpg 1536w, https:\/\/www.neuperlach.org\/blog\/wp-content\/uploads\/2020\/04\/IMG_E2716-2048x1536.jpg 2048w, https:\/\/www.neuperlach.org\/blog\/wp-content\/uploads\/2020\/04\/IMG_E2716-1200x900.jpg 1200w, https:\/\/www.neuperlach.org\/blog\/wp-content\/uploads\/2020\/04\/IMG_E2716-1980x1485.jpg 1980w\" sizes=\"auto, (max-width: 580px) 100vw, 580px\" \/><\/a><figcaption id=\"caption-attachment-19392\" class=\"wp-caption-text\">Grundschule am Strehleranger (26.09.2022). Foto: Georg und Marcus Pantel<\/figcaption><\/figure>\n<figure id=\"attachment_19393\" aria-describedby=\"caption-attachment-19393\" style=\"width: 580px\" class=\"wp-caption alignnone\"><a href=\"https:\/\/www.neuperlach.org\/blog\/wp-content\/uploads\/2020\/04\/IMG_E2717.jpg\"><img loading=\"lazy\" decoding=\"async\" class=\"size-large wp-image-19393\" src=\"https:\/\/www.neuperlach.org\/blog\/wp-content\/uploads\/2020\/04\/IMG_E2717-1024x786.jpg\" alt=\"Grundschule am Strehleranger\" width=\"580\" height=\"445\" srcset=\"https:\/\/www.neuperlach.org\/blog\/wp-content\/uploads\/2020\/04\/IMG_E2717-1024x786.jpg 1024w, https:\/\/www.neuperlach.org\/blog\/wp-content\/uploads\/2020\/04\/IMG_E2717-300x230.jpg 300w, https:\/\/www.neuperlach.org\/blog\/wp-content\/uploads\/2020\/04\/IMG_E2717-768x590.jpg 768w, https:\/\/www.neuperlach.org\/blog\/wp-content\/uploads\/2020\/04\/IMG_E2717-1536x1179.jpg 1536w, https:\/\/www.neuperlach.org\/blog\/wp-content\/uploads\/2020\/04\/IMG_E2717-2048x1572.jpg 2048w, https:\/\/www.neuperlach.org\/blog\/wp-content\/uploads\/2020\/04\/IMG_E2717-1200x921.jpg 1200w, https:\/\/www.neuperlach.org\/blog\/wp-content\/uploads\/2020\/04\/IMG_E2717-1980x1520.jpg 1980w\" sizes=\"auto, (max-width: 580px) 100vw, 580px\" \/><\/a><figcaption id=\"caption-attachment-19393\" class=\"wp-caption-text\">Grundschule am Strehleranger (26.09.2022). Foto: Georg und Marcus Pantel<\/figcaption><\/figure>\n<figure id=\"attachment_19394\" aria-describedby=\"caption-attachment-19394\" style=\"width: 580px\" class=\"wp-caption alignnone\"><a href=\"https:\/\/www.neuperlach.org\/blog\/wp-content\/uploads\/2020\/04\/IMG_E2718.jpg\"><img loading=\"lazy\" decoding=\"async\" class=\"size-large wp-image-19394\" src=\"https:\/\/www.neuperlach.org\/blog\/wp-content\/uploads\/2020\/04\/IMG_E2718-1024x871.jpg\" alt=\"Grundschule am Strehleranger\" width=\"580\" height=\"493\" srcset=\"https:\/\/www.neuperlach.org\/blog\/wp-content\/uploads\/2020\/04\/IMG_E2718-1024x871.jpg 1024w, https:\/\/www.neuperlach.org\/blog\/wp-content\/uploads\/2020\/04\/IMG_E2718-300x255.jpg 300w, https:\/\/www.neuperlach.org\/blog\/wp-content\/uploads\/2020\/04\/IMG_E2718-768x653.jpg 768w, https:\/\/www.neuperlach.org\/blog\/wp-content\/uploads\/2020\/04\/IMG_E2718-1536x1307.jpg 1536w, https:\/\/www.neuperlach.org\/blog\/wp-content\/uploads\/2020\/04\/IMG_E2718-2048x1742.jpg 2048w, https:\/\/www.neuperlach.org\/blog\/wp-content\/uploads\/2020\/04\/IMG_E2718-1200x1021.jpg 1200w, https:\/\/www.neuperlach.org\/blog\/wp-content\/uploads\/2020\/04\/IMG_E2718-1980x1685.jpg 1980w\" sizes=\"auto, (max-width: 580px) 100vw, 580px\" \/><\/a><figcaption id=\"caption-attachment-19394\" class=\"wp-caption-text\">Grundschule am Strehleranger (26.09.2022). Foto: Georg und Marcus Pantel<\/figcaption><\/figure>\n<figure id=\"attachment_19395\" aria-describedby=\"caption-attachment-19395\" style=\"width: 580px\" class=\"wp-caption alignnone\"><a href=\"https:\/\/www.neuperlach.org\/blog\/wp-content\/uploads\/2020\/04\/IMG_E2719.jpg\"><img loading=\"lazy\" decoding=\"async\" class=\"size-large wp-image-19395\" src=\"https:\/\/www.neuperlach.org\/blog\/wp-content\/uploads\/2020\/04\/IMG_E2719-1024x768.jpg\" alt=\"Grundschule am Strehleranger\" width=\"580\" height=\"435\" srcset=\"https:\/\/www.neuperlach.org\/blog\/wp-content\/uploads\/2020\/04\/IMG_E2719-1024x768.jpg 1024w, https:\/\/www.neuperlach.org\/blog\/wp-content\/uploads\/2020\/04\/IMG_E2719-300x225.jpg 300w, https:\/\/www.neuperlach.org\/blog\/wp-content\/uploads\/2020\/04\/IMG_E2719-768x576.jpg 768w, https:\/\/www.neuperlach.org\/blog\/wp-content\/uploads\/2020\/04\/IMG_E2719-1536x1152.jpg 1536w, https:\/\/www.neuperlach.org\/blog\/wp-content\/uploads\/2020\/04\/IMG_E2719-2048x1536.jpg 2048w, https:\/\/www.neuperlach.org\/blog\/wp-content\/uploads\/2020\/04\/IMG_E2719-1200x900.jpg 1200w, https:\/\/www.neuperlach.org\/blog\/wp-content\/uploads\/2020\/04\/IMG_E2719-1980x1485.jpg 1980w\" sizes=\"auto, (max-width: 580px) 100vw, 580px\" \/><\/a><figcaption id=\"caption-attachment-19395\" class=\"wp-caption-text\">Grundschule am Strehleranger (26.09.2022). Foto: Georg und Marcus Pantel<\/figcaption><\/figure>\n<figure id=\"attachment_19396\" aria-describedby=\"caption-attachment-19396\" style=\"width: 580px\" class=\"wp-caption alignnone\"><a href=\"https:\/\/www.neuperlach.org\/blog\/wp-content\/uploads\/2020\/04\/IMG_E2721.jpg\"><img loading=\"lazy\" decoding=\"async\" class=\"size-large wp-image-19396\" src=\"https:\/\/www.neuperlach.org\/blog\/wp-content\/uploads\/2020\/04\/IMG_E2721-1024x576.jpg\" alt=\"Grundschule am Strehleranger\" width=\"580\" height=\"326\" srcset=\"https:\/\/www.neuperlach.org\/blog\/wp-content\/uploads\/2020\/04\/IMG_E2721-1024x576.jpg 1024w, https:\/\/www.neuperlach.org\/blog\/wp-content\/uploads\/2020\/04\/IMG_E2721-300x169.jpg 300w, https:\/\/www.neuperlach.org\/blog\/wp-content\/uploads\/2020\/04\/IMG_E2721-768x432.jpg 768w, https:\/\/www.neuperlach.org\/blog\/wp-content\/uploads\/2020\/04\/IMG_E2721-1536x864.jpg 1536w, https:\/\/www.neuperlach.org\/blog\/wp-content\/uploads\/2020\/04\/IMG_E2721-2048x1152.jpg 2048w, https:\/\/www.neuperlach.org\/blog\/wp-content\/uploads\/2020\/04\/IMG_E2721-1200x675.jpg 1200w, https:\/\/www.neuperlach.org\/blog\/wp-content\/uploads\/2020\/04\/IMG_E2721-1980x1114.jpg 1980w\" sizes=\"auto, (max-width: 580px) 100vw, 580px\" \/><\/a><figcaption id=\"caption-attachment-19396\" class=\"wp-caption-text\">Grundschule am Strehleranger (26.09.2022). Foto: Georg und Marcus Pantel<\/figcaption><\/figure>\n<figure id=\"attachment_19397\" aria-describedby=\"caption-attachment-19397\" style=\"width: 580px\" class=\"wp-caption alignnone\"><a href=\"https:\/\/www.neuperlach.org\/blog\/wp-content\/uploads\/2020\/04\/IMG_E2722.jpg\"><img loading=\"lazy\" decoding=\"async\" class=\"size-large wp-image-19397\" src=\"https:\/\/www.neuperlach.org\/blog\/wp-content\/uploads\/2020\/04\/IMG_E2722-1024x649.jpg\" alt=\"Grundschule am Strehleranger\" width=\"580\" height=\"368\" srcset=\"https:\/\/www.neuperlach.org\/blog\/wp-content\/uploads\/2020\/04\/IMG_E2722-1024x649.jpg 1024w, https:\/\/www.neuperlach.org\/blog\/wp-content\/uploads\/2020\/04\/IMG_E2722-300x190.jpg 300w, https:\/\/www.neuperlach.org\/blog\/wp-content\/uploads\/2020\/04\/IMG_E2722-768x487.jpg 768w, https:\/\/www.neuperlach.org\/blog\/wp-content\/uploads\/2020\/04\/IMG_E2722-1536x973.jpg 1536w, https:\/\/www.neuperlach.org\/blog\/wp-content\/uploads\/2020\/04\/IMG_E2722-2048x1298.jpg 2048w, https:\/\/www.neuperlach.org\/blog\/wp-content\/uploads\/2020\/04\/IMG_E2722-1200x760.jpg 1200w, https:\/\/www.neuperlach.org\/blog\/wp-content\/uploads\/2020\/04\/IMG_E2722-1980x1255.jpg 1980w\" sizes=\"auto, (max-width: 580px) 100vw, 580px\" \/><\/a><figcaption id=\"caption-attachment-19397\" class=\"wp-caption-text\">Grundschule am Strehleranger (26.09.2022). Foto: Georg und Marcus Pantel<\/figcaption><\/figure>\n<figure id=\"attachment_19398\" aria-describedby=\"caption-attachment-19398\" style=\"width: 576px\" class=\"wp-caption alignnone\"><a href=\"https:\/\/www.neuperlach.org\/blog\/wp-content\/uploads\/2020\/04\/IMG_E2723.jpg\"><img loading=\"lazy\" decoding=\"async\" class=\"size-large wp-image-19398\" src=\"https:\/\/www.neuperlach.org\/blog\/wp-content\/uploads\/2020\/04\/IMG_E2723-576x1024.jpg\" alt=\"Grundschule am Strehleranger\" width=\"576\" height=\"1024\" srcset=\"https:\/\/www.neuperlach.org\/blog\/wp-content\/uploads\/2020\/04\/IMG_E2723-576x1024.jpg 576w, https:\/\/www.neuperlach.org\/blog\/wp-content\/uploads\/2020\/04\/IMG_E2723-169x300.jpg 169w, https:\/\/www.neuperlach.org\/blog\/wp-content\/uploads\/2020\/04\/IMG_E2723-768x1365.jpg 768w, https:\/\/www.neuperlach.org\/blog\/wp-content\/uploads\/2020\/04\/IMG_E2723-864x1536.jpg 864w, https:\/\/www.neuperlach.org\/blog\/wp-content\/uploads\/2020\/04\/IMG_E2723-1152x2048.jpg 1152w, https:\/\/www.neuperlach.org\/blog\/wp-content\/uploads\/2020\/04\/IMG_E2723-1200x2133.jpg 1200w, https:\/\/www.neuperlach.org\/blog\/wp-content\/uploads\/2020\/04\/IMG_E2723.jpg 1440w\" sizes=\"auto, (max-width: 576px) 100vw, 576px\" \/><\/a><figcaption id=\"caption-attachment-19398\" class=\"wp-caption-text\">Grundschule am Strehleranger (26.09.2022). Foto: Georg und Marcus Pantel<\/figcaption><\/figure>\n<figure id=\"attachment_19399\" aria-describedby=\"caption-attachment-19399\" style=\"width: 576px\" class=\"wp-caption alignnone\"><a href=\"https:\/\/www.neuperlach.org\/blog\/wp-content\/uploads\/2020\/04\/IMG_E2724.jpg\"><img loading=\"lazy\" decoding=\"async\" class=\"size-large wp-image-19399\" src=\"https:\/\/www.neuperlach.org\/blog\/wp-content\/uploads\/2020\/04\/IMG_E2724-576x1024.jpg\" alt=\"Grundschule am Strehleranger\" width=\"576\" height=\"1024\" srcset=\"https:\/\/www.neuperlach.org\/blog\/wp-content\/uploads\/2020\/04\/IMG_E2724-576x1024.jpg 576w, https:\/\/www.neuperlach.org\/blog\/wp-content\/uploads\/2020\/04\/IMG_E2724-169x300.jpg 169w, https:\/\/www.neuperlach.org\/blog\/wp-content\/uploads\/2020\/04\/IMG_E2724-768x1365.jpg 768w, https:\/\/www.neuperlach.org\/blog\/wp-content\/uploads\/2020\/04\/IMG_E2724-864x1536.jpg 864w, https:\/\/www.neuperlach.org\/blog\/wp-content\/uploads\/2020\/04\/IMG_E2724-1152x2048.jpg 1152w, https:\/\/www.neuperlach.org\/blog\/wp-content\/uploads\/2020\/04\/IMG_E2724-1200x2133.jpg 1200w, https:\/\/www.neuperlach.org\/blog\/wp-content\/uploads\/2020\/04\/IMG_E2724.jpg 1440w\" sizes=\"auto, (max-width: 576px) 100vw, 576px\" \/><\/a><figcaption id=\"caption-attachment-19399\" class=\"wp-caption-text\">Grundschule am Strehleranger (26.09.2022). Foto: Georg und Marcus Pantel<\/figcaption><\/figure>\n<figure id=\"attachment_19400\" aria-describedby=\"caption-attachment-19400\" style=\"width: 580px\" class=\"wp-caption alignnone\"><a href=\"https:\/\/www.neuperlach.org\/blog\/wp-content\/uploads\/2020\/04\/IMG_E2726.jpg\"><img loading=\"lazy\" decoding=\"async\" class=\"size-large wp-image-19400\" src=\"https:\/\/www.neuperlach.org\/blog\/wp-content\/uploads\/2020\/04\/IMG_E2726-1024x576.jpg\" alt=\"Grundschule am Strehleranger\" width=\"580\" height=\"326\" srcset=\"https:\/\/www.neuperlach.org\/blog\/wp-content\/uploads\/2020\/04\/IMG_E2726-1024x576.jpg 1024w, https:\/\/www.neuperlach.org\/blog\/wp-content\/uploads\/2020\/04\/IMG_E2726-300x169.jpg 300w, https:\/\/www.neuperlach.org\/blog\/wp-content\/uploads\/2020\/04\/IMG_E2726-768x432.jpg 768w, https:\/\/www.neuperlach.org\/blog\/wp-content\/uploads\/2020\/04\/IMG_E2726-1536x864.jpg 1536w, https:\/\/www.neuperlach.org\/blog\/wp-content\/uploads\/2020\/04\/IMG_E2726-2048x1152.jpg 2048w, https:\/\/www.neuperlach.org\/blog\/wp-content\/uploads\/2020\/04\/IMG_E2726-1200x675.jpg 1200w, https:\/\/www.neuperlach.org\/blog\/wp-content\/uploads\/2020\/04\/IMG_E2726-1980x1114.jpg 1980w\" sizes=\"auto, (max-width: 580px) 100vw, 580px\" \/><\/a><figcaption id=\"caption-attachment-19400\" class=\"wp-caption-text\">Grundschule am Strehleranger (26.09.2022). Foto: Georg und Marcus Pantel<\/figcaption><\/figure>\n<figure id=\"attachment_19401\" aria-describedby=\"caption-attachment-19401\" style=\"width: 576px\" class=\"wp-caption alignnone\"><a href=\"https:\/\/www.neuperlach.org\/blog\/wp-content\/uploads\/2020\/04\/IMG_E2734.jpg\"><img loading=\"lazy\" decoding=\"async\" class=\"size-large wp-image-19401\" src=\"https:\/\/www.neuperlach.org\/blog\/wp-content\/uploads\/2020\/04\/IMG_E2734-576x1024.jpg\" alt=\"Grundschule am Strehleranger\" width=\"576\" height=\"1024\" srcset=\"https:\/\/www.neuperlach.org\/blog\/wp-content\/uploads\/2020\/04\/IMG_E2734-576x1024.jpg 576w, https:\/\/www.neuperlach.org\/blog\/wp-content\/uploads\/2020\/04\/IMG_E2734-169x300.jpg 169w, https:\/\/www.neuperlach.org\/blog\/wp-content\/uploads\/2020\/04\/IMG_E2734-768x1365.jpg 768w, https:\/\/www.neuperlach.org\/blog\/wp-content\/uploads\/2020\/04\/IMG_E2734-864x1536.jpg 864w, https:\/\/www.neuperlach.org\/blog\/wp-content\/uploads\/2020\/04\/IMG_E2734-1152x2048.jpg 1152w, https:\/\/www.neuperlach.org\/blog\/wp-content\/uploads\/2020\/04\/IMG_E2734-1200x2133.jpg 1200w, https:\/\/www.neuperlach.org\/blog\/wp-content\/uploads\/2020\/04\/IMG_E2734.jpg 1440w\" sizes=\"auto, (max-width: 576px) 100vw, 576px\" \/><\/a><figcaption id=\"caption-attachment-19401\" class=\"wp-caption-text\">Grundschule am Strehleranger (27.09.2022). Foto: Georg und Marcus Pantel<\/figcaption><\/figure>\n<figure id=\"attachment_19402\" aria-describedby=\"caption-attachment-19402\" style=\"width: 576px\" class=\"wp-caption alignnone\"><a href=\"https:\/\/www.neuperlach.org\/blog\/wp-content\/uploads\/2020\/04\/IMG_E2737.jpg\"><img loading=\"lazy\" decoding=\"async\" class=\"size-large wp-image-19402\" src=\"https:\/\/www.neuperlach.org\/blog\/wp-content\/uploads\/2020\/04\/IMG_E2737-576x1024.jpg\" alt=\"Grundschule am Strehleranger\" width=\"576\" height=\"1024\" srcset=\"https:\/\/www.neuperlach.org\/blog\/wp-content\/uploads\/2020\/04\/IMG_E2737-576x1024.jpg 576w, https:\/\/www.neuperlach.org\/blog\/wp-content\/uploads\/2020\/04\/IMG_E2737-169x300.jpg 169w, https:\/\/www.neuperlach.org\/blog\/wp-content\/uploads\/2020\/04\/IMG_E2737-768x1365.jpg 768w, https:\/\/www.neuperlach.org\/blog\/wp-content\/uploads\/2020\/04\/IMG_E2737-864x1536.jpg 864w, https:\/\/www.neuperlach.org\/blog\/wp-content\/uploads\/2020\/04\/IMG_E2737-1152x2048.jpg 1152w, https:\/\/www.neuperlach.org\/blog\/wp-content\/uploads\/2020\/04\/IMG_E2737-1200x2133.jpg 1200w, https:\/\/www.neuperlach.org\/blog\/wp-content\/uploads\/2020\/04\/IMG_E2737.jpg 1440w\" sizes=\"auto, (max-width: 576px) 100vw, 576px\" \/><\/a><figcaption id=\"caption-attachment-19402\" class=\"wp-caption-text\">Grundschule am Strehleranger (27.09.2022). Foto: Georg und Marcus Pantel<\/figcaption><\/figure>\n<figure id=\"attachment_19403\" aria-describedby=\"caption-attachment-19403\" style=\"width: 580px\" class=\"wp-caption alignnone\"><a href=\"https:\/\/www.neuperlach.org\/blog\/wp-content\/uploads\/2020\/04\/IMG_E2738.jpg\"><img loading=\"lazy\" decoding=\"async\" class=\"size-large wp-image-19403\" src=\"https:\/\/www.neuperlach.org\/blog\/wp-content\/uploads\/2020\/04\/IMG_E2738-1024x576.jpg\" alt=\"Grundschule am Strehleranger\" width=\"580\" height=\"326\" srcset=\"https:\/\/www.neuperlach.org\/blog\/wp-content\/uploads\/2020\/04\/IMG_E2738-1024x576.jpg 1024w, https:\/\/www.neuperlach.org\/blog\/wp-content\/uploads\/2020\/04\/IMG_E2738-300x169.jpg 300w, https:\/\/www.neuperlach.org\/blog\/wp-content\/uploads\/2020\/04\/IMG_E2738-768x432.jpg 768w, https:\/\/www.neuperlach.org\/blog\/wp-content\/uploads\/2020\/04\/IMG_E2738-1536x864.jpg 1536w, https:\/\/www.neuperlach.org\/blog\/wp-content\/uploads\/2020\/04\/IMG_E2738-2048x1152.jpg 2048w, https:\/\/www.neuperlach.org\/blog\/wp-content\/uploads\/2020\/04\/IMG_E2738-1200x675.jpg 1200w, https:\/\/www.neuperlach.org\/blog\/wp-content\/uploads\/2020\/04\/IMG_E2738-1980x1114.jpg 1980w\" sizes=\"auto, (max-width: 580px) 100vw, 580px\" \/><\/a><figcaption id=\"caption-attachment-19403\" class=\"wp-caption-text\">Grundschule am Strehleranger (27.09.2022). Foto: Georg und Marcus Pantel<\/figcaption><\/figure>\n<figure id=\"attachment_19404\" aria-describedby=\"caption-attachment-19404\" style=\"width: 576px\" class=\"wp-caption alignnone\"><a href=\"https:\/\/www.neuperlach.org\/blog\/wp-content\/uploads\/2020\/04\/IMG_E2739.jpg\"><img loading=\"lazy\" decoding=\"async\" class=\"size-large wp-image-19404\" src=\"https:\/\/www.neuperlach.org\/blog\/wp-content\/uploads\/2020\/04\/IMG_E2739-576x1024.jpg\" alt=\"Grundschule am Strehleranger\" width=\"576\" height=\"1024\" srcset=\"https:\/\/www.neuperlach.org\/blog\/wp-content\/uploads\/2020\/04\/IMG_E2739-576x1024.jpg 576w, https:\/\/www.neuperlach.org\/blog\/wp-content\/uploads\/2020\/04\/IMG_E2739-169x300.jpg 169w, https:\/\/www.neuperlach.org\/blog\/wp-content\/uploads\/2020\/04\/IMG_E2739-768x1365.jpg 768w, https:\/\/www.neuperlach.org\/blog\/wp-content\/uploads\/2020\/04\/IMG_E2739-864x1536.jpg 864w, https:\/\/www.neuperlach.org\/blog\/wp-content\/uploads\/2020\/04\/IMG_E2739-1152x2048.jpg 1152w, https:\/\/www.neuperlach.org\/blog\/wp-content\/uploads\/2020\/04\/IMG_E2739-1200x2133.jpg 1200w, https:\/\/www.neuperlach.org\/blog\/wp-content\/uploads\/2020\/04\/IMG_E2739.jpg 1440w\" sizes=\"auto, (max-width: 576px) 100vw, 576px\" \/><\/a><figcaption id=\"caption-attachment-19404\" class=\"wp-caption-text\">Grundschule am Strehleranger (27.09.2022). Foto: Georg und Marcus Pantel<\/figcaption><\/figure>\n<h3>16.02.2023<\/h3>\n<figure id=\"attachment_19735\" aria-describedby=\"caption-attachment-19735\" style=\"width: 580px\" class=\"wp-caption alignnone\"><a href=\"https:\/\/www.neuperlach.org\/blog\/wp-content\/uploads\/2020\/04\/IMG_3390.jpg\"><img loading=\"lazy\" decoding=\"async\" class=\"wp-image-19735 size-large\" src=\"https:\/\/www.neuperlach.org\/blog\/wp-content\/uploads\/2020\/04\/IMG_3390-1024x768.jpg\" alt=\"Grundschule am Strehleranger\" width=\"580\" height=\"435\" srcset=\"https:\/\/www.neuperlach.org\/blog\/wp-content\/uploads\/2020\/04\/IMG_3390-1024x768.jpg 1024w, https:\/\/www.neuperlach.org\/blog\/wp-content\/uploads\/2020\/04\/IMG_3390-300x225.jpg 300w, https:\/\/www.neuperlach.org\/blog\/wp-content\/uploads\/2020\/04\/IMG_3390-768x576.jpg 768w, https:\/\/www.neuperlach.org\/blog\/wp-content\/uploads\/2020\/04\/IMG_3390-1536x1152.jpg 1536w, https:\/\/www.neuperlach.org\/blog\/wp-content\/uploads\/2020\/04\/IMG_3390-2048x1536.jpg 2048w, https:\/\/www.neuperlach.org\/blog\/wp-content\/uploads\/2020\/04\/IMG_3390-1200x900.jpg 1200w, https:\/\/www.neuperlach.org\/blog\/wp-content\/uploads\/2020\/04\/IMG_3390-1980x1485.jpg 1980w\" sizes=\"auto, (max-width: 580px) 100vw, 580px\" \/><\/a><figcaption id=\"caption-attachment-19735\" class=\"wp-caption-text\">Grundschule am Strehleranger (16.02.2023). Foto: Georg und Marcus Pantel<\/figcaption><\/figure>\n<figure id=\"attachment_19736\" aria-describedby=\"caption-attachment-19736\" style=\"width: 580px\" class=\"wp-caption alignnone\"><a href=\"https:\/\/www.neuperlach.org\/blog\/wp-content\/uploads\/2020\/04\/IMG_3399.jpg\"><img loading=\"lazy\" decoding=\"async\" class=\"size-large wp-image-19736\" src=\"https:\/\/www.neuperlach.org\/blog\/wp-content\/uploads\/2020\/04\/IMG_3399-1024x768.jpg\" alt=\"Grundschule am Strehleranger\" width=\"580\" height=\"435\" srcset=\"https:\/\/www.neuperlach.org\/blog\/wp-content\/uploads\/2020\/04\/IMG_3399-1024x768.jpg 1024w, https:\/\/www.neuperlach.org\/blog\/wp-content\/uploads\/2020\/04\/IMG_3399-300x225.jpg 300w, https:\/\/www.neuperlach.org\/blog\/wp-content\/uploads\/2020\/04\/IMG_3399-768x576.jpg 768w, https:\/\/www.neuperlach.org\/blog\/wp-content\/uploads\/2020\/04\/IMG_3399-1536x1152.jpg 1536w, https:\/\/www.neuperlach.org\/blog\/wp-content\/uploads\/2020\/04\/IMG_3399-2048x1536.jpg 2048w, https:\/\/www.neuperlach.org\/blog\/wp-content\/uploads\/2020\/04\/IMG_3399-1200x900.jpg 1200w, https:\/\/www.neuperlach.org\/blog\/wp-content\/uploads\/2020\/04\/IMG_3399-1980x1485.jpg 1980w\" sizes=\"auto, (max-width: 580px) 100vw, 580px\" \/><\/a><figcaption id=\"caption-attachment-19736\" class=\"wp-caption-text\">Grundschule am Strehleranger (16.02.2023). Foto: Georg und Marcus Pantel<\/figcaption><\/figure>\n<figure id=\"attachment_19737\" aria-describedby=\"caption-attachment-19737\" style=\"width: 580px\" class=\"wp-caption alignnone\"><a href=\"https:\/\/www.neuperlach.org\/blog\/wp-content\/uploads\/2020\/04\/IMG_3402.jpg\"><img loading=\"lazy\" decoding=\"async\" class=\"size-large wp-image-19737\" src=\"https:\/\/www.neuperlach.org\/blog\/wp-content\/uploads\/2020\/04\/IMG_3402-1024x906.jpg\" alt=\"Grundschule am Strehleranger\" width=\"580\" height=\"513\" srcset=\"https:\/\/www.neuperlach.org\/blog\/wp-content\/uploads\/2020\/04\/IMG_3402-1024x906.jpg 1024w, https:\/\/www.neuperlach.org\/blog\/wp-content\/uploads\/2020\/04\/IMG_3402-300x266.jpg 300w, https:\/\/www.neuperlach.org\/blog\/wp-content\/uploads\/2020\/04\/IMG_3402-768x680.jpg 768w, https:\/\/www.neuperlach.org\/blog\/wp-content\/uploads\/2020\/04\/IMG_3402-1536x1360.jpg 1536w, https:\/\/www.neuperlach.org\/blog\/wp-content\/uploads\/2020\/04\/IMG_3402-2048x1813.jpg 2048w, https:\/\/www.neuperlach.org\/blog\/wp-content\/uploads\/2020\/04\/IMG_3402-1200x1062.jpg 1200w, https:\/\/www.neuperlach.org\/blog\/wp-content\/uploads\/2020\/04\/IMG_3402-1980x1753.jpg 1980w\" sizes=\"auto, (max-width: 580px) 100vw, 580px\" \/><\/a><figcaption id=\"caption-attachment-19737\" class=\"wp-caption-text\">Grundschule am Strehleranger (16.02.2023). Foto: Georg und Marcus Pantel<\/figcaption><\/figure>\n<figure id=\"attachment_19738\" aria-describedby=\"caption-attachment-19738\" style=\"width: 580px\" class=\"wp-caption alignnone\"><a href=\"https:\/\/www.neuperlach.org\/blog\/wp-content\/uploads\/2020\/04\/IMG_3408.jpg\"><img loading=\"lazy\" decoding=\"async\" class=\"size-large wp-image-19738\" src=\"https:\/\/www.neuperlach.org\/blog\/wp-content\/uploads\/2020\/04\/IMG_3408-752x1024.jpg\" alt=\"Grundschule am Strehleranger\" width=\"580\" height=\"790\" \/><\/a><figcaption id=\"caption-attachment-19738\" class=\"wp-caption-text\">Grundschule am Strehleranger (16.02.2023). Foto: Georg und Marcus Pantel<\/figcaption><\/figure>\n<h3>24.02.2023<\/h3>\n<figure id=\"attachment_19741\" aria-describedby=\"caption-attachment-19741\" style=\"width: 566px\" class=\"wp-caption alignnone\"><a href=\"https:\/\/www.neuperlach.org\/blog\/wp-content\/uploads\/2020\/04\/IMG_E3473.jpg\"><img loading=\"lazy\" decoding=\"async\" class=\"size-large wp-image-19741\" src=\"https:\/\/www.neuperlach.org\/blog\/wp-content\/uploads\/2020\/04\/IMG_E3473-566x1024.jpg\" alt=\"Grundschule am Strehleranger\" width=\"566\" height=\"1024\" srcset=\"https:\/\/www.neuperlach.org\/blog\/wp-content\/uploads\/2020\/04\/IMG_E3473-566x1024.jpg 566w, https:\/\/www.neuperlach.org\/blog\/wp-content\/uploads\/2020\/04\/IMG_E3473-166x300.jpg 166w, https:\/\/www.neuperlach.org\/blog\/wp-content\/uploads\/2020\/04\/IMG_E3473-768x1389.jpg 768w, https:\/\/www.neuperlach.org\/blog\/wp-content\/uploads\/2020\/04\/IMG_E3473-849x1536.jpg 849w, https:\/\/www.neuperlach.org\/blog\/wp-content\/uploads\/2020\/04\/IMG_E3473-1132x2048.jpg 1132w, https:\/\/www.neuperlach.org\/blog\/wp-content\/uploads\/2020\/04\/IMG_E3473-1200x2171.jpg 1200w, https:\/\/www.neuperlach.org\/blog\/wp-content\/uploads\/2020\/04\/IMG_E3473.jpg 1415w\" sizes=\"auto, (max-width: 566px) 100vw, 566px\" \/><\/a><figcaption id=\"caption-attachment-19741\" class=\"wp-caption-text\">Grundschule am Strehleranger (24.02.2023). Foto: Georg und Marcus Pantel<\/figcaption><\/figure>\n<figure id=\"attachment_19742\" aria-describedby=\"caption-attachment-19742\" style=\"width: 576px\" class=\"wp-caption alignnone\"><a href=\"https:\/\/www.neuperlach.org\/blog\/wp-content\/uploads\/2020\/04\/IMG_E3474.jpg\"><img loading=\"lazy\" decoding=\"async\" class=\"size-large wp-image-19742\" src=\"https:\/\/www.neuperlach.org\/blog\/wp-content\/uploads\/2020\/04\/IMG_E3474-576x1024.jpg\" alt=\"Grundschule am Strehleranger\" width=\"576\" height=\"1024\" srcset=\"https:\/\/www.neuperlach.org\/blog\/wp-content\/uploads\/2020\/04\/IMG_E3474-576x1024.jpg 576w, https:\/\/www.neuperlach.org\/blog\/wp-content\/uploads\/2020\/04\/IMG_E3474-169x300.jpg 169w, https:\/\/www.neuperlach.org\/blog\/wp-content\/uploads\/2020\/04\/IMG_E3474-768x1365.jpg 768w, https:\/\/www.neuperlach.org\/blog\/wp-content\/uploads\/2020\/04\/IMG_E3474-864x1536.jpg 864w, https:\/\/www.neuperlach.org\/blog\/wp-content\/uploads\/2020\/04\/IMG_E3474-1152x2048.jpg 1152w, https:\/\/www.neuperlach.org\/blog\/wp-content\/uploads\/2020\/04\/IMG_E3474-1200x2133.jpg 1200w, https:\/\/www.neuperlach.org\/blog\/wp-content\/uploads\/2020\/04\/IMG_E3474.jpg 1440w\" sizes=\"auto, (max-width: 576px) 100vw, 576px\" \/><\/a><figcaption id=\"caption-attachment-19742\" class=\"wp-caption-text\">Grundschule am Strehleranger (24.02.2023). Foto: Georg und Marcus Pantel<\/figcaption><\/figure>\n<figure id=\"attachment_19743\" aria-describedby=\"caption-attachment-19743\" style=\"width: 580px\" class=\"wp-caption alignnone\"><a href=\"https:\/\/www.neuperlach.org\/blog\/wp-content\/uploads\/2020\/04\/IMG_E3475.jpg\"><img loading=\"lazy\" decoding=\"async\" class=\"size-large wp-image-19743\" src=\"https:\/\/www.neuperlach.org\/blog\/wp-content\/uploads\/2020\/04\/IMG_E3475-1024x576.jpg\" alt=\"Grundschule am Strehleranger\" width=\"580\" height=\"326\" srcset=\"https:\/\/www.neuperlach.org\/blog\/wp-content\/uploads\/2020\/04\/IMG_E3475-1024x576.jpg 1024w, https:\/\/www.neuperlach.org\/blog\/wp-content\/uploads\/2020\/04\/IMG_E3475-300x169.jpg 300w, https:\/\/www.neuperlach.org\/blog\/wp-content\/uploads\/2020\/04\/IMG_E3475-768x432.jpg 768w, https:\/\/www.neuperlach.org\/blog\/wp-content\/uploads\/2020\/04\/IMG_E3475-1536x864.jpg 1536w, https:\/\/www.neuperlach.org\/blog\/wp-content\/uploads\/2020\/04\/IMG_E3475-2048x1152.jpg 2048w, https:\/\/www.neuperlach.org\/blog\/wp-content\/uploads\/2020\/04\/IMG_E3475-1200x675.jpg 1200w, https:\/\/www.neuperlach.org\/blog\/wp-content\/uploads\/2020\/04\/IMG_E3475-1980x1114.jpg 1980w\" sizes=\"auto, (max-width: 580px) 100vw, 580px\" \/><\/a><figcaption id=\"caption-attachment-19743\" class=\"wp-caption-text\">Grundschule am Strehleranger (24.02.2023). Foto: Georg und Marcus Pantel<\/figcaption><\/figure>\n<figure id=\"attachment_19744\" aria-describedby=\"caption-attachment-19744\" style=\"width: 532px\" class=\"wp-caption alignnone\"><a href=\"https:\/\/www.neuperlach.org\/blog\/wp-content\/uploads\/2020\/04\/IMG_E3476.jpg\"><img loading=\"lazy\" decoding=\"async\" class=\"size-large wp-image-19744\" src=\"https:\/\/www.neuperlach.org\/blog\/wp-content\/uploads\/2020\/04\/IMG_E3476-532x1024.jpg\" alt=\"Grundschule am Strehleranger\" width=\"532\" height=\"1024\" srcset=\"https:\/\/www.neuperlach.org\/blog\/wp-content\/uploads\/2020\/04\/IMG_E3476-532x1024.jpg 532w, https:\/\/www.neuperlach.org\/blog\/wp-content\/uploads\/2020\/04\/IMG_E3476-156x300.jpg 156w, https:\/\/www.neuperlach.org\/blog\/wp-content\/uploads\/2020\/04\/IMG_E3476-768x1477.jpg 768w, https:\/\/www.neuperlach.org\/blog\/wp-content\/uploads\/2020\/04\/IMG_E3476-799x1536.jpg 799w, https:\/\/www.neuperlach.org\/blog\/wp-content\/uploads\/2020\/04\/IMG_E3476-1065x2048.jpg 1065w, https:\/\/www.neuperlach.org\/blog\/wp-content\/uploads\/2020\/04\/IMG_E3476-1200x2308.jpg 1200w, https:\/\/www.neuperlach.org\/blog\/wp-content\/uploads\/2020\/04\/IMG_E3476.jpg 1331w\" sizes=\"auto, (max-width: 532px) 100vw, 532px\" \/><\/a><figcaption id=\"caption-attachment-19744\" class=\"wp-caption-text\">Grundschule am Strehleranger (24.02.2023). Foto: Georg und Marcus Pantel<\/figcaption><\/figure>\n<figure id=\"attachment_19745\" aria-describedby=\"caption-attachment-19745\" style=\"width: 580px\" class=\"wp-caption alignnone\"><a href=\"https:\/\/www.neuperlach.org\/blog\/wp-content\/uploads\/2020\/04\/IMG_E3477.jpg\"><img loading=\"lazy\" decoding=\"async\" class=\"size-large wp-image-19745\" src=\"https:\/\/www.neuperlach.org\/blog\/wp-content\/uploads\/2020\/04\/IMG_E3477-599x1024.jpg\" alt=\"Grundschule am Strehleranger\" width=\"580\" height=\"992\" srcset=\"https:\/\/www.neuperlach.org\/blog\/wp-content\/uploads\/2020\/04\/IMG_E3477-599x1024.jpg 599w, https:\/\/www.neuperlach.org\/blog\/wp-content\/uploads\/2020\/04\/IMG_E3477-176x300.jpg 176w, https:\/\/www.neuperlach.org\/blog\/wp-content\/uploads\/2020\/04\/IMG_E3477-768x1312.jpg 768w, https:\/\/www.neuperlach.org\/blog\/wp-content\/uploads\/2020\/04\/IMG_E3477-899x1536.jpg 899w, https:\/\/www.neuperlach.org\/blog\/wp-content\/uploads\/2020\/04\/IMG_E3477-1198x2048.jpg 1198w, https:\/\/www.neuperlach.org\/blog\/wp-content\/uploads\/2020\/04\/IMG_E3477-1200x2051.jpg 1200w, https:\/\/www.neuperlach.org\/blog\/wp-content\/uploads\/2020\/04\/IMG_E3477.jpg 1498w\" sizes=\"auto, (max-width: 580px) 100vw, 580px\" \/><\/a><figcaption id=\"caption-attachment-19745\" class=\"wp-caption-text\">Grundschule am Strehleranger (24.02.2023). Foto: Georg und Marcus Pantel<\/figcaption><\/figure>\n<figure id=\"attachment_19746\" aria-describedby=\"caption-attachment-19746\" style=\"width: 580px\" class=\"wp-caption alignnone\"><a href=\"https:\/\/www.neuperlach.org\/blog\/wp-content\/uploads\/2020\/04\/IMG_E3478.jpg\"><img loading=\"lazy\" decoding=\"async\" class=\"size-large wp-image-19746\" src=\"https:\/\/www.neuperlach.org\/blog\/wp-content\/uploads\/2020\/04\/IMG_E3478-1024x581.jpg\" alt=\"Grundschule am Strehleranger\" width=\"580\" height=\"329\" srcset=\"https:\/\/www.neuperlach.org\/blog\/wp-content\/uploads\/2020\/04\/IMG_E3478-1024x581.jpg 1024w, https:\/\/www.neuperlach.org\/blog\/wp-content\/uploads\/2020\/04\/IMG_E3478-300x170.jpg 300w, https:\/\/www.neuperlach.org\/blog\/wp-content\/uploads\/2020\/04\/IMG_E3478-768x436.jpg 768w, https:\/\/www.neuperlach.org\/blog\/wp-content\/uploads\/2020\/04\/IMG_E3478-1536x871.jpg 1536w, https:\/\/www.neuperlach.org\/blog\/wp-content\/uploads\/2020\/04\/IMG_E3478-2048x1162.jpg 2048w, https:\/\/www.neuperlach.org\/blog\/wp-content\/uploads\/2020\/04\/IMG_E3478-1200x681.jpg 1200w, https:\/\/www.neuperlach.org\/blog\/wp-content\/uploads\/2020\/04\/IMG_E3478-1980x1123.jpg 1980w\" sizes=\"auto, (max-width: 580px) 100vw, 580px\" \/><\/a><figcaption id=\"caption-attachment-19746\" class=\"wp-caption-text\">Grundschule am Strehleranger (24.02.2023). Foto: Georg und Marcus Pantel<\/figcaption><\/figure>\n<h3>01.03.2023<\/h3>\n<figure id=\"attachment_19748\" aria-describedby=\"caption-attachment-19748\" style=\"width: 580px\" class=\"wp-caption alignnone\"><a href=\"https:\/\/www.neuperlach.org\/blog\/wp-content\/uploads\/2020\/04\/IMG_3492.jpg\"><img loading=\"lazy\" decoding=\"async\" class=\"size-large wp-image-19748\" src=\"https:\/\/www.neuperlach.org\/blog\/wp-content\/uploads\/2020\/04\/IMG_3492-1024x768.jpg\" alt=\"Grundschule am Strehleranger\" width=\"580\" height=\"435\" srcset=\"https:\/\/www.neuperlach.org\/blog\/wp-content\/uploads\/2020\/04\/IMG_3492-1024x768.jpg 1024w, https:\/\/www.neuperlach.org\/blog\/wp-content\/uploads\/2020\/04\/IMG_3492-300x225.jpg 300w, https:\/\/www.neuperlach.org\/blog\/wp-content\/uploads\/2020\/04\/IMG_3492-768x576.jpg 768w, https:\/\/www.neuperlach.org\/blog\/wp-content\/uploads\/2020\/04\/IMG_3492-1536x1152.jpg 1536w, https:\/\/www.neuperlach.org\/blog\/wp-content\/uploads\/2020\/04\/IMG_3492-2048x1536.jpg 2048w, https:\/\/www.neuperlach.org\/blog\/wp-content\/uploads\/2020\/04\/IMG_3492-1200x900.jpg 1200w, https:\/\/www.neuperlach.org\/blog\/wp-content\/uploads\/2020\/04\/IMG_3492-1980x1485.jpg 1980w\" sizes=\"auto, (max-width: 580px) 100vw, 580px\" \/><\/a><figcaption id=\"caption-attachment-19748\" class=\"wp-caption-text\">Grundschule am Strehleranger (01.03.2023). Foto: Georg und Marcus Pantel<\/figcaption><\/figure>\n<h3>02.03.2023<\/h3>\n<figure id=\"attachment_19749\" aria-describedby=\"caption-attachment-19749\" style=\"width: 580px\" class=\"wp-caption alignnone\"><a href=\"https:\/\/www.neuperlach.org\/blog\/wp-content\/uploads\/2020\/04\/IMG_3494.jpg\"><img loading=\"lazy\" decoding=\"async\" class=\"size-large wp-image-19749\" src=\"https:\/\/www.neuperlach.org\/blog\/wp-content\/uploads\/2020\/04\/IMG_3494-1024x768.jpg\" alt=\"Grundschule am Strehleranger\" width=\"580\" height=\"435\" srcset=\"https:\/\/www.neuperlach.org\/blog\/wp-content\/uploads\/2020\/04\/IMG_3494-1024x768.jpg 1024w, https:\/\/www.neuperlach.org\/blog\/wp-content\/uploads\/2020\/04\/IMG_3494-300x225.jpg 300w, https:\/\/www.neuperlach.org\/blog\/wp-content\/uploads\/2020\/04\/IMG_3494-768x576.jpg 768w, https:\/\/www.neuperlach.org\/blog\/wp-content\/uploads\/2020\/04\/IMG_3494-1536x1152.jpg 1536w, https:\/\/www.neuperlach.org\/blog\/wp-content\/uploads\/2020\/04\/IMG_3494-2048x1536.jpg 2048w, https:\/\/www.neuperlach.org\/blog\/wp-content\/uploads\/2020\/04\/IMG_3494-1200x900.jpg 1200w, https:\/\/www.neuperlach.org\/blog\/wp-content\/uploads\/2020\/04\/IMG_3494-1980x1485.jpg 1980w\" sizes=\"auto, (max-width: 580px) 100vw, 580px\" \/><\/a><figcaption id=\"caption-attachment-19749\" class=\"wp-caption-text\">Grundschule am Strehleranger (02.03.2023). Foto: Georg und Marcus Pantel<\/figcaption><\/figure>\n<h3>04.03.20223<\/h3>\n<figure id=\"attachment_19750\" aria-describedby=\"caption-attachment-19750\" style=\"width: 580px\" class=\"wp-caption alignnone\"><a href=\"https:\/\/www.neuperlach.org\/blog\/wp-content\/uploads\/2020\/04\/IMG_E3497.jpg\"><img loading=\"lazy\" decoding=\"async\" class=\"size-large wp-image-19750\" src=\"https:\/\/www.neuperlach.org\/blog\/wp-content\/uploads\/2020\/04\/IMG_E3497-1024x571.jpg\" alt=\"Grundschule am Strehleranger\" width=\"580\" height=\"323\" srcset=\"https:\/\/www.neuperlach.org\/blog\/wp-content\/uploads\/2020\/04\/IMG_E3497-1024x571.jpg 1024w, https:\/\/www.neuperlach.org\/blog\/wp-content\/uploads\/2020\/04\/IMG_E3497-300x167.jpg 300w, https:\/\/www.neuperlach.org\/blog\/wp-content\/uploads\/2020\/04\/IMG_E3497-768x428.jpg 768w, https:\/\/www.neuperlach.org\/blog\/wp-content\/uploads\/2020\/04\/IMG_E3497-1536x857.jpg 1536w, https:\/\/www.neuperlach.org\/blog\/wp-content\/uploads\/2020\/04\/IMG_E3497-2048x1142.jpg 2048w, https:\/\/www.neuperlach.org\/blog\/wp-content\/uploads\/2020\/04\/IMG_E3497-1200x669.jpg 1200w, https:\/\/www.neuperlach.org\/blog\/wp-content\/uploads\/2020\/04\/IMG_E3497-1980x1104.jpg 1980w\" sizes=\"auto, (max-width: 580px) 100vw, 580px\" \/><\/a><figcaption id=\"caption-attachment-19750\" class=\"wp-caption-text\">Grundschule am Strehleranger (04.03.2023). Foto: Georg und Marcus Pantel<\/figcaption><\/figure>\n<h3>Wer wird denn gleich in die Luft gehen?<\/h3>\n<figure id=\"attachment_20040\" aria-describedby=\"caption-attachment-20040\" style=\"width: 580px\" class=\"wp-caption alignnone\"><a href=\"https:\/\/www.neuperlach.org\/blog\/wp-content\/uploads\/2023\/05\/DJI_0615-Bearbeitet.jpg\"><img loading=\"lazy\" decoding=\"async\" class=\"size-large wp-image-20040\" src=\"https:\/\/www.neuperlach.org\/blog\/wp-content\/uploads\/2023\/05\/DJI_0615-Bearbeitet-1024x683.jpg\" alt=\"Grundschule am Strehleranger \u2013 Drohnenaufnahme\" width=\"580\" height=\"387\" srcset=\"https:\/\/www.neuperlach.org\/blog\/wp-content\/uploads\/2023\/05\/DJI_0615-Bearbeitet-1024x683.jpg 1024w, https:\/\/www.neuperlach.org\/blog\/wp-content\/uploads\/2023\/05\/DJI_0615-Bearbeitet-300x200.jpg 300w, https:\/\/www.neuperlach.org\/blog\/wp-content\/uploads\/2023\/05\/DJI_0615-Bearbeitet-768x512.jpg 768w, https:\/\/www.neuperlach.org\/blog\/wp-content\/uploads\/2023\/05\/DJI_0615-Bearbeitet-1536x1024.jpg 1536w, https:\/\/www.neuperlach.org\/blog\/wp-content\/uploads\/2023\/05\/DJI_0615-Bearbeitet-2048x1366.jpg 2048w, https:\/\/www.neuperlach.org\/blog\/wp-content\/uploads\/2023\/05\/DJI_0615-Bearbeitet-1200x800.jpg 1200w, https:\/\/www.neuperlach.org\/blog\/wp-content\/uploads\/2023\/05\/DJI_0615-Bearbeitet-1980x1320.jpg 1980w\" sizes=\"auto, (max-width: 580px) 100vw, 580px\" \/><\/a><figcaption id=\"caption-attachment-20040\" class=\"wp-caption-text\">Grundschule am Strehleranger (05.04.2023). Mit freundlicher Genehmigung des Baureferats der Stadt M\u00fcnchen<\/figcaption><\/figure>\n<p>Das Ausma\u00df einer Baustelle und eines Geb\u00e4udes wird oft nur aus der Luft klar. Es lassen sich auch viele Details sehen, die den &#8222;Erdb\u00fcrgern&#8220; verbogen bleiben, etwa der Dachbereich oder Au\u00dfenanlagen hinter Mauern. Auch ist vieles generell nicht vom \u00f6ffentlichen aus Raum sichtbar und kann daher nicht im Rahmen der Panoramafreiheit gezeigt werden.<\/p>\n<p><a href=\"https:\/\/www.neuperlach.org\/blog\/?p=15536\">Bei dem bemerkenswerten, imposanten Bauprojekt der neuen Grundschule am Strehleranger will neuperlach.org den Lesern &#8222;mehr&#8220; zeigen.<\/a><\/p>\n<p>Herr Georg Pantel, der die Baustelle von Anfang an fotografisch begleitet, hat dankenswerterweise eine Genehmigung erhalten, die von der Bau\u00fcberwachung im April 2023 angefertigten Drohnenaufnahmen hier zu zeigen.<\/p>\n<h6>Zu den Aufnahmen<\/h6>\n<p>Die Bauk\u00f6rper des neuen Schulgeb\u00e4udes am Strehleranger sind am Luftbild sehr sch\u00f6n zu erkennen. Die Mittelschule befindet sich im S\u00fcden des Grundst\u00fccks, die Grundschule im n\u00f6rdlichen Teil und dazwischenliegend die Sporthalle mit der dar\u00fcberliegenden Mensa.<\/p>\n<p>Der Innenausbau l\u00e4uft auf Hochtouren, damit der Schulbetrieb zum Schuljahresbeginn im September 2023 aufgenommen werden kann.<\/p>\n<p>Die Aufnahmen werden mit freundlicher Genehmigung des Baureferats der Stadt M\u00fcnchen gezeigt.<\/p>\n<figure id=\"attachment_20047\" aria-describedby=\"caption-attachment-20047\" style=\"width: 580px\" class=\"wp-caption alignnone\"><a href=\"https:\/\/www.neuperlach.org\/blog\/wp-content\/uploads\/2023\/05\/DJI_0615-Bearbeitet-2.jpg\"><img loading=\"lazy\" decoding=\"async\" class=\"size-large wp-image-20047\" src=\"https:\/\/www.neuperlach.org\/blog\/wp-content\/uploads\/2023\/05\/DJI_0615-Bearbeitet-2-1024x590.jpg\" alt=\"Grundschule am Strehleranger \u2013 Drohnenaufnahme\" width=\"580\" height=\"334\" srcset=\"https:\/\/www.neuperlach.org\/blog\/wp-content\/uploads\/2023\/05\/DJI_0615-Bearbeitet-2-1024x590.jpg 1024w, https:\/\/www.neuperlach.org\/blog\/wp-content\/uploads\/2023\/05\/DJI_0615-Bearbeitet-2-300x173.jpg 300w, https:\/\/www.neuperlach.org\/blog\/wp-content\/uploads\/2023\/05\/DJI_0615-Bearbeitet-2-768x443.jpg 768w, https:\/\/www.neuperlach.org\/blog\/wp-content\/uploads\/2023\/05\/DJI_0615-Bearbeitet-2-1536x885.jpg 1536w, https:\/\/www.neuperlach.org\/blog\/wp-content\/uploads\/2023\/05\/DJI_0615-Bearbeitet-2-2048x1180.jpg 2048w, https:\/\/www.neuperlach.org\/blog\/wp-content\/uploads\/2023\/05\/DJI_0615-Bearbeitet-2-1200x691.jpg 1200w, https:\/\/www.neuperlach.org\/blog\/wp-content\/uploads\/2023\/05\/DJI_0615-Bearbeitet-2-1980x1141.jpg 1980w\" sizes=\"auto, (max-width: 580px) 100vw, 580px\" \/><\/a><figcaption id=\"caption-attachment-20047\" class=\"wp-caption-text\">Grundschule am Strehleranger (05.04.2023). Mit freundlicher Genehmigung des Baureferats der Stadt M\u00fcnchen<\/figcaption><\/figure>\n<figure id=\"attachment_20048\" aria-describedby=\"caption-attachment-20048\" style=\"width: 580px\" class=\"wp-caption alignnone\"><a href=\"https:\/\/www.neuperlach.org\/blog\/wp-content\/uploads\/2023\/05\/DJI_0615-Bearbeitet-3.jpg\"><img loading=\"lazy\" decoding=\"async\" class=\"size-large wp-image-20048\" src=\"https:\/\/www.neuperlach.org\/blog\/wp-content\/uploads\/2023\/05\/DJI_0615-Bearbeitet-3-1024x375.jpg\" alt=\"Grundschule am Strehleranger \u2013 Drohnenaufnahme\" width=\"580\" height=\"212\" srcset=\"https:\/\/www.neuperlach.org\/blog\/wp-content\/uploads\/2023\/05\/DJI_0615-Bearbeitet-3-1024x375.jpg 1024w, https:\/\/www.neuperlach.org\/blog\/wp-content\/uploads\/2023\/05\/DJI_0615-Bearbeitet-3-300x110.jpg 300w, https:\/\/www.neuperlach.org\/blog\/wp-content\/uploads\/2023\/05\/DJI_0615-Bearbeitet-3-768x281.jpg 768w, https:\/\/www.neuperlach.org\/blog\/wp-content\/uploads\/2023\/05\/DJI_0615-Bearbeitet-3-1536x563.jpg 1536w, https:\/\/www.neuperlach.org\/blog\/wp-content\/uploads\/2023\/05\/DJI_0615-Bearbeitet-3-2048x750.jpg 2048w, https:\/\/www.neuperlach.org\/blog\/wp-content\/uploads\/2023\/05\/DJI_0615-Bearbeitet-3-1200x440.jpg 1200w, https:\/\/www.neuperlach.org\/blog\/wp-content\/uploads\/2023\/05\/DJI_0615-Bearbeitet-3-1980x725.jpg 1980w\" sizes=\"auto, (max-width: 580px) 100vw, 580px\" \/><\/a><figcaption id=\"caption-attachment-20048\" class=\"wp-caption-text\">Grundschule am Strehleranger (05.04.2023). Mit freundlicher Genehmigung des Baureferats der Stadt M\u00fcnchen<\/figcaption><\/figure>\n<figure id=\"attachment_20041\" aria-describedby=\"caption-attachment-20041\" style=\"width: 580px\" class=\"wp-caption alignnone\"><a href=\"https:\/\/www.neuperlach.org\/blog\/wp-content\/uploads\/2023\/05\/DJI_0620-Bearbeitet.jpg\"><img loading=\"lazy\" decoding=\"async\" class=\"size-large wp-image-20041\" src=\"https:\/\/www.neuperlach.org\/blog\/wp-content\/uploads\/2023\/05\/DJI_0620-Bearbeitet-1024x683.jpg\" alt=\"Grundschule am Strehleranger \u2013 Drohnenaufnahme\" width=\"580\" height=\"387\" srcset=\"https:\/\/www.neuperlach.org\/blog\/wp-content\/uploads\/2023\/05\/DJI_0620-Bearbeitet-1024x683.jpg 1024w, https:\/\/www.neuperlach.org\/blog\/wp-content\/uploads\/2023\/05\/DJI_0620-Bearbeitet-300x200.jpg 300w, https:\/\/www.neuperlach.org\/blog\/wp-content\/uploads\/2023\/05\/DJI_0620-Bearbeitet-768x512.jpg 768w, https:\/\/www.neuperlach.org\/blog\/wp-content\/uploads\/2023\/05\/DJI_0620-Bearbeitet-1536x1024.jpg 1536w, https:\/\/www.neuperlach.org\/blog\/wp-content\/uploads\/2023\/05\/DJI_0620-Bearbeitet-2048x1366.jpg 2048w, https:\/\/www.neuperlach.org\/blog\/wp-content\/uploads\/2023\/05\/DJI_0620-Bearbeitet-1200x800.jpg 1200w, https:\/\/www.neuperlach.org\/blog\/wp-content\/uploads\/2023\/05\/DJI_0620-Bearbeitet-1980x1320.jpg 1980w\" sizes=\"auto, (max-width: 580px) 100vw, 580px\" \/><\/a><figcaption id=\"caption-attachment-20041\" class=\"wp-caption-text\">Grundschule am Strehleranger (05.04.2023). Mit freundlicher Genehmigung des Baureferats der Stadt M\u00fcnchen<\/figcaption><\/figure>\n<figure id=\"attachment_20045\" aria-describedby=\"caption-attachment-20045\" style=\"width: 580px\" class=\"wp-caption alignnone\"><a href=\"https:\/\/www.neuperlach.org\/blog\/wp-content\/uploads\/2023\/05\/DJI_0620-Bearbeitet-2.jpg\"><img loading=\"lazy\" decoding=\"async\" class=\"size-large wp-image-20045\" src=\"https:\/\/www.neuperlach.org\/blog\/wp-content\/uploads\/2023\/05\/DJI_0620-Bearbeitet-2-1024x884.jpg\" alt=\"Grundschule am Strehleranger \u2013 Drohnenaufnahme\" width=\"580\" height=\"501\" srcset=\"https:\/\/www.neuperlach.org\/blog\/wp-content\/uploads\/2023\/05\/DJI_0620-Bearbeitet-2-1024x884.jpg 1024w, https:\/\/www.neuperlach.org\/blog\/wp-content\/uploads\/2023\/05\/DJI_0620-Bearbeitet-2-300x259.jpg 300w, https:\/\/www.neuperlach.org\/blog\/wp-content\/uploads\/2023\/05\/DJI_0620-Bearbeitet-2-768x663.jpg 768w, https:\/\/www.neuperlach.org\/blog\/wp-content\/uploads\/2023\/05\/DJI_0620-Bearbeitet-2-1536x1327.jpg 1536w, https:\/\/www.neuperlach.org\/blog\/wp-content\/uploads\/2023\/05\/DJI_0620-Bearbeitet-2-2048x1769.jpg 2048w, https:\/\/www.neuperlach.org\/blog\/wp-content\/uploads\/2023\/05\/DJI_0620-Bearbeitet-2-1200x1036.jpg 1200w, https:\/\/www.neuperlach.org\/blog\/wp-content\/uploads\/2023\/05\/DJI_0620-Bearbeitet-2-1980x1710.jpg 1980w\" sizes=\"auto, (max-width: 580px) 100vw, 580px\" \/><\/a><figcaption id=\"caption-attachment-20045\" class=\"wp-caption-text\">Grundschule am Strehleranger (05.04.2023). Mit freundlicher Genehmigung des Baureferats der Stadt M\u00fcnchen<\/figcaption><\/figure>\n<figure id=\"attachment_20046\" aria-describedby=\"caption-attachment-20046\" style=\"width: 580px\" class=\"wp-caption alignnone\"><a href=\"https:\/\/www.neuperlach.org\/blog\/wp-content\/uploads\/2023\/05\/DJI_0620-Bearbeitet-3.jpg\"><img loading=\"lazy\" decoding=\"async\" class=\"size-large wp-image-20046\" src=\"https:\/\/www.neuperlach.org\/blog\/wp-content\/uploads\/2023\/05\/DJI_0620-Bearbeitet-3-1024x823.jpg\" alt=\"Grundschule am Strehleranger \u2013 Drohnenaufnahme\" width=\"580\" height=\"466\" srcset=\"https:\/\/www.neuperlach.org\/blog\/wp-content\/uploads\/2023\/05\/DJI_0620-Bearbeitet-3-1024x823.jpg 1024w, https:\/\/www.neuperlach.org\/blog\/wp-content\/uploads\/2023\/05\/DJI_0620-Bearbeitet-3-300x241.jpg 300w, https:\/\/www.neuperlach.org\/blog\/wp-content\/uploads\/2023\/05\/DJI_0620-Bearbeitet-3-768x617.jpg 768w, https:\/\/www.neuperlach.org\/blog\/wp-content\/uploads\/2023\/05\/DJI_0620-Bearbeitet-3-1536x1235.jpg 1536w, https:\/\/www.neuperlach.org\/blog\/wp-content\/uploads\/2023\/05\/DJI_0620-Bearbeitet-3-2048x1646.jpg 2048w, https:\/\/www.neuperlach.org\/blog\/wp-content\/uploads\/2023\/05\/DJI_0620-Bearbeitet-3-1200x965.jpg 1200w, https:\/\/www.neuperlach.org\/blog\/wp-content\/uploads\/2023\/05\/DJI_0620-Bearbeitet-3-1980x1592.jpg 1980w\" sizes=\"auto, (max-width: 580px) 100vw, 580px\" \/><\/a><figcaption id=\"caption-attachment-20046\" class=\"wp-caption-text\">Grundschule am Strehleranger (05.04.2023). Mit freundlicher Genehmigung des Baureferats der Stadt M\u00fcnchen<\/figcaption><\/figure>\n<figure id=\"attachment_20042\" aria-describedby=\"caption-attachment-20042\" style=\"width: 580px\" class=\"wp-caption alignnone\"><a href=\"https:\/\/www.neuperlach.org\/blog\/wp-content\/uploads\/2023\/05\/DJI_0623-Bearbeitet.jpg\"><img loading=\"lazy\" decoding=\"async\" class=\"size-large wp-image-20042\" src=\"https:\/\/www.neuperlach.org\/blog\/wp-content\/uploads\/2023\/05\/DJI_0623-Bearbeitet-1024x683.jpg\" alt=\"Grundschule am Strehleranger \u2013 Drohnenaufnahme\" width=\"580\" height=\"387\" srcset=\"https:\/\/www.neuperlach.org\/blog\/wp-content\/uploads\/2023\/05\/DJI_0623-Bearbeitet-1024x683.jpg 1024w, https:\/\/www.neuperlach.org\/blog\/wp-content\/uploads\/2023\/05\/DJI_0623-Bearbeitet-300x200.jpg 300w, https:\/\/www.neuperlach.org\/blog\/wp-content\/uploads\/2023\/05\/DJI_0623-Bearbeitet-768x512.jpg 768w, https:\/\/www.neuperlach.org\/blog\/wp-content\/uploads\/2023\/05\/DJI_0623-Bearbeitet-1536x1024.jpg 1536w, https:\/\/www.neuperlach.org\/blog\/wp-content\/uploads\/2023\/05\/DJI_0623-Bearbeitet-2048x1366.jpg 2048w, https:\/\/www.neuperlach.org\/blog\/wp-content\/uploads\/2023\/05\/DJI_0623-Bearbeitet-1200x800.jpg 1200w, https:\/\/www.neuperlach.org\/blog\/wp-content\/uploads\/2023\/05\/DJI_0623-Bearbeitet-1980x1320.jpg 1980w\" sizes=\"auto, (max-width: 580px) 100vw, 580px\" \/><\/a><figcaption id=\"caption-attachment-20042\" class=\"wp-caption-text\">Grundschule am Strehleranger (05.04.2023). Mit freundlicher Genehmigung des Baureferats der Stadt M\u00fcnchen<\/figcaption><\/figure>\n<figure id=\"attachment_20043\" aria-describedby=\"caption-attachment-20043\" style=\"width: 580px\" class=\"wp-caption alignnone\"><a href=\"https:\/\/www.neuperlach.org\/blog\/wp-content\/uploads\/2023\/05\/DJI_0623-Bearbeitet-2.jpg\"><img loading=\"lazy\" decoding=\"async\" class=\"size-large wp-image-20043\" src=\"https:\/\/www.neuperlach.org\/blog\/wp-content\/uploads\/2023\/05\/DJI_0623-Bearbeitet-2-1024x658.jpg\" alt=\"Grundschule am Strehleranger \u2013 Drohnenaufnahme\" width=\"580\" height=\"373\" srcset=\"https:\/\/www.neuperlach.org\/blog\/wp-content\/uploads\/2023\/05\/DJI_0623-Bearbeitet-2-1024x658.jpg 1024w, https:\/\/www.neuperlach.org\/blog\/wp-content\/uploads\/2023\/05\/DJI_0623-Bearbeitet-2-300x193.jpg 300w, https:\/\/www.neuperlach.org\/blog\/wp-content\/uploads\/2023\/05\/DJI_0623-Bearbeitet-2-768x494.jpg 768w, https:\/\/www.neuperlach.org\/blog\/wp-content\/uploads\/2023\/05\/DJI_0623-Bearbeitet-2-1536x988.jpg 1536w, https:\/\/www.neuperlach.org\/blog\/wp-content\/uploads\/2023\/05\/DJI_0623-Bearbeitet-2-2048x1317.jpg 2048w, https:\/\/www.neuperlach.org\/blog\/wp-content\/uploads\/2023\/05\/DJI_0623-Bearbeitet-2-1200x772.jpg 1200w, https:\/\/www.neuperlach.org\/blog\/wp-content\/uploads\/2023\/05\/DJI_0623-Bearbeitet-2-1980x1273.jpg 1980w\" sizes=\"auto, (max-width: 580px) 100vw, 580px\" \/><\/a><figcaption id=\"caption-attachment-20043\" class=\"wp-caption-text\">Grundschule am Strehleranger (05.04.2023). Mit freundlicher Genehmigung des Baureferats der Stadt M\u00fcnchen<\/figcaption><\/figure>\n<figure id=\"attachment_20044\" aria-describedby=\"caption-attachment-20044\" style=\"width: 580px\" class=\"wp-caption alignnone\"><a href=\"https:\/\/www.neuperlach.org\/blog\/wp-content\/uploads\/2023\/05\/DJI_0623-Bearbeitet-3.jpg\"><img loading=\"lazy\" decoding=\"async\" class=\"size-large wp-image-20044\" src=\"https:\/\/www.neuperlach.org\/blog\/wp-content\/uploads\/2023\/05\/DJI_0623-Bearbeitet-3-1024x773.jpg\" alt=\"Grundschule am Strehleranger \u2013 Drohnenaufnahme\" width=\"580\" height=\"438\" srcset=\"https:\/\/www.neuperlach.org\/blog\/wp-content\/uploads\/2023\/05\/DJI_0623-Bearbeitet-3-1024x773.jpg 1024w, https:\/\/www.neuperlach.org\/blog\/wp-content\/uploads\/2023\/05\/DJI_0623-Bearbeitet-3-300x226.jpg 300w, https:\/\/www.neuperlach.org\/blog\/wp-content\/uploads\/2023\/05\/DJI_0623-Bearbeitet-3-768x580.jpg 768w, https:\/\/www.neuperlach.org\/blog\/wp-content\/uploads\/2023\/05\/DJI_0623-Bearbeitet-3-1536x1159.jpg 1536w, https:\/\/www.neuperlach.org\/blog\/wp-content\/uploads\/2023\/05\/DJI_0623-Bearbeitet-3-2048x1546.jpg 2048w, https:\/\/www.neuperlach.org\/blog\/wp-content\/uploads\/2023\/05\/DJI_0623-Bearbeitet-3-1200x906.jpg 1200w, https:\/\/www.neuperlach.org\/blog\/wp-content\/uploads\/2023\/05\/DJI_0623-Bearbeitet-3-1980x1494.jpg 1980w\" sizes=\"auto, (max-width: 580px) 100vw, 580px\" \/><\/a><figcaption id=\"caption-attachment-20044\" class=\"wp-caption-text\">Grundschule am Strehleranger (05.04.2023). Mit freundlicher Genehmigung des Baureferats der Stadt M\u00fcnchen<\/figcaption><\/figure>\n<h3>Stra\u00dfenbau<\/h3>\n<p>Das Schulgeb\u00e4ude ist fast fertig. Nun werden die umliegenden Stra\u00dfen erneuert, was noch einmal eine l\u00e4rmende Zumutung f\u00fcr die Anwohner darstellt. Aber es muss sein. Wie die Bilder zeigen, gibt man sich h\u00f6chste M\u00fche, dass die B\u00e4ume nicht besch\u00e4digt werden.<\/p>\n<h4>15.06.2023<\/h4>\n<figure id=\"attachment_20090\" aria-describedby=\"caption-attachment-20090\" style=\"width: 580px\" class=\"wp-caption alignnone\"><a href=\"https:\/\/www.neuperlach.org\/blog\/wp-content\/uploads\/2020\/04\/IMG_E3788.jpg\"><img loading=\"lazy\" decoding=\"async\" class=\"size-large wp-image-20090\" src=\"https:\/\/www.neuperlach.org\/blog\/wp-content\/uploads\/2020\/04\/IMG_E3788-1024x576.jpg\" alt=\"Grundschule am Strehleranger\" width=\"580\" height=\"326\" srcset=\"https:\/\/www.neuperlach.org\/blog\/wp-content\/uploads\/2020\/04\/IMG_E3788-1024x576.jpg 1024w, https:\/\/www.neuperlach.org\/blog\/wp-content\/uploads\/2020\/04\/IMG_E3788-300x169.jpg 300w, https:\/\/www.neuperlach.org\/blog\/wp-content\/uploads\/2020\/04\/IMG_E3788-768x432.jpg 768w, https:\/\/www.neuperlach.org\/blog\/wp-content\/uploads\/2020\/04\/IMG_E3788-1536x864.jpg 1536w, https:\/\/www.neuperlach.org\/blog\/wp-content\/uploads\/2020\/04\/IMG_E3788-2048x1152.jpg 2048w, https:\/\/www.neuperlach.org\/blog\/wp-content\/uploads\/2020\/04\/IMG_E3788-1200x675.jpg 1200w, https:\/\/www.neuperlach.org\/blog\/wp-content\/uploads\/2020\/04\/IMG_E3788-1980x1114.jpg 1980w\" sizes=\"auto, (max-width: 580px) 100vw, 580px\" \/><\/a><figcaption id=\"caption-attachment-20090\" class=\"wp-caption-text\">Grundschule am Strehleranger (15.06.2023). Foto: Georg und Marcus Pantel<\/figcaption><\/figure>\n<figure id=\"attachment_20089\" aria-describedby=\"caption-attachment-20089\" style=\"width: 580px\" class=\"wp-caption alignnone\"><a href=\"https:\/\/www.neuperlach.org\/blog\/wp-content\/uploads\/2020\/04\/IMG_3674.jpg\"><img loading=\"lazy\" decoding=\"async\" class=\"size-large wp-image-20089\" src=\"https:\/\/www.neuperlach.org\/blog\/wp-content\/uploads\/2020\/04\/IMG_3674-1024x576.jpg\" alt=\"Grundschule am Strehleranger\" width=\"580\" height=\"326\" srcset=\"https:\/\/www.neuperlach.org\/blog\/wp-content\/uploads\/2020\/04\/IMG_3674-1024x576.jpg 1024w, https:\/\/www.neuperlach.org\/blog\/wp-content\/uploads\/2020\/04\/IMG_3674-300x169.jpg 300w, https:\/\/www.neuperlach.org\/blog\/wp-content\/uploads\/2020\/04\/IMG_3674-768x432.jpg 768w, https:\/\/www.neuperlach.org\/blog\/wp-content\/uploads\/2020\/04\/IMG_3674-1536x864.jpg 1536w, https:\/\/www.neuperlach.org\/blog\/wp-content\/uploads\/2020\/04\/IMG_3674-2048x1152.jpg 2048w, https:\/\/www.neuperlach.org\/blog\/wp-content\/uploads\/2020\/04\/IMG_3674-1200x675.jpg 1200w, https:\/\/www.neuperlach.org\/blog\/wp-content\/uploads\/2020\/04\/IMG_3674-1980x1114.jpg 1980w\" sizes=\"auto, (max-width: 580px) 100vw, 580px\" \/><\/a><figcaption id=\"caption-attachment-20089\" class=\"wp-caption-text\">Grundschule am Strehleranger (15.06.2023). Foto: Georg und Marcus Pantel<\/figcaption><\/figure>\n<figure id=\"attachment_20088\" aria-describedby=\"caption-attachment-20088\" style=\"width: 580px\" class=\"wp-caption alignnone\"><a href=\"https:\/\/www.neuperlach.org\/blog\/wp-content\/uploads\/2020\/04\/IMG_E3793.jpg\"><img loading=\"lazy\" decoding=\"async\" class=\"size-large wp-image-20088\" src=\"https:\/\/www.neuperlach.org\/blog\/wp-content\/uploads\/2020\/04\/IMG_E3793-1024x576.jpg\" alt=\"Grundschule am Strehleranger\" width=\"580\" height=\"326\" srcset=\"https:\/\/www.neuperlach.org\/blog\/wp-content\/uploads\/2020\/04\/IMG_E3793-1024x576.jpg 1024w, https:\/\/www.neuperlach.org\/blog\/wp-content\/uploads\/2020\/04\/IMG_E3793-300x169.jpg 300w, https:\/\/www.neuperlach.org\/blog\/wp-content\/uploads\/2020\/04\/IMG_E3793-768x432.jpg 768w, https:\/\/www.neuperlach.org\/blog\/wp-content\/uploads\/2020\/04\/IMG_E3793-1536x864.jpg 1536w, https:\/\/www.neuperlach.org\/blog\/wp-content\/uploads\/2020\/04\/IMG_E3793-2048x1152.jpg 2048w, https:\/\/www.neuperlach.org\/blog\/wp-content\/uploads\/2020\/04\/IMG_E3793-1200x675.jpg 1200w, https:\/\/www.neuperlach.org\/blog\/wp-content\/uploads\/2020\/04\/IMG_E3793-1980x1114.jpg 1980w\" sizes=\"auto, (max-width: 580px) 100vw, 580px\" \/><\/a><figcaption id=\"caption-attachment-20088\" class=\"wp-caption-text\">Grundschule am Strehleranger (15.06.2023). Foto: Georg und Marcus Pantel<\/figcaption><\/figure>\n<figure id=\"attachment_20086\" aria-describedby=\"caption-attachment-20086\" style=\"width: 576px\" class=\"wp-caption alignnone\"><a href=\"https:\/\/www.neuperlach.org\/blog\/wp-content\/uploads\/2020\/04\/IMG_E3794.jpg\"><img loading=\"lazy\" decoding=\"async\" class=\"size-large wp-image-20086\" src=\"https:\/\/www.neuperlach.org\/blog\/wp-content\/uploads\/2020\/04\/IMG_E3794-576x1024.jpg\" alt=\"Grundschule am Strehleranger\" width=\"576\" height=\"1024\" srcset=\"https:\/\/www.neuperlach.org\/blog\/wp-content\/uploads\/2020\/04\/IMG_E3794-576x1024.jpg 576w, https:\/\/www.neuperlach.org\/blog\/wp-content\/uploads\/2020\/04\/IMG_E3794-169x300.jpg 169w, https:\/\/www.neuperlach.org\/blog\/wp-content\/uploads\/2020\/04\/IMG_E3794-768x1365.jpg 768w, https:\/\/www.neuperlach.org\/blog\/wp-content\/uploads\/2020\/04\/IMG_E3794-864x1536.jpg 864w, https:\/\/www.neuperlach.org\/blog\/wp-content\/uploads\/2020\/04\/IMG_E3794-1152x2048.jpg 1152w, https:\/\/www.neuperlach.org\/blog\/wp-content\/uploads\/2020\/04\/IMG_E3794-1200x2133.jpg 1200w, https:\/\/www.neuperlach.org\/blog\/wp-content\/uploads\/2020\/04\/IMG_E3794.jpg 1440w\" sizes=\"auto, (max-width: 576px) 100vw, 576px\" \/><\/a><figcaption id=\"caption-attachment-20086\" class=\"wp-caption-text\">Grundschule am Strehleranger (15.06.2023). Foto: Georg und Marcus Pantel<\/figcaption><\/figure>\n<figure id=\"attachment_20087\" aria-describedby=\"caption-attachment-20087\" style=\"width: 576px\" class=\"wp-caption alignnone\"><a href=\"https:\/\/www.neuperlach.org\/blog\/wp-content\/uploads\/2020\/04\/IMG_E3795.jpg\"><img loading=\"lazy\" decoding=\"async\" class=\"size-large wp-image-20087\" src=\"https:\/\/www.neuperlach.org\/blog\/wp-content\/uploads\/2020\/04\/IMG_E3795-576x1024.jpg\" alt=\"Grundschule am Strehleranger\" width=\"576\" height=\"1024\" srcset=\"https:\/\/www.neuperlach.org\/blog\/wp-content\/uploads\/2020\/04\/IMG_E3795-576x1024.jpg 576w, https:\/\/www.neuperlach.org\/blog\/wp-content\/uploads\/2020\/04\/IMG_E3795-169x300.jpg 169w, https:\/\/www.neuperlach.org\/blog\/wp-content\/uploads\/2020\/04\/IMG_E3795-768x1365.jpg 768w, https:\/\/www.neuperlach.org\/blog\/wp-content\/uploads\/2020\/04\/IMG_E3795-864x1536.jpg 864w, https:\/\/www.neuperlach.org\/blog\/wp-content\/uploads\/2020\/04\/IMG_E3795-1152x2048.jpg 1152w, https:\/\/www.neuperlach.org\/blog\/wp-content\/uploads\/2020\/04\/IMG_E3795-1200x2133.jpg 1200w, https:\/\/www.neuperlach.org\/blog\/wp-content\/uploads\/2020\/04\/IMG_E3795.jpg 1440w\" sizes=\"auto, (max-width: 576px) 100vw, 576px\" \/><\/a><figcaption id=\"caption-attachment-20087\" class=\"wp-caption-text\">Grundschule am Strehleranger (15.06.2023). Foto: Georg und Marcus Pantel<\/figcaption><\/figure>\n<figure id=\"attachment_20084\" aria-describedby=\"caption-attachment-20084\" style=\"width: 576px\" class=\"wp-caption alignnone\"><a href=\"https:\/\/www.neuperlach.org\/blog\/wp-content\/uploads\/2020\/04\/IMG_E3796.jpg\"><img loading=\"lazy\" decoding=\"async\" class=\"size-large wp-image-20084\" src=\"https:\/\/www.neuperlach.org\/blog\/wp-content\/uploads\/2020\/04\/IMG_E3796-576x1024.jpg\" alt=\"Grundschule am Strehleranger\" width=\"576\" height=\"1024\" srcset=\"https:\/\/www.neuperlach.org\/blog\/wp-content\/uploads\/2020\/04\/IMG_E3796-576x1024.jpg 576w, https:\/\/www.neuperlach.org\/blog\/wp-content\/uploads\/2020\/04\/IMG_E3796-169x300.jpg 169w, https:\/\/www.neuperlach.org\/blog\/wp-content\/uploads\/2020\/04\/IMG_E3796-768x1365.jpg 768w, https:\/\/www.neuperlach.org\/blog\/wp-content\/uploads\/2020\/04\/IMG_E3796-864x1536.jpg 864w, https:\/\/www.neuperlach.org\/blog\/wp-content\/uploads\/2020\/04\/IMG_E3796-1152x2048.jpg 1152w, https:\/\/www.neuperlach.org\/blog\/wp-content\/uploads\/2020\/04\/IMG_E3796-1200x2133.jpg 1200w, https:\/\/www.neuperlach.org\/blog\/wp-content\/uploads\/2020\/04\/IMG_E3796.jpg 1440w\" sizes=\"auto, (max-width: 576px) 100vw, 576px\" \/><\/a><figcaption id=\"caption-attachment-20084\" class=\"wp-caption-text\">Grundschule am Strehleranger (15.06.2023). Foto: Georg und Marcus Pantel<\/figcaption><\/figure>\n<figure id=\"attachment_20085\" aria-describedby=\"caption-attachment-20085\" style=\"width: 576px\" class=\"wp-caption alignnone\"><a href=\"https:\/\/www.neuperlach.org\/blog\/wp-content\/uploads\/2020\/04\/IMG_E3797.jpg\"><img loading=\"lazy\" decoding=\"async\" class=\"size-large wp-image-20085\" src=\"https:\/\/www.neuperlach.org\/blog\/wp-content\/uploads\/2020\/04\/IMG_E3797-576x1024.jpg\" alt=\"Grundschule am Strehleranger\" width=\"576\" height=\"1024\" srcset=\"https:\/\/www.neuperlach.org\/blog\/wp-content\/uploads\/2020\/04\/IMG_E3797-576x1024.jpg 576w, https:\/\/www.neuperlach.org\/blog\/wp-content\/uploads\/2020\/04\/IMG_E3797-169x300.jpg 169w, https:\/\/www.neuperlach.org\/blog\/wp-content\/uploads\/2020\/04\/IMG_E3797-768x1365.jpg 768w, https:\/\/www.neuperlach.org\/blog\/wp-content\/uploads\/2020\/04\/IMG_E3797-864x1536.jpg 864w, https:\/\/www.neuperlach.org\/blog\/wp-content\/uploads\/2020\/04\/IMG_E3797-1152x2048.jpg 1152w, https:\/\/www.neuperlach.org\/blog\/wp-content\/uploads\/2020\/04\/IMG_E3797-1200x2133.jpg 1200w, https:\/\/www.neuperlach.org\/blog\/wp-content\/uploads\/2020\/04\/IMG_E3797.jpg 1440w\" sizes=\"auto, (max-width: 576px) 100vw, 576px\" \/><\/a><figcaption id=\"caption-attachment-20085\" class=\"wp-caption-text\">Grundschule am Strehleranger (15.06.2023). Foto: Georg und Marcus Pantel<\/figcaption><\/figure>\n<figure id=\"attachment_20083\" aria-describedby=\"caption-attachment-20083\" style=\"width: 576px\" class=\"wp-caption alignnone\"><a href=\"https:\/\/www.neuperlach.org\/blog\/wp-content\/uploads\/2020\/04\/IMG_E3798.jpg\"><img loading=\"lazy\" decoding=\"async\" class=\"size-large wp-image-20083\" src=\"https:\/\/www.neuperlach.org\/blog\/wp-content\/uploads\/2020\/04\/IMG_E3798-576x1024.jpg\" alt=\"Grundschule am Strehleranger\" width=\"576\" height=\"1024\" srcset=\"https:\/\/www.neuperlach.org\/blog\/wp-content\/uploads\/2020\/04\/IMG_E3798-576x1024.jpg 576w, https:\/\/www.neuperlach.org\/blog\/wp-content\/uploads\/2020\/04\/IMG_E3798-169x300.jpg 169w, https:\/\/www.neuperlach.org\/blog\/wp-content\/uploads\/2020\/04\/IMG_E3798-768x1365.jpg 768w, https:\/\/www.neuperlach.org\/blog\/wp-content\/uploads\/2020\/04\/IMG_E3798-864x1536.jpg 864w, https:\/\/www.neuperlach.org\/blog\/wp-content\/uploads\/2020\/04\/IMG_E3798-1152x2048.jpg 1152w, https:\/\/www.neuperlach.org\/blog\/wp-content\/uploads\/2020\/04\/IMG_E3798-1200x2133.jpg 1200w, https:\/\/www.neuperlach.org\/blog\/wp-content\/uploads\/2020\/04\/IMG_E3798.jpg 1440w\" sizes=\"auto, (max-width: 576px) 100vw, 576px\" \/><\/a><figcaption id=\"caption-attachment-20083\" class=\"wp-caption-text\">Grundschule am Strehleranger (15.06.2023). Foto: Georg und Marcus Pantel<\/figcaption><\/figure>\n<figure id=\"attachment_20080\" aria-describedby=\"caption-attachment-20080\" style=\"width: 580px\" class=\"wp-caption alignnone\"><a href=\"https:\/\/www.neuperlach.org\/blog\/wp-content\/uploads\/2020\/04\/IMG_E3800.jpg\"><img loading=\"lazy\" decoding=\"async\" class=\"size-large wp-image-20080\" src=\"https:\/\/www.neuperlach.org\/blog\/wp-content\/uploads\/2020\/04\/IMG_E3800-1024x576.jpg\" alt=\"Grundschule am Strehleranger\" width=\"580\" height=\"326\" srcset=\"https:\/\/www.neuperlach.org\/blog\/wp-content\/uploads\/2020\/04\/IMG_E3800-1024x576.jpg 1024w, https:\/\/www.neuperlach.org\/blog\/wp-content\/uploads\/2020\/04\/IMG_E3800-300x169.jpg 300w, https:\/\/www.neuperlach.org\/blog\/wp-content\/uploads\/2020\/04\/IMG_E3800-768x432.jpg 768w, https:\/\/www.neuperlach.org\/blog\/wp-content\/uploads\/2020\/04\/IMG_E3800-1536x864.jpg 1536w, https:\/\/www.neuperlach.org\/blog\/wp-content\/uploads\/2020\/04\/IMG_E3800-2048x1152.jpg 2048w, https:\/\/www.neuperlach.org\/blog\/wp-content\/uploads\/2020\/04\/IMG_E3800-1200x675.jpg 1200w, https:\/\/www.neuperlach.org\/blog\/wp-content\/uploads\/2020\/04\/IMG_E3800-1980x1114.jpg 1980w\" sizes=\"auto, (max-width: 580px) 100vw, 580px\" \/><\/a><figcaption id=\"caption-attachment-20080\" class=\"wp-caption-text\">Grundschule am Strehleranger (15.06.2023). Foto: Georg und Marcus Pantel<\/figcaption><\/figure>\n<figure id=\"attachment_20081\" aria-describedby=\"caption-attachment-20081\" style=\"width: 580px\" class=\"wp-caption alignnone\"><a href=\"https:\/\/www.neuperlach.org\/blog\/wp-content\/uploads\/2020\/04\/IMG_E3801.jpg\"><img loading=\"lazy\" decoding=\"async\" class=\"size-large wp-image-20081\" src=\"https:\/\/www.neuperlach.org\/blog\/wp-content\/uploads\/2020\/04\/IMG_E3801-1024x576.jpg\" alt=\"Grundschule am Strehleranger\" width=\"580\" height=\"326\" srcset=\"https:\/\/www.neuperlach.org\/blog\/wp-content\/uploads\/2020\/04\/IMG_E3801-1024x576.jpg 1024w, https:\/\/www.neuperlach.org\/blog\/wp-content\/uploads\/2020\/04\/IMG_E3801-300x169.jpg 300w, https:\/\/www.neuperlach.org\/blog\/wp-content\/uploads\/2020\/04\/IMG_E3801-768x432.jpg 768w, https:\/\/www.neuperlach.org\/blog\/wp-content\/uploads\/2020\/04\/IMG_E3801-1536x864.jpg 1536w, https:\/\/www.neuperlach.org\/blog\/wp-content\/uploads\/2020\/04\/IMG_E3801-2048x1152.jpg 2048w, https:\/\/www.neuperlach.org\/blog\/wp-content\/uploads\/2020\/04\/IMG_E3801-1200x675.jpg 1200w, https:\/\/www.neuperlach.org\/blog\/wp-content\/uploads\/2020\/04\/IMG_E3801-1980x1114.jpg 1980w\" sizes=\"auto, (max-width: 580px) 100vw, 580px\" \/><\/a><figcaption id=\"caption-attachment-20081\" class=\"wp-caption-text\">Grundschule am Strehleranger (15.06.2023). Foto: Georg und Marcus Pantel<\/figcaption><\/figure>\n<figure id=\"attachment_20082\" aria-describedby=\"caption-attachment-20082\" style=\"width: 580px\" class=\"wp-caption alignnone\"><a href=\"https:\/\/www.neuperlach.org\/blog\/wp-content\/uploads\/2020\/04\/IMG_E3802.jpg\"><img loading=\"lazy\" decoding=\"async\" class=\"size-large wp-image-20082\" src=\"https:\/\/www.neuperlach.org\/blog\/wp-content\/uploads\/2020\/04\/IMG_E3802-1024x576.jpg\" alt=\"Grundschule am Strehleranger\" width=\"580\" height=\"326\" srcset=\"https:\/\/www.neuperlach.org\/blog\/wp-content\/uploads\/2020\/04\/IMG_E3802-1024x576.jpg 1024w, https:\/\/www.neuperlach.org\/blog\/wp-content\/uploads\/2020\/04\/IMG_E3802-300x169.jpg 300w, https:\/\/www.neuperlach.org\/blog\/wp-content\/uploads\/2020\/04\/IMG_E3802-768x432.jpg 768w, https:\/\/www.neuperlach.org\/blog\/wp-content\/uploads\/2020\/04\/IMG_E3802-1536x864.jpg 1536w, https:\/\/www.neuperlach.org\/blog\/wp-content\/uploads\/2020\/04\/IMG_E3802-2048x1152.jpg 2048w, https:\/\/www.neuperlach.org\/blog\/wp-content\/uploads\/2020\/04\/IMG_E3802-1200x675.jpg 1200w, https:\/\/www.neuperlach.org\/blog\/wp-content\/uploads\/2020\/04\/IMG_E3802-1980x1114.jpg 1980w\" sizes=\"auto, (max-width: 580px) 100vw, 580px\" \/><\/a><figcaption id=\"caption-attachment-20082\" class=\"wp-caption-text\">Grundschule am Strehleranger (15.06.2023). Foto: Georg und Marcus Pantel<\/figcaption><\/figure>\n<figure id=\"attachment_20078\" aria-describedby=\"caption-attachment-20078\" style=\"width: 580px\" class=\"wp-caption alignnone\"><a href=\"https:\/\/www.neuperlach.org\/blog\/wp-content\/uploads\/2020\/04\/IMG_E3803.jpg\"><img loading=\"lazy\" decoding=\"async\" class=\"size-large wp-image-20078\" src=\"https:\/\/www.neuperlach.org\/blog\/wp-content\/uploads\/2020\/04\/IMG_E3803-1024x576.jpg\" alt=\"Grundschule am Strehleranger\" width=\"580\" height=\"326\" srcset=\"https:\/\/www.neuperlach.org\/blog\/wp-content\/uploads\/2020\/04\/IMG_E3803-1024x576.jpg 1024w, https:\/\/www.neuperlach.org\/blog\/wp-content\/uploads\/2020\/04\/IMG_E3803-300x169.jpg 300w, https:\/\/www.neuperlach.org\/blog\/wp-content\/uploads\/2020\/04\/IMG_E3803-768x432.jpg 768w, https:\/\/www.neuperlach.org\/blog\/wp-content\/uploads\/2020\/04\/IMG_E3803-1536x864.jpg 1536w, https:\/\/www.neuperlach.org\/blog\/wp-content\/uploads\/2020\/04\/IMG_E3803-2048x1152.jpg 2048w, https:\/\/www.neuperlach.org\/blog\/wp-content\/uploads\/2020\/04\/IMG_E3803-1200x675.jpg 1200w, https:\/\/www.neuperlach.org\/blog\/wp-content\/uploads\/2020\/04\/IMG_E3803-1980x1114.jpg 1980w\" sizes=\"auto, (max-width: 580px) 100vw, 580px\" \/><\/a><figcaption id=\"caption-attachment-20078\" class=\"wp-caption-text\">Grundschule am Strehleranger (15.06.2023). Foto: Georg und Marcus Pantel<\/figcaption><\/figure>\n<figure id=\"attachment_20079\" aria-describedby=\"caption-attachment-20079\" style=\"width: 580px\" class=\"wp-caption alignnone\"><a href=\"https:\/\/www.neuperlach.org\/blog\/wp-content\/uploads\/2020\/04\/IMG_E3804.jpg\"><img loading=\"lazy\" decoding=\"async\" class=\"size-large wp-image-20079\" src=\"https:\/\/www.neuperlach.org\/blog\/wp-content\/uploads\/2020\/04\/IMG_E3804-1024x576.jpg\" alt=\"Grundschule am Strehleranger\" width=\"580\" height=\"326\" srcset=\"https:\/\/www.neuperlach.org\/blog\/wp-content\/uploads\/2020\/04\/IMG_E3804-1024x576.jpg 1024w, https:\/\/www.neuperlach.org\/blog\/wp-content\/uploads\/2020\/04\/IMG_E3804-300x169.jpg 300w, https:\/\/www.neuperlach.org\/blog\/wp-content\/uploads\/2020\/04\/IMG_E3804-768x432.jpg 768w, https:\/\/www.neuperlach.org\/blog\/wp-content\/uploads\/2020\/04\/IMG_E3804-1536x864.jpg 1536w, https:\/\/www.neuperlach.org\/blog\/wp-content\/uploads\/2020\/04\/IMG_E3804-2048x1152.jpg 2048w, https:\/\/www.neuperlach.org\/blog\/wp-content\/uploads\/2020\/04\/IMG_E3804-1200x675.jpg 1200w, https:\/\/www.neuperlach.org\/blog\/wp-content\/uploads\/2020\/04\/IMG_E3804-1980x1114.jpg 1980w\" sizes=\"auto, (max-width: 580px) 100vw, 580px\" \/><\/a><figcaption id=\"caption-attachment-20079\" class=\"wp-caption-text\">Grundschule am Strehleranger (15.06.2023). Foto: Georg und Marcus Pantel<\/figcaption><\/figure>\n<figure id=\"attachment_20077\" aria-describedby=\"caption-attachment-20077\" style=\"width: 580px\" class=\"wp-caption alignnone\"><a href=\"https:\/\/www.neuperlach.org\/blog\/wp-content\/uploads\/2020\/04\/IMG_E3805.jpg\"><img loading=\"lazy\" decoding=\"async\" class=\"size-large wp-image-20077\" src=\"https:\/\/www.neuperlach.org\/blog\/wp-content\/uploads\/2020\/04\/IMG_E3805-1024x576.jpg\" alt=\"Grundschule am Strehleranger\" width=\"580\" height=\"326\" srcset=\"https:\/\/www.neuperlach.org\/blog\/wp-content\/uploads\/2020\/04\/IMG_E3805-1024x576.jpg 1024w, https:\/\/www.neuperlach.org\/blog\/wp-content\/uploads\/2020\/04\/IMG_E3805-300x169.jpg 300w, https:\/\/www.neuperlach.org\/blog\/wp-content\/uploads\/2020\/04\/IMG_E3805-768x432.jpg 768w, https:\/\/www.neuperlach.org\/blog\/wp-content\/uploads\/2020\/04\/IMG_E3805-1536x864.jpg 1536w, https:\/\/www.neuperlach.org\/blog\/wp-content\/uploads\/2020\/04\/IMG_E3805-2048x1152.jpg 2048w, https:\/\/www.neuperlach.org\/blog\/wp-content\/uploads\/2020\/04\/IMG_E3805-1200x675.jpg 1200w, https:\/\/www.neuperlach.org\/blog\/wp-content\/uploads\/2020\/04\/IMG_E3805-1980x1114.jpg 1980w\" sizes=\"auto, (max-width: 580px) 100vw, 580px\" \/><\/a><figcaption id=\"caption-attachment-20077\" class=\"wp-caption-text\">Grundschule am Strehleranger (15.06.2023). Foto: Georg und Marcus Pantel<\/figcaption><\/figure>\n<h4>27.06.2023<\/h4>\n<figure id=\"attachment_20095\" aria-describedby=\"caption-attachment-20095\" style=\"width: 580px\" class=\"wp-caption alignnone\"><a href=\"https:\/\/www.neuperlach.org\/blog\/wp-content\/uploads\/2020\/04\/IMG_E3822.jpg\"><img loading=\"lazy\" decoding=\"async\" class=\"size-large wp-image-20095\" src=\"https:\/\/www.neuperlach.org\/blog\/wp-content\/uploads\/2020\/04\/IMG_E3822-1024x576.jpg\" alt=\"Grundschule am Strehleranger\" width=\"580\" height=\"326\" srcset=\"https:\/\/www.neuperlach.org\/blog\/wp-content\/uploads\/2020\/04\/IMG_E3822-1024x576.jpg 1024w, https:\/\/www.neuperlach.org\/blog\/wp-content\/uploads\/2020\/04\/IMG_E3822-300x169.jpg 300w, https:\/\/www.neuperlach.org\/blog\/wp-content\/uploads\/2020\/04\/IMG_E3822-768x432.jpg 768w, https:\/\/www.neuperlach.org\/blog\/wp-content\/uploads\/2020\/04\/IMG_E3822-1536x864.jpg 1536w, https:\/\/www.neuperlach.org\/blog\/wp-content\/uploads\/2020\/04\/IMG_E3822-2048x1152.jpg 2048w, https:\/\/www.neuperlach.org\/blog\/wp-content\/uploads\/2020\/04\/IMG_E3822-1200x675.jpg 1200w, https:\/\/www.neuperlach.org\/blog\/wp-content\/uploads\/2020\/04\/IMG_E3822-1980x1114.jpg 1980w\" sizes=\"auto, (max-width: 580px) 100vw, 580px\" \/><\/a><figcaption id=\"caption-attachment-20095\" class=\"wp-caption-text\">Grundschule am Strehleranger (27.06.2023). Foto: Georg und Marcus Pantel<\/figcaption><\/figure>\n<figure id=\"attachment_20096\" aria-describedby=\"caption-attachment-20096\" style=\"width: 580px\" class=\"wp-caption alignnone\"><a href=\"https:\/\/www.neuperlach.org\/blog\/wp-content\/uploads\/2020\/04\/IMG_E3823.jpg\"><img loading=\"lazy\" decoding=\"async\" class=\"size-large wp-image-20096\" src=\"https:\/\/www.neuperlach.org\/blog\/wp-content\/uploads\/2020\/04\/IMG_E3823-1024x576.jpg\" alt=\"Grundschule am Strehleranger\" width=\"580\" height=\"326\" srcset=\"https:\/\/www.neuperlach.org\/blog\/wp-content\/uploads\/2020\/04\/IMG_E3823-1024x576.jpg 1024w, https:\/\/www.neuperlach.org\/blog\/wp-content\/uploads\/2020\/04\/IMG_E3823-300x169.jpg 300w, https:\/\/www.neuperlach.org\/blog\/wp-content\/uploads\/2020\/04\/IMG_E3823-768x432.jpg 768w, https:\/\/www.neuperlach.org\/blog\/wp-content\/uploads\/2020\/04\/IMG_E3823-1536x864.jpg 1536w, https:\/\/www.neuperlach.org\/blog\/wp-content\/uploads\/2020\/04\/IMG_E3823-2048x1152.jpg 2048w, https:\/\/www.neuperlach.org\/blog\/wp-content\/uploads\/2020\/04\/IMG_E3823-1200x675.jpg 1200w, https:\/\/www.neuperlach.org\/blog\/wp-content\/uploads\/2020\/04\/IMG_E3823-1980x1114.jpg 1980w\" sizes=\"auto, (max-width: 580px) 100vw, 580px\" \/><\/a><figcaption id=\"caption-attachment-20096\" class=\"wp-caption-text\">Grundschule am Strehleranger (27.06.2023). Foto: Georg und Marcus Pantel<\/figcaption><\/figure>\n<figure id=\"attachment_20094\" aria-describedby=\"caption-attachment-20094\" style=\"width: 580px\" class=\"wp-caption alignnone\"><a href=\"https:\/\/www.neuperlach.org\/blog\/wp-content\/uploads\/2020\/04\/IMG_E3824.jpg\"><img loading=\"lazy\" decoding=\"async\" class=\"size-large wp-image-20094\" src=\"https:\/\/www.neuperlach.org\/blog\/wp-content\/uploads\/2020\/04\/IMG_E3824-1024x768.jpg\" alt=\"Grundschule am Strehleranger\" width=\"580\" height=\"435\" srcset=\"https:\/\/www.neuperlach.org\/blog\/wp-content\/uploads\/2020\/04\/IMG_E3824-1024x768.jpg 1024w, https:\/\/www.neuperlach.org\/blog\/wp-content\/uploads\/2020\/04\/IMG_E3824-300x225.jpg 300w, https:\/\/www.neuperlach.org\/blog\/wp-content\/uploads\/2020\/04\/IMG_E3824-768x576.jpg 768w, https:\/\/www.neuperlach.org\/blog\/wp-content\/uploads\/2020\/04\/IMG_E3824-1536x1152.jpg 1536w, https:\/\/www.neuperlach.org\/blog\/wp-content\/uploads\/2020\/04\/IMG_E3824-2048x1536.jpg 2048w, https:\/\/www.neuperlach.org\/blog\/wp-content\/uploads\/2020\/04\/IMG_E3824-1200x900.jpg 1200w, https:\/\/www.neuperlach.org\/blog\/wp-content\/uploads\/2020\/04\/IMG_E3824-1980x1485.jpg 1980w\" sizes=\"auto, (max-width: 580px) 100vw, 580px\" \/><\/a><figcaption id=\"caption-attachment-20094\" class=\"wp-caption-text\">Grundschule am Strehleranger (27.06.2023). Foto: Georg und Marcus Pantel<\/figcaption><\/figure>\n<figure id=\"attachment_20092\" aria-describedby=\"caption-attachment-20092\" style=\"width: 576px\" class=\"wp-caption alignnone\"><a href=\"https:\/\/www.neuperlach.org\/blog\/wp-content\/uploads\/2020\/04\/IMG_E3825.jpg\"><img loading=\"lazy\" decoding=\"async\" class=\"size-large wp-image-20092\" src=\"https:\/\/www.neuperlach.org\/blog\/wp-content\/uploads\/2020\/04\/IMG_E3825-576x1024.jpg\" alt=\"Grundschule am Strehleranger\" width=\"576\" height=\"1024\" srcset=\"https:\/\/www.neuperlach.org\/blog\/wp-content\/uploads\/2020\/04\/IMG_E3825-576x1024.jpg 576w, https:\/\/www.neuperlach.org\/blog\/wp-content\/uploads\/2020\/04\/IMG_E3825-169x300.jpg 169w, https:\/\/www.neuperlach.org\/blog\/wp-content\/uploads\/2020\/04\/IMG_E3825-768x1365.jpg 768w, https:\/\/www.neuperlach.org\/blog\/wp-content\/uploads\/2020\/04\/IMG_E3825-864x1536.jpg 864w, https:\/\/www.neuperlach.org\/blog\/wp-content\/uploads\/2020\/04\/IMG_E3825-1152x2048.jpg 1152w, https:\/\/www.neuperlach.org\/blog\/wp-content\/uploads\/2020\/04\/IMG_E3825-1200x2133.jpg 1200w, https:\/\/www.neuperlach.org\/blog\/wp-content\/uploads\/2020\/04\/IMG_E3825.jpg 1440w\" sizes=\"auto, (max-width: 576px) 100vw, 576px\" \/><\/a><figcaption id=\"caption-attachment-20092\" class=\"wp-caption-text\">Grundschule am Strehleranger (27.06.2023). Foto: Georg und Marcus Pantel<\/figcaption><\/figure>\n<figure id=\"attachment_20093\" aria-describedby=\"caption-attachment-20093\" style=\"width: 576px\" class=\"wp-caption alignnone\"><a href=\"https:\/\/www.neuperlach.org\/blog\/wp-content\/uploads\/2020\/04\/IMG_E3827.jpg\"><img loading=\"lazy\" decoding=\"async\" class=\"size-large wp-image-20093\" src=\"https:\/\/www.neuperlach.org\/blog\/wp-content\/uploads\/2020\/04\/IMG_E3827-576x1024.jpg\" alt=\"Grundschule am Strehleranger\" width=\"576\" height=\"1024\" srcset=\"https:\/\/www.neuperlach.org\/blog\/wp-content\/uploads\/2020\/04\/IMG_E3827-576x1024.jpg 576w, https:\/\/www.neuperlach.org\/blog\/wp-content\/uploads\/2020\/04\/IMG_E3827-169x300.jpg 169w, https:\/\/www.neuperlach.org\/blog\/wp-content\/uploads\/2020\/04\/IMG_E3827-768x1365.jpg 768w, https:\/\/www.neuperlach.org\/blog\/wp-content\/uploads\/2020\/04\/IMG_E3827-864x1536.jpg 864w, https:\/\/www.neuperlach.org\/blog\/wp-content\/uploads\/2020\/04\/IMG_E3827-1152x2048.jpg 1152w, https:\/\/www.neuperlach.org\/blog\/wp-content\/uploads\/2020\/04\/IMG_E3827-1200x2133.jpg 1200w, https:\/\/www.neuperlach.org\/blog\/wp-content\/uploads\/2020\/04\/IMG_E3827.jpg 1440w\" sizes=\"auto, (max-width: 576px) 100vw, 576px\" \/><\/a><figcaption id=\"caption-attachment-20093\" class=\"wp-caption-text\">Grundschule am Strehleranger (27.06.2023). Foto: Georg und Marcus Pantel<\/figcaption><\/figure>\n<figure id=\"attachment_20091\" aria-describedby=\"caption-attachment-20091\" style=\"width: 580px\" class=\"wp-caption alignnone\"><a href=\"https:\/\/www.neuperlach.org\/blog\/wp-content\/uploads\/2020\/04\/IMG_E3829.jpg\"><img loading=\"lazy\" decoding=\"async\" class=\"size-large wp-image-20091\" src=\"https:\/\/www.neuperlach.org\/blog\/wp-content\/uploads\/2020\/04\/IMG_E3829-1024x576.jpg\" alt=\"Grundschule am Strehleranger\" width=\"580\" height=\"326\" srcset=\"https:\/\/www.neuperlach.org\/blog\/wp-content\/uploads\/2020\/04\/IMG_E3829-1024x576.jpg 1024w, https:\/\/www.neuperlach.org\/blog\/wp-content\/uploads\/2020\/04\/IMG_E3829-300x169.jpg 300w, https:\/\/www.neuperlach.org\/blog\/wp-content\/uploads\/2020\/04\/IMG_E3829-768x432.jpg 768w, https:\/\/www.neuperlach.org\/blog\/wp-content\/uploads\/2020\/04\/IMG_E3829-1536x864.jpg 1536w, https:\/\/www.neuperlach.org\/blog\/wp-content\/uploads\/2020\/04\/IMG_E3829-2048x1152.jpg 2048w, https:\/\/www.neuperlach.org\/blog\/wp-content\/uploads\/2020\/04\/IMG_E3829-1200x675.jpg 1200w, https:\/\/www.neuperlach.org\/blog\/wp-content\/uploads\/2020\/04\/IMG_E3829-1980x1114.jpg 1980w\" sizes=\"auto, (max-width: 580px) 100vw, 580px\" \/><\/a><figcaption id=\"caption-attachment-20091\" class=\"wp-caption-text\">Grundschule am Strehleranger (27.06.2023). Foto: Georg und Marcus Pantel<\/figcaption><\/figure>\n","protected":false},"excerpt":{"rendered":"<p>Wieder einmal ist ein Bau verschwunden, an den viele (auch ehemalige) Neuperlacher viele Erinnerungen haben. Die Grundschule am Strehleranger 4 (benannt nach dem P\u00e4dagogen Dr. Adolf Strehler; Sch\u00fclerverballhornung &#8222;Streberanger&#8220;) in Neuperlach West wurde abgerissen und wird neu gebaut. Gr\u00fcnde waren der schlechte Zustand des Geb\u00e4udes sowie steigende Sch\u00fclerzahlen. Es entsteht eine 6-z\u00fcgige Grundschule, eine 3-z\u00fcgige [&hellip;]<\/p>\n","protected":false},"author":1,"featured_media":0,"comment_status":"open","ping_status":"open","sticky":false,"template":"","format":"standard","meta":{"footnotes":""},"categories":[5,6,10,586,400,847],"tags":[888,2718,2317,2174,1203,2674,1968,246,896,2794,2720],"class_list":["post-15536","post","type-post","status-publish","format-standard","hentry","category-architektur","category-baustellen","category-bilder","category-bildungerziehungschule","category-historisches","category-abrissneubau","tag-beton","tag-betonpumpe","tag-container","tag-grundschule-am-strehleranger","tag-klinkerfassade","tag-schallschutzwand","tag-schule","tag-staudingerstrase","tag-strehleranger","tag-treppe","tag-turnhalle"],"_links":{"self":[{"href":"https:\/\/www.neuperlach.org\/blog\/wp-json\/wp\/v2\/posts\/15536","targetHints":{"allow":["GET"]}}],"collection":[{"href":"https:\/\/www.neuperlach.org\/blog\/wp-json\/wp\/v2\/posts"}],"about":[{"href":"https:\/\/www.neuperlach.org\/blog\/wp-json\/wp\/v2\/types\/post"}],"author":[{"embeddable":true,"href":"https:\/\/www.neuperlach.org\/blog\/wp-json\/wp\/v2\/users\/1"}],"replies":[{"embeddable":true,"href":"https:\/\/www.neuperlach.org\/blog\/wp-json\/wp\/v2\/comments?post=15536"}],"version-history":[{"count":0,"href":"https:\/\/www.neuperlach.org\/blog\/wp-json\/wp\/v2\/posts\/15536\/revisions"}],"wp:attachment":[{"href":"https:\/\/www.neuperlach.org\/blog\/wp-json\/wp\/v2\/media?parent=15536"}],"wp:term":[{"taxonomy":"category","embeddable":true,"href":"https:\/\/www.neuperlach.org\/blog\/wp-json\/wp\/v2\/categories?post=15536"},{"taxonomy":"post_tag","embeddable":true,"href":"https:\/\/www.neuperlach.org\/blog\/wp-json\/wp\/v2\/tags?post=15536"}],"curies":[{"name":"wp","href":"https:\/\/api.w.org\/{rel}","templated":true}]}}