{"id":18269,"date":"2021-08-10T11:20:06","date_gmt":"2021-08-10T09:20:06","guid":{"rendered":"https:\/\/www.neuperlach.org\/blog\/?p=18269"},"modified":"2025-11-13T17:42:33","modified_gmt":"2025-11-13T16:42:33","slug":"quidde-zentrum-letzter-blick","status":"publish","type":"post","link":"https:\/\/www.neuperlach.org\/blog\/quidde-zentrum-letzter-blick\/","title":{"rendered":"Quidde-Zentrum: Ein vielleicht letzter Blick ins Innere!"},"content":{"rendered":"<h6>Grandiose Graffiti und Entkernungsarbeiten<\/h6>\n<figure id=\"attachment_18273\" aria-describedby=\"caption-attachment-18273\" style=\"width: 580px\" class=\"wp-caption alignnone\"><a href=\"https:\/\/www.neuperlach.org\/blog\/wp-content\/uploads\/2021\/08\/IMG_1107.jpg\"><img loading=\"lazy\" decoding=\"async\" class=\"size-large wp-image-18273\" src=\"https:\/\/www.neuperlach.org\/blog\/wp-content\/uploads\/2021\/08\/IMG_1107-1024x576.jpg\" alt=\"Quidde-Zentrum: Ein vielleicht letzter Blick ins Innere!\" width=\"580\" height=\"326\" srcset=\"https:\/\/www.neuperlach.org\/blog\/wp-content\/uploads\/2021\/08\/IMG_1107-1024x576.jpg 1024w, https:\/\/www.neuperlach.org\/blog\/wp-content\/uploads\/2021\/08\/IMG_1107-300x169.jpg 300w, https:\/\/www.neuperlach.org\/blog\/wp-content\/uploads\/2021\/08\/IMG_1107-768x432.jpg 768w, https:\/\/www.neuperlach.org\/blog\/wp-content\/uploads\/2021\/08\/IMG_1107-1536x864.jpg 1536w, https:\/\/www.neuperlach.org\/blog\/wp-content\/uploads\/2021\/08\/IMG_1107-2048x1152.jpg 2048w, https:\/\/www.neuperlach.org\/blog\/wp-content\/uploads\/2021\/08\/IMG_1107-1200x675.jpg 1200w, https:\/\/www.neuperlach.org\/blog\/wp-content\/uploads\/2021\/08\/IMG_1107-1980x1114.jpg 1980w\" sizes=\"auto, (max-width: 580px) 100vw, 580px\" \/><\/a><figcaption id=\"caption-attachment-18273\" class=\"wp-caption-text\">Entkernung (05.07.2021). Foto: Georg und Marcus Pantel<\/figcaption><\/figure>\n<p><a href=\"https:\/\/www.neuperlach.org\/blog\/?p=18102\">Das Quidde-Zentrum wird derzeit f\u00fcr den Abriss vorbereitet und entkernt<\/a>. Es ist hermetisch abgeriegelt, der Zutritt f\u00fcr Unbefugte strengstens verboten. Von au\u00dfen sieht man kaum etwas, auch der Bewuchs verhindert Blicke ins Innerste. Doch wie es dort aussieht, muss keine Spekulation bleiben. Denn Georg und Marcus Pantel durften in das Heiligste. Dabei zeigen sie nicht nur den Stand der Entkernung, sondern halten auch die herrlichen Graffiti, die teilweise schon Jahre nicht mehr zug\u00e4nglich sind, f\u00fcr die Nachwelt fest! Die Fotos sind am 05.07.2021 entstanden. Vielen Dank an die beiden!<\/p>\n<p>Weitere Graffiti: <a href=\"https:\/\/www.neuperlach.org\/blog\/?p=17949\">Neuperlach Zoo: Graffiti im Quidde-Zentrum<\/a><\/p>\n<figure id=\"attachment_18278\" aria-describedby=\"caption-attachment-18278\" style=\"width: 580px\" class=\"wp-caption alignnone\"><a href=\"https:\/\/www.neuperlach.org\/blog\/wp-content\/uploads\/2021\/08\/IMG_1101.jpg\"><img loading=\"lazy\" decoding=\"async\" class=\"size-large wp-image-18278\" src=\"https:\/\/www.neuperlach.org\/blog\/wp-content\/uploads\/2021\/08\/IMG_1101-1024x576.jpg\" alt=\"Quidde-Zentrum: Ein vielleicht letzter Blick ins Innere!\" width=\"580\" height=\"326\" srcset=\"https:\/\/www.neuperlach.org\/blog\/wp-content\/uploads\/2021\/08\/IMG_1101-1024x576.jpg 1024w, https:\/\/www.neuperlach.org\/blog\/wp-content\/uploads\/2021\/08\/IMG_1101-300x169.jpg 300w, https:\/\/www.neuperlach.org\/blog\/wp-content\/uploads\/2021\/08\/IMG_1101-768x432.jpg 768w, https:\/\/www.neuperlach.org\/blog\/wp-content\/uploads\/2021\/08\/IMG_1101-1536x864.jpg 1536w, https:\/\/www.neuperlach.org\/blog\/wp-content\/uploads\/2021\/08\/IMG_1101-2048x1152.jpg 2048w, https:\/\/www.neuperlach.org\/blog\/wp-content\/uploads\/2021\/08\/IMG_1101-1200x675.jpg 1200w, https:\/\/www.neuperlach.org\/blog\/wp-content\/uploads\/2021\/08\/IMG_1101-1980x1114.jpg 1980w\" sizes=\"auto, (max-width: 580px) 100vw, 580px\" \/><\/a><figcaption id=\"caption-attachment-18278\" class=\"wp-caption-text\">Graffiti-Kunst (05.07.2021). Foto: Georg und Marcus Pantel<\/figcaption><\/figure>\n<figure id=\"attachment_18276\" aria-describedby=\"caption-attachment-18276\" style=\"width: 580px\" class=\"wp-caption alignnone\"><a href=\"https:\/\/www.neuperlach.org\/blog\/wp-content\/uploads\/2021\/08\/IMG_1103.jpg\"><img loading=\"lazy\" decoding=\"async\" class=\"size-large wp-image-18276\" src=\"https:\/\/www.neuperlach.org\/blog\/wp-content\/uploads\/2021\/08\/IMG_1103-1024x576.jpg\" alt=\"Quidde-Zentrum: Ein vielleicht letzter Blick ins Innere!\" width=\"580\" height=\"326\" srcset=\"https:\/\/www.neuperlach.org\/blog\/wp-content\/uploads\/2021\/08\/IMG_1103-1024x576.jpg 1024w, https:\/\/www.neuperlach.org\/blog\/wp-content\/uploads\/2021\/08\/IMG_1103-300x169.jpg 300w, https:\/\/www.neuperlach.org\/blog\/wp-content\/uploads\/2021\/08\/IMG_1103-768x432.jpg 768w, https:\/\/www.neuperlach.org\/blog\/wp-content\/uploads\/2021\/08\/IMG_1103-1536x864.jpg 1536w, https:\/\/www.neuperlach.org\/blog\/wp-content\/uploads\/2021\/08\/IMG_1103-2048x1152.jpg 2048w, https:\/\/www.neuperlach.org\/blog\/wp-content\/uploads\/2021\/08\/IMG_1103-1200x675.jpg 1200w, https:\/\/www.neuperlach.org\/blog\/wp-content\/uploads\/2021\/08\/IMG_1103-1980x1114.jpg 1980w\" sizes=\"auto, (max-width: 580px) 100vw, 580px\" \/><\/a><figcaption id=\"caption-attachment-18276\" class=\"wp-caption-text\">Graffiti-Kunst (05.07.2021). Foto: Georg und Marcus Pantel<\/figcaption><\/figure>\n<figure id=\"attachment_18285\" aria-describedby=\"caption-attachment-18285\" style=\"width: 580px\" class=\"wp-caption alignnone\"><a href=\"https:\/\/www.neuperlach.org\/blog\/wp-content\/uploads\/2021\/08\/IMG_1093.jpg\"><img loading=\"lazy\" decoding=\"async\" class=\"size-large wp-image-18285\" src=\"https:\/\/www.neuperlach.org\/blog\/wp-content\/uploads\/2021\/08\/IMG_1093-1024x562.jpg\" alt=\"Quidde-Zentrum: Ein vielleicht letzter Blick ins Innere!\" width=\"580\" height=\"318\" srcset=\"https:\/\/www.neuperlach.org\/blog\/wp-content\/uploads\/2021\/08\/IMG_1093-1024x562.jpg 1024w, https:\/\/www.neuperlach.org\/blog\/wp-content\/uploads\/2021\/08\/IMG_1093-300x165.jpg 300w, https:\/\/www.neuperlach.org\/blog\/wp-content\/uploads\/2021\/08\/IMG_1093-768x422.jpg 768w, https:\/\/www.neuperlach.org\/blog\/wp-content\/uploads\/2021\/08\/IMG_1093-1536x844.jpg 1536w, https:\/\/www.neuperlach.org\/blog\/wp-content\/uploads\/2021\/08\/IMG_1093-2048x1125.jpg 2048w, https:\/\/www.neuperlach.org\/blog\/wp-content\/uploads\/2021\/08\/IMG_1093-1200x659.jpg 1200w, https:\/\/www.neuperlach.org\/blog\/wp-content\/uploads\/2021\/08\/IMG_1093-1980x1087.jpg 1980w\" sizes=\"auto, (max-width: 580px) 100vw, 580px\" \/><\/a><figcaption id=\"caption-attachment-18285\" class=\"wp-caption-text\">Graffiti-Kunst (05.07.2021). Foto: Georg und Marcus Pantel<\/figcaption><\/figure>\n<figure id=\"attachment_18284\" aria-describedby=\"caption-attachment-18284\" style=\"width: 580px\" class=\"wp-caption alignnone\"><a href=\"https:\/\/www.neuperlach.org\/blog\/wp-content\/uploads\/2021\/08\/IMG_1094.jpg\"><img loading=\"lazy\" decoding=\"async\" class=\"size-large wp-image-18284\" src=\"https:\/\/www.neuperlach.org\/blog\/wp-content\/uploads\/2021\/08\/IMG_1094-1024x576.jpg\" alt=\"Quidde-Zentrum: Ein vielleicht letzter Blick ins Innere!\" width=\"580\" height=\"326\" srcset=\"https:\/\/www.neuperlach.org\/blog\/wp-content\/uploads\/2021\/08\/IMG_1094-1024x576.jpg 1024w, https:\/\/www.neuperlach.org\/blog\/wp-content\/uploads\/2021\/08\/IMG_1094-300x169.jpg 300w, https:\/\/www.neuperlach.org\/blog\/wp-content\/uploads\/2021\/08\/IMG_1094-768x432.jpg 768w, https:\/\/www.neuperlach.org\/blog\/wp-content\/uploads\/2021\/08\/IMG_1094-1536x864.jpg 1536w, https:\/\/www.neuperlach.org\/blog\/wp-content\/uploads\/2021\/08\/IMG_1094-2048x1152.jpg 2048w, https:\/\/www.neuperlach.org\/blog\/wp-content\/uploads\/2021\/08\/IMG_1094-1200x675.jpg 1200w, https:\/\/www.neuperlach.org\/blog\/wp-content\/uploads\/2021\/08\/IMG_1094-1980x1114.jpg 1980w\" sizes=\"auto, (max-width: 580px) 100vw, 580px\" \/><\/a><figcaption id=\"caption-attachment-18284\" class=\"wp-caption-text\">Graffiti-Kunst (05.07.2021). Foto: Georg und Marcus Pantel<\/figcaption><\/figure>\n<figure id=\"attachment_18283\" aria-describedby=\"caption-attachment-18283\" style=\"width: 580px\" class=\"wp-caption alignnone\"><a href=\"https:\/\/www.neuperlach.org\/blog\/wp-content\/uploads\/2021\/08\/IMG_1095.jpg\"><img loading=\"lazy\" decoding=\"async\" class=\"size-large wp-image-18283\" src=\"https:\/\/www.neuperlach.org\/blog\/wp-content\/uploads\/2021\/08\/IMG_1095-1024x576.jpg\" alt=\"Quidde-Zentrum: Ein vielleicht letzter Blick ins Innere!\" width=\"580\" height=\"326\" srcset=\"https:\/\/www.neuperlach.org\/blog\/wp-content\/uploads\/2021\/08\/IMG_1095-1024x576.jpg 1024w, https:\/\/www.neuperlach.org\/blog\/wp-content\/uploads\/2021\/08\/IMG_1095-300x169.jpg 300w, https:\/\/www.neuperlach.org\/blog\/wp-content\/uploads\/2021\/08\/IMG_1095-768x432.jpg 768w, https:\/\/www.neuperlach.org\/blog\/wp-content\/uploads\/2021\/08\/IMG_1095-1536x864.jpg 1536w, https:\/\/www.neuperlach.org\/blog\/wp-content\/uploads\/2021\/08\/IMG_1095-2048x1152.jpg 2048w, https:\/\/www.neuperlach.org\/blog\/wp-content\/uploads\/2021\/08\/IMG_1095-1200x675.jpg 1200w, https:\/\/www.neuperlach.org\/blog\/wp-content\/uploads\/2021\/08\/IMG_1095-1980x1114.jpg 1980w\" sizes=\"auto, (max-width: 580px) 100vw, 580px\" \/><\/a><figcaption id=\"caption-attachment-18283\" class=\"wp-caption-text\">Entkernung (05.07.2021). Foto: Georg und Marcus Pantel<\/figcaption><\/figure>\n<figure id=\"attachment_18282\" aria-describedby=\"caption-attachment-18282\" style=\"width: 580px\" class=\"wp-caption alignnone\"><a href=\"https:\/\/www.neuperlach.org\/blog\/wp-content\/uploads\/2021\/08\/IMG_1096.jpg\"><img loading=\"lazy\" decoding=\"async\" class=\"size-large wp-image-18282\" src=\"https:\/\/www.neuperlach.org\/blog\/wp-content\/uploads\/2021\/08\/IMG_1096-1024x576.jpg\" alt=\"Quidde-Zentrum: Ein vielleicht letzter Blick ins Innere!\" width=\"580\" height=\"326\" srcset=\"https:\/\/www.neuperlach.org\/blog\/wp-content\/uploads\/2021\/08\/IMG_1096-1024x576.jpg 1024w, https:\/\/www.neuperlach.org\/blog\/wp-content\/uploads\/2021\/08\/IMG_1096-300x169.jpg 300w, https:\/\/www.neuperlach.org\/blog\/wp-content\/uploads\/2021\/08\/IMG_1096-768x432.jpg 768w, https:\/\/www.neuperlach.org\/blog\/wp-content\/uploads\/2021\/08\/IMG_1096-1536x864.jpg 1536w, https:\/\/www.neuperlach.org\/blog\/wp-content\/uploads\/2021\/08\/IMG_1096-2048x1152.jpg 2048w, https:\/\/www.neuperlach.org\/blog\/wp-content\/uploads\/2021\/08\/IMG_1096-1200x675.jpg 1200w, https:\/\/www.neuperlach.org\/blog\/wp-content\/uploads\/2021\/08\/IMG_1096-1980x1114.jpg 1980w\" sizes=\"auto, (max-width: 580px) 100vw, 580px\" \/><\/a><figcaption id=\"caption-attachment-18282\" class=\"wp-caption-text\">Entkernung (05.07.2021). Foto: Georg und Marcus Pantel<\/figcaption><\/figure>\n<figure id=\"attachment_18281\" aria-describedby=\"caption-attachment-18281\" style=\"width: 580px\" class=\"wp-caption alignnone\"><a href=\"https:\/\/www.neuperlach.org\/blog\/wp-content\/uploads\/2021\/08\/IMG_1097.jpg\"><img loading=\"lazy\" decoding=\"async\" class=\"size-large wp-image-18281\" src=\"https:\/\/www.neuperlach.org\/blog\/wp-content\/uploads\/2021\/08\/IMG_1097-1024x576.jpg\" alt=\"Quidde-Zentrum: Ein vielleicht letzter Blick ins Innere!\" width=\"580\" height=\"326\" srcset=\"https:\/\/www.neuperlach.org\/blog\/wp-content\/uploads\/2021\/08\/IMG_1097-1024x576.jpg 1024w, https:\/\/www.neuperlach.org\/blog\/wp-content\/uploads\/2021\/08\/IMG_1097-300x169.jpg 300w, https:\/\/www.neuperlach.org\/blog\/wp-content\/uploads\/2021\/08\/IMG_1097-768x432.jpg 768w, https:\/\/www.neuperlach.org\/blog\/wp-content\/uploads\/2021\/08\/IMG_1097-1536x864.jpg 1536w, https:\/\/www.neuperlach.org\/blog\/wp-content\/uploads\/2021\/08\/IMG_1097-2048x1152.jpg 2048w, https:\/\/www.neuperlach.org\/blog\/wp-content\/uploads\/2021\/08\/IMG_1097-1200x675.jpg 1200w, https:\/\/www.neuperlach.org\/blog\/wp-content\/uploads\/2021\/08\/IMG_1097-1980x1114.jpg 1980w\" sizes=\"auto, (max-width: 580px) 100vw, 580px\" \/><\/a><figcaption id=\"caption-attachment-18281\" class=\"wp-caption-text\">Entkernung (05.07.2021). Foto: Georg und Marcus Pantel<\/figcaption><\/figure>\n<figure id=\"attachment_18280\" aria-describedby=\"caption-attachment-18280\" style=\"width: 580px\" class=\"wp-caption alignnone\"><a href=\"https:\/\/www.neuperlach.org\/blog\/wp-content\/uploads\/2021\/08\/IMG_1098.jpg\"><img loading=\"lazy\" decoding=\"async\" class=\"size-large wp-image-18280\" src=\"https:\/\/www.neuperlach.org\/blog\/wp-content\/uploads\/2021\/08\/IMG_1098-1024x576.jpg\" alt=\"Quidde-Zentrum: Ein vielleicht letzter Blick ins Innere!\" width=\"580\" height=\"326\" srcset=\"https:\/\/www.neuperlach.org\/blog\/wp-content\/uploads\/2021\/08\/IMG_1098-1024x576.jpg 1024w, https:\/\/www.neuperlach.org\/blog\/wp-content\/uploads\/2021\/08\/IMG_1098-300x169.jpg 300w, https:\/\/www.neuperlach.org\/blog\/wp-content\/uploads\/2021\/08\/IMG_1098-768x432.jpg 768w, https:\/\/www.neuperlach.org\/blog\/wp-content\/uploads\/2021\/08\/IMG_1098-1536x864.jpg 1536w, https:\/\/www.neuperlach.org\/blog\/wp-content\/uploads\/2021\/08\/IMG_1098-2048x1152.jpg 2048w, https:\/\/www.neuperlach.org\/blog\/wp-content\/uploads\/2021\/08\/IMG_1098-1200x675.jpg 1200w, https:\/\/www.neuperlach.org\/blog\/wp-content\/uploads\/2021\/08\/IMG_1098-1980x1114.jpg 1980w\" sizes=\"auto, (max-width: 580px) 100vw, 580px\" \/><\/a><figcaption id=\"caption-attachment-18280\" class=\"wp-caption-text\">Entkernung (05.07.2021). Foto: Georg und Marcus Pantel<\/figcaption><\/figure>\n<figure id=\"attachment_18279\" aria-describedby=\"caption-attachment-18279\" style=\"width: 580px\" class=\"wp-caption alignnone\"><a href=\"https:\/\/www.neuperlach.org\/blog\/wp-content\/uploads\/2021\/08\/IMG_1100.jpg\"><img loading=\"lazy\" decoding=\"async\" class=\"size-large wp-image-18279\" src=\"https:\/\/www.neuperlach.org\/blog\/wp-content\/uploads\/2021\/08\/IMG_1100-1024x576.jpg\" alt=\"Quidde-Zentrum: Ein vielleicht letzter Blick ins Innere!\" width=\"580\" height=\"326\" srcset=\"https:\/\/www.neuperlach.org\/blog\/wp-content\/uploads\/2021\/08\/IMG_1100-1024x576.jpg 1024w, https:\/\/www.neuperlach.org\/blog\/wp-content\/uploads\/2021\/08\/IMG_1100-300x169.jpg 300w, https:\/\/www.neuperlach.org\/blog\/wp-content\/uploads\/2021\/08\/IMG_1100-768x432.jpg 768w, https:\/\/www.neuperlach.org\/blog\/wp-content\/uploads\/2021\/08\/IMG_1100-1536x864.jpg 1536w, https:\/\/www.neuperlach.org\/blog\/wp-content\/uploads\/2021\/08\/IMG_1100-2048x1152.jpg 2048w, https:\/\/www.neuperlach.org\/blog\/wp-content\/uploads\/2021\/08\/IMG_1100-1200x675.jpg 1200w, https:\/\/www.neuperlach.org\/blog\/wp-content\/uploads\/2021\/08\/IMG_1100-1980x1114.jpg 1980w\" sizes=\"auto, (max-width: 580px) 100vw, 580px\" \/><\/a><figcaption id=\"caption-attachment-18279\" class=\"wp-caption-text\">Graffiti-Kunst (05.07.2021). Foto: Georg und Marcus Pantel<\/figcaption><\/figure>\n<figure id=\"attachment_18277\" aria-describedby=\"caption-attachment-18277\" style=\"width: 580px\" class=\"wp-caption alignnone\"><a href=\"https:\/\/www.neuperlach.org\/blog\/wp-content\/uploads\/2021\/08\/IMG_1102.jpg\"><img loading=\"lazy\" decoding=\"async\" class=\"size-large wp-image-18277\" src=\"https:\/\/www.neuperlach.org\/blog\/wp-content\/uploads\/2021\/08\/IMG_1102-1024x576.jpg\" alt=\"Quidde-Zentrum: Ein vielleicht letzter Blick ins Innere!\" width=\"580\" height=\"326\" srcset=\"https:\/\/www.neuperlach.org\/blog\/wp-content\/uploads\/2021\/08\/IMG_1102-1024x576.jpg 1024w, https:\/\/www.neuperlach.org\/blog\/wp-content\/uploads\/2021\/08\/IMG_1102-300x169.jpg 300w, https:\/\/www.neuperlach.org\/blog\/wp-content\/uploads\/2021\/08\/IMG_1102-768x432.jpg 768w, https:\/\/www.neuperlach.org\/blog\/wp-content\/uploads\/2021\/08\/IMG_1102-1536x864.jpg 1536w, https:\/\/www.neuperlach.org\/blog\/wp-content\/uploads\/2021\/08\/IMG_1102-2048x1152.jpg 2048w, https:\/\/www.neuperlach.org\/blog\/wp-content\/uploads\/2021\/08\/IMG_1102-1200x675.jpg 1200w, https:\/\/www.neuperlach.org\/blog\/wp-content\/uploads\/2021\/08\/IMG_1102-1980x1114.jpg 1980w\" sizes=\"auto, (max-width: 580px) 100vw, 580px\" \/><\/a><figcaption id=\"caption-attachment-18277\" class=\"wp-caption-text\">Graffiti-Kunst (05.07.2021). Foto: Georg und Marcus Pantel<\/figcaption><\/figure>\n<figure id=\"attachment_18275\" aria-describedby=\"caption-attachment-18275\" style=\"width: 580px\" class=\"wp-caption alignnone\"><a href=\"https:\/\/www.neuperlach.org\/blog\/wp-content\/uploads\/2021\/08\/IMG_1105.jpg\"><img loading=\"lazy\" decoding=\"async\" class=\"size-large wp-image-18275\" src=\"https:\/\/www.neuperlach.org\/blog\/wp-content\/uploads\/2021\/08\/IMG_1105-1024x576.jpg\" alt=\"Quidde-Zentrum: Ein vielleicht letzter Blick ins Innere!\" width=\"580\" height=\"326\" srcset=\"https:\/\/www.neuperlach.org\/blog\/wp-content\/uploads\/2021\/08\/IMG_1105-1024x576.jpg 1024w, https:\/\/www.neuperlach.org\/blog\/wp-content\/uploads\/2021\/08\/IMG_1105-300x169.jpg 300w, https:\/\/www.neuperlach.org\/blog\/wp-content\/uploads\/2021\/08\/IMG_1105-768x432.jpg 768w, https:\/\/www.neuperlach.org\/blog\/wp-content\/uploads\/2021\/08\/IMG_1105-1536x864.jpg 1536w, https:\/\/www.neuperlach.org\/blog\/wp-content\/uploads\/2021\/08\/IMG_1105-2048x1152.jpg 2048w, https:\/\/www.neuperlach.org\/blog\/wp-content\/uploads\/2021\/08\/IMG_1105-1200x675.jpg 1200w, https:\/\/www.neuperlach.org\/blog\/wp-content\/uploads\/2021\/08\/IMG_1105-1980x1114.jpg 1980w\" sizes=\"auto, (max-width: 580px) 100vw, 580px\" \/><\/a><figcaption id=\"caption-attachment-18275\" class=\"wp-caption-text\">Graffiti-Kunst (05.07.2021). Foto: Georg und Marcus Pantel<\/figcaption><\/figure>\n<figure id=\"attachment_18274\" aria-describedby=\"caption-attachment-18274\" style=\"width: 580px\" class=\"wp-caption alignnone\"><a href=\"https:\/\/www.neuperlach.org\/blog\/wp-content\/uploads\/2021\/08\/IMG_1106.jpg\"><img loading=\"lazy\" decoding=\"async\" class=\"size-large wp-image-18274\" src=\"https:\/\/www.neuperlach.org\/blog\/wp-content\/uploads\/2021\/08\/IMG_1106-1024x576.jpg\" alt=\"Quidde-Zentrum: Ein vielleicht letzter Blick ins Innere!\" width=\"580\" height=\"326\" srcset=\"https:\/\/www.neuperlach.org\/blog\/wp-content\/uploads\/2021\/08\/IMG_1106-1024x576.jpg 1024w, https:\/\/www.neuperlach.org\/blog\/wp-content\/uploads\/2021\/08\/IMG_1106-300x169.jpg 300w, https:\/\/www.neuperlach.org\/blog\/wp-content\/uploads\/2021\/08\/IMG_1106-768x432.jpg 768w, https:\/\/www.neuperlach.org\/blog\/wp-content\/uploads\/2021\/08\/IMG_1106-1536x864.jpg 1536w, https:\/\/www.neuperlach.org\/blog\/wp-content\/uploads\/2021\/08\/IMG_1106-2048x1152.jpg 2048w, https:\/\/www.neuperlach.org\/blog\/wp-content\/uploads\/2021\/08\/IMG_1106-1200x675.jpg 1200w, https:\/\/www.neuperlach.org\/blog\/wp-content\/uploads\/2021\/08\/IMG_1106-1980x1114.jpg 1980w\" sizes=\"auto, (max-width: 580px) 100vw, 580px\" \/><\/a><figcaption id=\"caption-attachment-18274\" class=\"wp-caption-text\">Der Blaue Vogel (05.07.2021). Foto: Georg und Marcus Pantel<\/figcaption><\/figure>\n<figure id=\"attachment_18272\" aria-describedby=\"caption-attachment-18272\" style=\"width: 580px\" class=\"wp-caption alignnone\"><a href=\"https:\/\/www.neuperlach.org\/blog\/wp-content\/uploads\/2021\/08\/IMG_1108.jpg\"><img loading=\"lazy\" decoding=\"async\" class=\"size-large wp-image-18272\" src=\"https:\/\/www.neuperlach.org\/blog\/wp-content\/uploads\/2021\/08\/IMG_1108-1024x576.jpg\" alt=\"Quidde-Zentrum: Ein vielleicht letzter Blick ins Innere!\" width=\"580\" height=\"326\" srcset=\"https:\/\/www.neuperlach.org\/blog\/wp-content\/uploads\/2021\/08\/IMG_1108-1024x576.jpg 1024w, https:\/\/www.neuperlach.org\/blog\/wp-content\/uploads\/2021\/08\/IMG_1108-300x169.jpg 300w, https:\/\/www.neuperlach.org\/blog\/wp-content\/uploads\/2021\/08\/IMG_1108-768x432.jpg 768w, https:\/\/www.neuperlach.org\/blog\/wp-content\/uploads\/2021\/08\/IMG_1108-1536x864.jpg 1536w, https:\/\/www.neuperlach.org\/blog\/wp-content\/uploads\/2021\/08\/IMG_1108-2048x1152.jpg 2048w, https:\/\/www.neuperlach.org\/blog\/wp-content\/uploads\/2021\/08\/IMG_1108-1200x675.jpg 1200w, https:\/\/www.neuperlach.org\/blog\/wp-content\/uploads\/2021\/08\/IMG_1108-1980x1114.jpg 1980w\" sizes=\"auto, (max-width: 580px) 100vw, 580px\" \/><\/a><figcaption id=\"caption-attachment-18272\" class=\"wp-caption-text\">Graffiti-Kunst (05.07.2021). Foto: Georg und Marcus Pantel<\/figcaption><\/figure>\n<figure id=\"attachment_18271\" aria-describedby=\"caption-attachment-18271\" style=\"width: 580px\" class=\"wp-caption alignnone\"><a href=\"https:\/\/www.neuperlach.org\/blog\/wp-content\/uploads\/2021\/08\/IMG_1109.jpg\"><img loading=\"lazy\" decoding=\"async\" class=\"size-large wp-image-18271\" src=\"https:\/\/www.neuperlach.org\/blog\/wp-content\/uploads\/2021\/08\/IMG_1109-1024x576.jpg\" alt=\"Quidde-Zentrum: Ein vielleicht letzter Blick ins Innere!\" width=\"580\" height=\"326\" srcset=\"https:\/\/www.neuperlach.org\/blog\/wp-content\/uploads\/2021\/08\/IMG_1109-1024x576.jpg 1024w, https:\/\/www.neuperlach.org\/blog\/wp-content\/uploads\/2021\/08\/IMG_1109-300x169.jpg 300w, https:\/\/www.neuperlach.org\/blog\/wp-content\/uploads\/2021\/08\/IMG_1109-768x432.jpg 768w, https:\/\/www.neuperlach.org\/blog\/wp-content\/uploads\/2021\/08\/IMG_1109-1536x864.jpg 1536w, https:\/\/www.neuperlach.org\/blog\/wp-content\/uploads\/2021\/08\/IMG_1109-2048x1152.jpg 2048w, https:\/\/www.neuperlach.org\/blog\/wp-content\/uploads\/2021\/08\/IMG_1109-1200x675.jpg 1200w, https:\/\/www.neuperlach.org\/blog\/wp-content\/uploads\/2021\/08\/IMG_1109-1980x1114.jpg 1980w\" sizes=\"auto, (max-width: 580px) 100vw, 580px\" \/><\/a><figcaption id=\"caption-attachment-18271\" class=\"wp-caption-text\">Graffiti-Kunst (05.07.2021). Foto: Georg und Marcus Pantel<\/figcaption><\/figure>\n<figure id=\"attachment_18270\" aria-describedby=\"caption-attachment-18270\" style=\"width: 580px\" class=\"wp-caption alignnone\"><a href=\"https:\/\/www.neuperlach.org\/blog\/wp-content\/uploads\/2021\/08\/IMG_1111.jpg\"><img loading=\"lazy\" decoding=\"async\" class=\"size-large wp-image-18270\" src=\"https:\/\/www.neuperlach.org\/blog\/wp-content\/uploads\/2021\/08\/IMG_1111-1024x576.jpg\" alt=\"Quidde-Zentrum: Ein vielleicht letzter Blick ins Innere!\" width=\"580\" height=\"326\" srcset=\"https:\/\/www.neuperlach.org\/blog\/wp-content\/uploads\/2021\/08\/IMG_1111-1024x576.jpg 1024w, https:\/\/www.neuperlach.org\/blog\/wp-content\/uploads\/2021\/08\/IMG_1111-300x169.jpg 300w, https:\/\/www.neuperlach.org\/blog\/wp-content\/uploads\/2021\/08\/IMG_1111-768x432.jpg 768w, https:\/\/www.neuperlach.org\/blog\/wp-content\/uploads\/2021\/08\/IMG_1111-1536x864.jpg 1536w, https:\/\/www.neuperlach.org\/blog\/wp-content\/uploads\/2021\/08\/IMG_1111-2048x1152.jpg 2048w, https:\/\/www.neuperlach.org\/blog\/wp-content\/uploads\/2021\/08\/IMG_1111-1200x675.jpg 1200w, https:\/\/www.neuperlach.org\/blog\/wp-content\/uploads\/2021\/08\/IMG_1111-1980x1114.jpg 1980w\" sizes=\"auto, (max-width: 580px) 100vw, 580px\" \/><\/a><figcaption id=\"caption-attachment-18270\" class=\"wp-caption-text\">Graffiti-Kunst (05.07.2021). Foto: Georg und Marcus Pantel<\/figcaption><\/figure>\n<p>Mehr zum Thema:<\/p>\n<ul>\n<li><a href=\"https:\/\/www.neuperlach.org\/blog\/?p=18102\">Quidde-Zentrum: der Abriss<\/a><\/li>\n<li><a href=\"https:\/\/www.neuperlach.org\/blog\/?p=17949\">Neuperlach Zoo: Graffiti im Quidde-Zentrum<\/a><\/li>\n<\/ul>\n","protected":false},"excerpt":{"rendered":"<p>Grandiose Graffiti und Entkernungsarbeiten Das Quidde-Zentrum wird derzeit f\u00fcr den Abriss vorbereitet und entkernt. Es ist hermetisch abgeriegelt, der Zutritt f\u00fcr Unbefugte strengstens verboten. Von au\u00dfen sieht man kaum etwas, auch der Bewuchs verhindert Blicke ins Innerste. Doch wie es dort aussieht, muss keine Spekulation bleiben. Denn Georg und Marcus Pantel durften in das Heiligste. [&hellip;]<\/p>\n","protected":false},"author":1,"featured_media":0,"comment_status":"closed","ping_status":"closed","sticky":false,"template":"","format":"standard","meta":{"footnotes":""},"categories":[5,10,400,15,476,847],"tags":[2804,1028,1594,33,146,1244],"class_list":["post-18269","post","type-post","status-publish","format-standard","hentry","category-architektur","category-bilder","category-historisches","category-kunst","category-marodes","category-abrissneubau","tag-der-blaue-vogel","tag-graffiti","tag-zoo","tag-quiddezentrum","tag-quiddestrase","tag-streetart"],"_links":{"self":[{"href":"https:\/\/www.neuperlach.org\/blog\/wp-json\/wp\/v2\/posts\/18269","targetHints":{"allow":["GET"]}}],"collection":[{"href":"https:\/\/www.neuperlach.org\/blog\/wp-json\/wp\/v2\/posts"}],"about":[{"href":"https:\/\/www.neuperlach.org\/blog\/wp-json\/wp\/v2\/types\/post"}],"author":[{"embeddable":true,"href":"https:\/\/www.neuperlach.org\/blog\/wp-json\/wp\/v2\/users\/1"}],"replies":[{"embeddable":true,"href":"https:\/\/www.neuperlach.org\/blog\/wp-json\/wp\/v2\/comments?post=18269"}],"version-history":[{"count":0,"href":"https:\/\/www.neuperlach.org\/blog\/wp-json\/wp\/v2\/posts\/18269\/revisions"}],"wp:attachment":[{"href":"https:\/\/www.neuperlach.org\/blog\/wp-json\/wp\/v2\/media?parent=18269"}],"wp:term":[{"taxonomy":"category","embeddable":true,"href":"https:\/\/www.neuperlach.org\/blog\/wp-json\/wp\/v2\/categories?post=18269"},{"taxonomy":"post_tag","embeddable":true,"href":"https:\/\/www.neuperlach.org\/blog\/wp-json\/wp\/v2\/tags?post=18269"}],"curies":[{"name":"wp","href":"https:\/\/api.w.org\/{rel}","templated":true}]}}