{"id":19251,"date":"2022-07-10T20:27:48","date_gmt":"2022-07-10T18:27:48","guid":{"rendered":"https:\/\/www.neuperlach.org\/blog\/?p=19251"},"modified":"2025-09-23T07:19:15","modified_gmt":"2025-09-23T05:19:15","slug":"perlacher-herz-bericht-vom-sommerfest","status":"publish","type":"post","link":"https:\/\/www.neuperlach.org\/blog\/perlacher-herz-bericht-vom-sommerfest\/","title":{"rendered":"Perlacher Herz: Bericht vom Sommerfest"},"content":{"rendered":"<figure id=\"attachment_19220\" aria-describedby=\"caption-attachment-19220\" style=\"width: 580px\" class=\"wp-caption alignnone\"><a href=\"https:\/\/www.neuperlach.org\/blog\/wp-content\/uploads\/2022\/07\/IMG_2380.jpg\"><img loading=\"lazy\" decoding=\"async\" class=\"size-large wp-image-19220\" src=\"https:\/\/www.neuperlach.org\/blog\/wp-content\/uploads\/2022\/07\/IMG_2380-1024x768.jpg\" alt=\"Perlacher Herz Sommerfest 2022\" width=\"580\" height=\"435\" srcset=\"https:\/\/www.neuperlach.org\/blog\/wp-content\/uploads\/2022\/07\/IMG_2380-1024x768.jpg 1024w, https:\/\/www.neuperlach.org\/blog\/wp-content\/uploads\/2022\/07\/IMG_2380-300x225.jpg 300w, https:\/\/www.neuperlach.org\/blog\/wp-content\/uploads\/2022\/07\/IMG_2380-768x576.jpg 768w, https:\/\/www.neuperlach.org\/blog\/wp-content\/uploads\/2022\/07\/IMG_2380-1536x1152.jpg 1536w, https:\/\/www.neuperlach.org\/blog\/wp-content\/uploads\/2022\/07\/IMG_2380-2048x1536.jpg 2048w, https:\/\/www.neuperlach.org\/blog\/wp-content\/uploads\/2022\/07\/IMG_2380-1200x900.jpg 1200w, https:\/\/www.neuperlach.org\/blog\/wp-content\/uploads\/2022\/07\/IMG_2380-1980x1485.jpg 1980w\" sizes=\"auto, (max-width: 580px) 100vw, 580px\" \/><\/a><figcaption id=\"caption-attachment-19220\" class=\"wp-caption-text\">Die Stra\u00dfe wurde f\u00fcr das Sommerfest gesperrt (09.07.2022) \u00a9 Thomas Irlbeck<\/figcaption><\/figure>\n<p>Am Samstag feierte das <a href=\"https:\/\/perlacher-herz.de\/\" target=\"_blank\" rel=\"noopener\">Perlacher Herz<\/a> Sommerfest. Wenn man sich so manches andere Sommerfest der letzten Jahre in Neuperlach anschaut, wurde hier erstaunlich viel geboten: Bull riding, Gl\u00fccksrad, Wurfbude, H\u00fcpfburg, Karussell, Second-Hand-Ware, Grill, Kuchen, Getr\u00e4nke und Live-Musik unterschiedlicher Stilrichtungen. F\u00fcr jeden war etwas dabei, f\u00fcr Kinder und f\u00fcr Erwachsene. Die Stra\u00dfe wurde eigens f\u00fcr das Fest gesperrt.<\/p>\n<p>Der sehr sympathische Gitarrist und S\u00e4nger Brad (Fotos) war f\u00fcr die eher traditionelle Musik zust\u00e4ndig. Er spielte bekannte Songs, aber auch eigene Lieder. Er sang auf Englisch und auf Deutsch. Bei &#8222;City of New Orleans&#8220; konnte man herrlich mitsingen. Viele Deutsche kennen vor allem die Coverversion dieses Hits von Rudi Carell (&#8222;Wann wird\u2019s mal wieder richtig Sommer?&#8220;). Entsprechend gut war die Stimmung.<\/p>\n<p>Nach einigen weiteren Darbietungen wurde die Hip-Hop- und Rap-Fraktion bedient in Gestalt von Takinu Entertainment und Bandana MC (auch hierzu gibt\u2019s Fotos). Hier kam dann vor allem bei der Jugend noch mal riesige Stimmung auf.<\/p>\n<p>Das Wetter spielte auch einigerma\u00dfen mit, es war zumindest nicht zu hei\u00df, aber immerhin so warm, dass man bis zum viel zu fr\u00fchen Ende um 21:30 problemlos ohne Jacke drau\u00dfen sitzen konnte.<\/p>\n<p>N\u00e4chstes Jahr feiert das Perlacher Herz dann 10-J\u00e4hriges!<\/p>\n<figure id=\"attachment_19221\" aria-describedby=\"caption-attachment-19221\" style=\"width: 580px\" class=\"wp-caption alignnone\"><a href=\"https:\/\/www.neuperlach.org\/blog\/wp-content\/uploads\/2022\/07\/IMG_2386.jpg\"><img loading=\"lazy\" decoding=\"async\" class=\"size-large wp-image-19221\" src=\"https:\/\/www.neuperlach.org\/blog\/wp-content\/uploads\/2022\/07\/IMG_2386-1024x768.jpg\" alt=\"Perlacher Herz Sommerfest 2022\" width=\"580\" height=\"435\" srcset=\"https:\/\/www.neuperlach.org\/blog\/wp-content\/uploads\/2022\/07\/IMG_2386-1024x768.jpg 1024w, https:\/\/www.neuperlach.org\/blog\/wp-content\/uploads\/2022\/07\/IMG_2386-300x225.jpg 300w, https:\/\/www.neuperlach.org\/blog\/wp-content\/uploads\/2022\/07\/IMG_2386-768x576.jpg 768w, https:\/\/www.neuperlach.org\/blog\/wp-content\/uploads\/2022\/07\/IMG_2386-1536x1152.jpg 1536w, https:\/\/www.neuperlach.org\/blog\/wp-content\/uploads\/2022\/07\/IMG_2386-2048x1536.jpg 2048w, https:\/\/www.neuperlach.org\/blog\/wp-content\/uploads\/2022\/07\/IMG_2386-1200x900.jpg 1200w, https:\/\/www.neuperlach.org\/blog\/wp-content\/uploads\/2022\/07\/IMG_2386-1980x1485.jpg 1980w\" sizes=\"auto, (max-width: 580px) 100vw, 580px\" \/><\/a><figcaption id=\"caption-attachment-19221\" class=\"wp-caption-text\">Die Stra\u00dfe wurde f\u00fcr das Sommerfest gesperrt (09.07.2022) \u00a9 Thomas Irlbeck<\/figcaption><\/figure>\n<figure id=\"attachment_19213\" aria-describedby=\"caption-attachment-19213\" style=\"width: 580px\" class=\"wp-caption alignnone\"><a href=\"https:\/\/www.neuperlach.org\/blog\/wp-content\/uploads\/2022\/07\/IMG_2328.jpg\"><img loading=\"lazy\" decoding=\"async\" class=\"size-large wp-image-19213\" src=\"https:\/\/www.neuperlach.org\/blog\/wp-content\/uploads\/2022\/07\/IMG_2328-1024x768.jpg\" alt=\"Perlacher Herz Sommerfest 2022\" width=\"580\" height=\"435\" srcset=\"https:\/\/www.neuperlach.org\/blog\/wp-content\/uploads\/2022\/07\/IMG_2328-1024x768.jpg 1024w, https:\/\/www.neuperlach.org\/blog\/wp-content\/uploads\/2022\/07\/IMG_2328-300x225.jpg 300w, https:\/\/www.neuperlach.org\/blog\/wp-content\/uploads\/2022\/07\/IMG_2328-768x576.jpg 768w, https:\/\/www.neuperlach.org\/blog\/wp-content\/uploads\/2022\/07\/IMG_2328-1536x1152.jpg 1536w, https:\/\/www.neuperlach.org\/blog\/wp-content\/uploads\/2022\/07\/IMG_2328-2048x1536.jpg 2048w, https:\/\/www.neuperlach.org\/blog\/wp-content\/uploads\/2022\/07\/IMG_2328-1200x900.jpg 1200w, https:\/\/www.neuperlach.org\/blog\/wp-content\/uploads\/2022\/07\/IMG_2328-1980x1485.jpg 1980w\" sizes=\"auto, (max-width: 580px) 100vw, 580px\" \/><\/a><figcaption id=\"caption-attachment-19213\" class=\"wp-caption-text\">Wurfbude und Karussell kurz vor dem Start (09.07.2022) \u00a9 Thomas Irlbeck<\/figcaption><\/figure>\n<figure id=\"attachment_19214\" aria-describedby=\"caption-attachment-19214\" style=\"width: 580px\" class=\"wp-caption alignnone\"><a href=\"https:\/\/www.neuperlach.org\/blog\/wp-content\/uploads\/2022\/07\/IMG_2344.jpg\"><img loading=\"lazy\" decoding=\"async\" class=\"size-large wp-image-19214\" src=\"https:\/\/www.neuperlach.org\/blog\/wp-content\/uploads\/2022\/07\/IMG_2344-1024x768.jpg\" alt=\"Perlacher Herz Sommerfest 2022\" width=\"580\" height=\"435\" srcset=\"https:\/\/www.neuperlach.org\/blog\/wp-content\/uploads\/2022\/07\/IMG_2344-1024x768.jpg 1024w, https:\/\/www.neuperlach.org\/blog\/wp-content\/uploads\/2022\/07\/IMG_2344-300x225.jpg 300w, https:\/\/www.neuperlach.org\/blog\/wp-content\/uploads\/2022\/07\/IMG_2344-768x576.jpg 768w, https:\/\/www.neuperlach.org\/blog\/wp-content\/uploads\/2022\/07\/IMG_2344-1536x1152.jpg 1536w, https:\/\/www.neuperlach.org\/blog\/wp-content\/uploads\/2022\/07\/IMG_2344-2048x1536.jpg 2048w, https:\/\/www.neuperlach.org\/blog\/wp-content\/uploads\/2022\/07\/IMG_2344-1200x900.jpg 1200w, https:\/\/www.neuperlach.org\/blog\/wp-content\/uploads\/2022\/07\/IMG_2344-1980x1485.jpg 1980w\" sizes=\"auto, (max-width: 580px) 100vw, 580px\" \/><\/a><figcaption id=\"caption-attachment-19214\" class=\"wp-caption-text\">Aufbau der H\u00fcpfburg (09.07.2022) \u00a9 Thomas Irlbeck<\/figcaption><\/figure>\n<figure id=\"attachment_19217\" aria-describedby=\"caption-attachment-19217\" style=\"width: 580px\" class=\"wp-caption alignnone\"><a href=\"https:\/\/www.neuperlach.org\/blog\/wp-content\/uploads\/2022\/07\/IMG_2373.jpg\"><img loading=\"lazy\" decoding=\"async\" class=\"size-large wp-image-19217\" src=\"https:\/\/www.neuperlach.org\/blog\/wp-content\/uploads\/2022\/07\/IMG_2373-1024x768.jpg\" alt=\"Perlacher Herz Sommerfest 2022\" width=\"580\" height=\"435\" srcset=\"https:\/\/www.neuperlach.org\/blog\/wp-content\/uploads\/2022\/07\/IMG_2373-1024x768.jpg 1024w, https:\/\/www.neuperlach.org\/blog\/wp-content\/uploads\/2022\/07\/IMG_2373-300x225.jpg 300w, https:\/\/www.neuperlach.org\/blog\/wp-content\/uploads\/2022\/07\/IMG_2373-768x576.jpg 768w, https:\/\/www.neuperlach.org\/blog\/wp-content\/uploads\/2022\/07\/IMG_2373-1536x1152.jpg 1536w, https:\/\/www.neuperlach.org\/blog\/wp-content\/uploads\/2022\/07\/IMG_2373-2048x1536.jpg 2048w, https:\/\/www.neuperlach.org\/blog\/wp-content\/uploads\/2022\/07\/IMG_2373-1200x900.jpg 1200w, https:\/\/www.neuperlach.org\/blog\/wp-content\/uploads\/2022\/07\/IMG_2373-1980x1485.jpg 1980w\" sizes=\"auto, (max-width: 580px) 100vw, 580px\" \/><\/a><figcaption id=\"caption-attachment-19217\" class=\"wp-caption-text\">Gitarrist und S\u00e4nger Brad (09.07.2022) \u00a9 Thomas Irlbeck<\/figcaption><\/figure>\n<figure id=\"attachment_19215\" aria-describedby=\"caption-attachment-19215\" style=\"width: 580px\" class=\"wp-caption alignnone\"><a href=\"https:\/\/www.neuperlach.org\/blog\/wp-content\/uploads\/2022\/07\/IMG_2349.jpg\"><img loading=\"lazy\" decoding=\"async\" class=\"size-large wp-image-19215\" src=\"https:\/\/www.neuperlach.org\/blog\/wp-content\/uploads\/2022\/07\/IMG_2349-1024x768.jpg\" alt=\"Perlacher Herz Sommerfest 2022\" width=\"580\" height=\"435\" srcset=\"https:\/\/www.neuperlach.org\/blog\/wp-content\/uploads\/2022\/07\/IMG_2349-1024x768.jpg 1024w, https:\/\/www.neuperlach.org\/blog\/wp-content\/uploads\/2022\/07\/IMG_2349-300x225.jpg 300w, https:\/\/www.neuperlach.org\/blog\/wp-content\/uploads\/2022\/07\/IMG_2349-768x576.jpg 768w, https:\/\/www.neuperlach.org\/blog\/wp-content\/uploads\/2022\/07\/IMG_2349-1536x1152.jpg 1536w, https:\/\/www.neuperlach.org\/blog\/wp-content\/uploads\/2022\/07\/IMG_2349-2048x1536.jpg 2048w, https:\/\/www.neuperlach.org\/blog\/wp-content\/uploads\/2022\/07\/IMG_2349-1200x900.jpg 1200w, https:\/\/www.neuperlach.org\/blog\/wp-content\/uploads\/2022\/07\/IMG_2349-1980x1485.jpg 1980w\" sizes=\"auto, (max-width: 580px) 100vw, 580px\" \/><\/a><figcaption id=\"caption-attachment-19215\" class=\"wp-caption-text\">Gitarrist und S\u00e4nger Brad (09.07.2022) \u00a9 Thomas Irlbeck<\/figcaption><\/figure>\n<figure id=\"attachment_19218\" aria-describedby=\"caption-attachment-19218\" style=\"width: 580px\" class=\"wp-caption alignnone\"><a href=\"https:\/\/www.neuperlach.org\/blog\/wp-content\/uploads\/2022\/07\/IMG_2374.jpg\"><img loading=\"lazy\" decoding=\"async\" class=\"size-large wp-image-19218\" src=\"https:\/\/www.neuperlach.org\/blog\/wp-content\/uploads\/2022\/07\/IMG_2374-1024x768.jpg\" alt=\"Perlacher Herz Sommerfest 2022\" width=\"580\" height=\"435\" srcset=\"https:\/\/www.neuperlach.org\/blog\/wp-content\/uploads\/2022\/07\/IMG_2374-1024x768.jpg 1024w, https:\/\/www.neuperlach.org\/blog\/wp-content\/uploads\/2022\/07\/IMG_2374-300x225.jpg 300w, https:\/\/www.neuperlach.org\/blog\/wp-content\/uploads\/2022\/07\/IMG_2374-768x576.jpg 768w, https:\/\/www.neuperlach.org\/blog\/wp-content\/uploads\/2022\/07\/IMG_2374-1536x1152.jpg 1536w, https:\/\/www.neuperlach.org\/blog\/wp-content\/uploads\/2022\/07\/IMG_2374-2048x1536.jpg 2048w, https:\/\/www.neuperlach.org\/blog\/wp-content\/uploads\/2022\/07\/IMG_2374-1200x900.jpg 1200w, https:\/\/www.neuperlach.org\/blog\/wp-content\/uploads\/2022\/07\/IMG_2374-1980x1485.jpg 1980w\" sizes=\"auto, (max-width: 580px) 100vw, 580px\" \/><\/a><figcaption id=\"caption-attachment-19218\" class=\"wp-caption-text\">Gitarrist und S\u00e4nger Brad (09.07.2022) \u00a9 Thomas Irlbeck<\/figcaption><\/figure>\n<figure id=\"attachment_19216\" aria-describedby=\"caption-attachment-19216\" style=\"width: 580px\" class=\"wp-caption alignnone\"><a href=\"https:\/\/www.neuperlach.org\/blog\/wp-content\/uploads\/2022\/07\/IMG_2355.jpg\"><img loading=\"lazy\" decoding=\"async\" class=\"size-large wp-image-19216\" src=\"https:\/\/www.neuperlach.org\/blog\/wp-content\/uploads\/2022\/07\/IMG_2355-1024x768.jpg\" alt=\"Perlacher Herz Sommerfest 2022\" width=\"580\" height=\"435\" srcset=\"https:\/\/www.neuperlach.org\/blog\/wp-content\/uploads\/2022\/07\/IMG_2355-1024x768.jpg 1024w, https:\/\/www.neuperlach.org\/blog\/wp-content\/uploads\/2022\/07\/IMG_2355-300x225.jpg 300w, https:\/\/www.neuperlach.org\/blog\/wp-content\/uploads\/2022\/07\/IMG_2355-768x576.jpg 768w, https:\/\/www.neuperlach.org\/blog\/wp-content\/uploads\/2022\/07\/IMG_2355-1536x1152.jpg 1536w, https:\/\/www.neuperlach.org\/blog\/wp-content\/uploads\/2022\/07\/IMG_2355-2048x1536.jpg 2048w, https:\/\/www.neuperlach.org\/blog\/wp-content\/uploads\/2022\/07\/IMG_2355-1200x900.jpg 1200w, https:\/\/www.neuperlach.org\/blog\/wp-content\/uploads\/2022\/07\/IMG_2355-1980x1485.jpg 1980w\" sizes=\"auto, (max-width: 580px) 100vw, 580px\" \/><\/a><figcaption id=\"caption-attachment-19216\" class=\"wp-caption-text\">Gitarrist und S\u00e4nger Brad (09.07.2022) \u00a9 Thomas Irlbeck<\/figcaption><\/figure>\n<figure id=\"attachment_19219\" aria-describedby=\"caption-attachment-19219\" style=\"width: 580px\" class=\"wp-caption alignnone\"><a href=\"https:\/\/www.neuperlach.org\/blog\/wp-content\/uploads\/2022\/07\/IMG_2379.jpg\"><img loading=\"lazy\" decoding=\"async\" class=\"size-large wp-image-19219\" src=\"https:\/\/www.neuperlach.org\/blog\/wp-content\/uploads\/2022\/07\/IMG_2379-1024x768.jpg\" alt=\"Perlacher Herz Sommerfest 2022\" width=\"580\" height=\"435\" \/><\/a><figcaption id=\"caption-attachment-19219\" class=\"wp-caption-text\">Gitarrist und S\u00e4nger Brad (09.07.2022) \u00a9 Thomas Irlbeck<\/figcaption><\/figure>\n<figure id=\"attachment_19222\" aria-describedby=\"caption-attachment-19222\" style=\"width: 580px\" class=\"wp-caption alignnone\"><a href=\"https:\/\/www.neuperlach.org\/blog\/wp-content\/uploads\/2022\/07\/IMG_2393.jpg\"><img loading=\"lazy\" decoding=\"async\" class=\"size-large wp-image-19222\" src=\"https:\/\/www.neuperlach.org\/blog\/wp-content\/uploads\/2022\/07\/IMG_2393-1024x768.jpg\" alt=\"Perlacher Herz Sommerfest 2022\" width=\"580\" height=\"435\" srcset=\"https:\/\/www.neuperlach.org\/blog\/wp-content\/uploads\/2022\/07\/IMG_2393-1024x768.jpg 1024w, https:\/\/www.neuperlach.org\/blog\/wp-content\/uploads\/2022\/07\/IMG_2393-300x225.jpg 300w, https:\/\/www.neuperlach.org\/blog\/wp-content\/uploads\/2022\/07\/IMG_2393-768x576.jpg 768w, https:\/\/www.neuperlach.org\/blog\/wp-content\/uploads\/2022\/07\/IMG_2393-1536x1152.jpg 1536w, https:\/\/www.neuperlach.org\/blog\/wp-content\/uploads\/2022\/07\/IMG_2393-2048x1536.jpg 2048w, https:\/\/www.neuperlach.org\/blog\/wp-content\/uploads\/2022\/07\/IMG_2393-1200x900.jpg 1200w, https:\/\/www.neuperlach.org\/blog\/wp-content\/uploads\/2022\/07\/IMG_2393-1980x1485.jpg 1980w\" sizes=\"auto, (max-width: 580px) 100vw, 580px\" \/><\/a><figcaption id=\"caption-attachment-19222\" class=\"wp-caption-text\">Takinu Entertainment (09.07.2022) \u00a9 Thomas Irlbeck<\/figcaption><\/figure>\n<figure id=\"attachment_19223\" aria-describedby=\"caption-attachment-19223\" style=\"width: 580px\" class=\"wp-caption alignnone\"><a href=\"https:\/\/www.neuperlach.org\/blog\/wp-content\/uploads\/2022\/07\/IMG_2404.jpg\"><img loading=\"lazy\" decoding=\"async\" class=\"size-large wp-image-19223\" src=\"https:\/\/www.neuperlach.org\/blog\/wp-content\/uploads\/2022\/07\/IMG_2404-1024x768.jpg\" alt=\"Perlacher Herz Sommerfest 2022\" width=\"580\" height=\"435\" srcset=\"https:\/\/www.neuperlach.org\/blog\/wp-content\/uploads\/2022\/07\/IMG_2404-1024x768.jpg 1024w, https:\/\/www.neuperlach.org\/blog\/wp-content\/uploads\/2022\/07\/IMG_2404-300x225.jpg 300w, https:\/\/www.neuperlach.org\/blog\/wp-content\/uploads\/2022\/07\/IMG_2404-768x576.jpg 768w, https:\/\/www.neuperlach.org\/blog\/wp-content\/uploads\/2022\/07\/IMG_2404-1536x1152.jpg 1536w, https:\/\/www.neuperlach.org\/blog\/wp-content\/uploads\/2022\/07\/IMG_2404-2048x1536.jpg 2048w, https:\/\/www.neuperlach.org\/blog\/wp-content\/uploads\/2022\/07\/IMG_2404-1200x900.jpg 1200w, https:\/\/www.neuperlach.org\/blog\/wp-content\/uploads\/2022\/07\/IMG_2404-1980x1485.jpg 1980w\" sizes=\"auto, (max-width: 580px) 100vw, 580px\" \/><\/a><figcaption id=\"caption-attachment-19223\" class=\"wp-caption-text\">Bandana MC (09.07.2022) \u00a9 Thomas Irlbeck<\/figcaption><\/figure>\n<figure id=\"attachment_19224\" aria-describedby=\"caption-attachment-19224\" style=\"width: 580px\" class=\"wp-caption alignnone\"><a href=\"https:\/\/www.neuperlach.org\/blog\/wp-content\/uploads\/2022\/07\/IMG_2407.jpg\"><img loading=\"lazy\" decoding=\"async\" class=\"size-large wp-image-19224\" src=\"https:\/\/www.neuperlach.org\/blog\/wp-content\/uploads\/2022\/07\/IMG_2407-1024x768.jpg\" alt=\"Perlacher Herz Sommerfest 2022\" width=\"580\" height=\"435\" srcset=\"https:\/\/www.neuperlach.org\/blog\/wp-content\/uploads\/2022\/07\/IMG_2407-1024x768.jpg 1024w, https:\/\/www.neuperlach.org\/blog\/wp-content\/uploads\/2022\/07\/IMG_2407-300x225.jpg 300w, https:\/\/www.neuperlach.org\/blog\/wp-content\/uploads\/2022\/07\/IMG_2407-768x576.jpg 768w, https:\/\/www.neuperlach.org\/blog\/wp-content\/uploads\/2022\/07\/IMG_2407-1536x1152.jpg 1536w, https:\/\/www.neuperlach.org\/blog\/wp-content\/uploads\/2022\/07\/IMG_2407-2048x1536.jpg 2048w, https:\/\/www.neuperlach.org\/blog\/wp-content\/uploads\/2022\/07\/IMG_2407-1200x900.jpg 1200w, https:\/\/www.neuperlach.org\/blog\/wp-content\/uploads\/2022\/07\/IMG_2407-1980x1485.jpg 1980w\" sizes=\"auto, (max-width: 580px) 100vw, 580px\" \/><\/a><figcaption id=\"caption-attachment-19224\" class=\"wp-caption-text\">Bandana MC (09.07.2022) \u00a9 Thomas Irlbeck<\/figcaption><\/figure>\n<p>Das Perlacher Herz findet ihr am Marieluise-Flei\u00dfer-Bogen 7 im Handwerkerhof (n\u00e4he Graf-Zentrum). Das Perlacher Herz sagt \u00fcber sich:<\/p>\n<blockquote><p>Als Schwerpunkt haben wir uns die Arbeit mit Kindern und Jugendlichen gesetzt.<\/p>\n<p>Aber das &#8222;Perlacher Herz&#8220; ist ein Nachbarschaftstreff mit vielen verschiedenen Angeboten. Unsere Arbeit verrichten wir auf der festen \u00dcberzeugung unseres christlichen Glaubens. So haben wir zum Ziel mit unseren Ehrenamtlichen, Menschen in Neuperlach ein St\u00fcck unserer Zeit und Wertsch\u00e4tzung zu geben und Hoffnung zu schenken.<\/p><\/blockquote>\n<p>Mehr Infos: <a href=\"https:\/\/perlacher-herz.de\/\" target=\"_blank\" rel=\"noopener\">https:\/\/perlacher-herz.de\/<\/a><\/p>\n","protected":false},"excerpt":{"rendered":"<p>Am Samstag feierte das Perlacher Herz Sommerfest. Wenn man sich so manches andere Sommerfest der letzten Jahre in Neuperlach anschaut, wurde hier erstaunlich viel geboten: Bull riding, Gl\u00fccksrad, Wurfbude, H\u00fcpfburg, Karussell, Second-Hand-Ware, Grill, Kuchen, Getr\u00e4nke und Live-Musik unterschiedlicher Stilrichtungen. F\u00fcr jeden war etwas dabei, f\u00fcr Kinder und f\u00fcr Erwachsene. Die Stra\u00dfe wurde eigens f\u00fcr das [&hellip;]<\/p>\n","protected":false},"author":1,"featured_media":0,"comment_status":"closed","ping_status":"closed","sticky":false,"template":"","format":"standard","meta":{"footnotes":""},"categories":[91,345,585],"tags":[457,1424,2858,2859],"class_list":["post-19251","post","type-post","status-publish","format-standard","hentry","category-kultur","category-musik","category-soziales","tag-handwerkerhof","tag-marieluise-fleisser-bogen","tag-perlacher-herz","tag-sommerfest"],"_links":{"self":[{"href":"https:\/\/www.neuperlach.org\/blog\/wp-json\/wp\/v2\/posts\/19251","targetHints":{"allow":["GET"]}}],"collection":[{"href":"https:\/\/www.neuperlach.org\/blog\/wp-json\/wp\/v2\/posts"}],"about":[{"href":"https:\/\/www.neuperlach.org\/blog\/wp-json\/wp\/v2\/types\/post"}],"author":[{"embeddable":true,"href":"https:\/\/www.neuperlach.org\/blog\/wp-json\/wp\/v2\/users\/1"}],"replies":[{"embeddable":true,"href":"https:\/\/www.neuperlach.org\/blog\/wp-json\/wp\/v2\/comments?post=19251"}],"version-history":[{"count":0,"href":"https:\/\/www.neuperlach.org\/blog\/wp-json\/wp\/v2\/posts\/19251\/revisions"}],"wp:attachment":[{"href":"https:\/\/www.neuperlach.org\/blog\/wp-json\/wp\/v2\/media?parent=19251"}],"wp:term":[{"taxonomy":"category","embeddable":true,"href":"https:\/\/www.neuperlach.org\/blog\/wp-json\/wp\/v2\/categories?post=19251"},{"taxonomy":"post_tag","embeddable":true,"href":"https:\/\/www.neuperlach.org\/blog\/wp-json\/wp\/v2\/tags?post=19251"}],"curies":[{"name":"wp","href":"https:\/\/api.w.org\/{rel}","templated":true}]}}