{"id":4126,"date":"2010-08-22T02:07:24","date_gmt":"2010-08-22T00:07:24","guid":{"rendered":"http:\/\/www.neuperlach.org\/blog\/?p=4126"},"modified":"2026-01-25T15:43:39","modified_gmt":"2026-01-25T14:43:39","slug":"alter-schwede","status":"publish","type":"post","link":"https:\/\/www.neuperlach.org\/blog\/alter-schwede\/","title":{"rendered":"Alter Schwede (General Horn)"},"content":{"rendered":"<figure id=\"attachment_21084\" aria-describedby=\"caption-attachment-21084\" style=\"width: 580px\" class=\"wp-caption alignnone\"><a href=\"https:\/\/www.neuperlach.org\/blog\/wp-content\/uploads\/2010\/08\/IMG_4112.jpg\"><img loading=\"lazy\" decoding=\"async\" class=\"size-large wp-image-21084\" src=\"https:\/\/www.neuperlach.org\/blog\/wp-content\/uploads\/2010\/08\/IMG_4112-1024x683.jpg\" alt=\"Schwedenstein\" width=\"580\" height=\"387\" srcset=\"https:\/\/www.neuperlach.org\/blog\/wp-content\/uploads\/2010\/08\/IMG_4112-1024x683.jpg 1024w, https:\/\/www.neuperlach.org\/blog\/wp-content\/uploads\/2010\/08\/IMG_4112-300x200.jpg 300w, https:\/\/www.neuperlach.org\/blog\/wp-content\/uploads\/2010\/08\/IMG_4112-768x512.jpg 768w, https:\/\/www.neuperlach.org\/blog\/wp-content\/uploads\/2010\/08\/IMG_4112-1536x1024.jpg 1536w, https:\/\/www.neuperlach.org\/blog\/wp-content\/uploads\/2010\/08\/IMG_4112-2048x1366.jpg 2048w, https:\/\/www.neuperlach.org\/blog\/wp-content\/uploads\/2010\/08\/IMG_4112-1200x800.jpg 1200w, https:\/\/www.neuperlach.org\/blog\/wp-content\/uploads\/2010\/08\/IMG_4112-1980x1320.jpg 1980w\" sizes=\"auto, (max-width: 580px) 100vw, 580px\" \/><\/a><figcaption id=\"caption-attachment-21084\" class=\"wp-caption-text\">Der Schwedenstein (in einigen Karten als &#8222;General Horn&#8220; bezeichnet) steht am Wegesrand einer der vielen Waldwege im Truderinger Wald (21.08.2010) \u00a9 Thomas Irlbeck<\/figcaption><\/figure>\n<figure id=\"attachment_21087\" aria-describedby=\"caption-attachment-21087\" style=\"width: 150px\" class=\"wp-caption alignleft\"><a href=\"https:\/\/www.neuperlach.org\/blog\/wp-content\/uploads\/2010\/08\/Gustaf-Horn.jpg\"><img loading=\"lazy\" decoding=\"async\" class=\"size-thumbnail wp-image-21087\" src=\"https:\/\/www.neuperlach.org\/blog\/wp-content\/uploads\/2010\/08\/Gustaf-Horn-150x150.jpg\" alt=\"Gustaf Horn\" width=\"150\" height=\"150\" \/><\/a><figcaption id=\"caption-attachment-21087\" class=\"wp-caption-text\">Gustaf Horn. Lizenz: Public Domain<\/figcaption><\/figure>\n<p>Im Truderinger Wald, auf dem zu Waldperlach geh\u00f6rigen Gebiet, unweit der Kiesgrube am alten Quetschwerk Fritz Roth, steht der Schwedenstein. Es handelt sich um einen Gedenkstein, welcher der Legende nach General Horn gewidmet ist. Angeblich ist Gustaf Carl Horn im Drei\u00dfigj\u00e4hrigen Krieg 1632 bei K\u00e4mpfen um Perlach gefallen und unter dem Gedenkstein beerdigt. Doch diese Legende gilt als widerlegt, denn General Horn ist anderen Quellen zufolge 1657 in Skara (Schweden) gestorben und in Stockholm beerdigt. Ein gefallener General k\u00e4mpft nur selten einfach so weiter, als w\u00e4re nichts geschehen. Bei einer Probeausgrabung am Gedenkstein wurden keine Gebeine gefunden, was die Theorie mit dem Schweden-Grab noch l\u00f6chriger macht. Allerdings gilt als gesichert, dass Perlach 1632 tats\u00e4chlich von schwedischen Truppen und kurze Zeit sp\u00e4ter von kaiserlichen Truppen gepl\u00fcndert wurde.<\/p>\n<p>An der &#8222;Schweden&#8220;-Theorie ist noch mehr faul. Der Stein ist n\u00e4mlich erheblich \u00e4lter, er soll um 1500 herum entstanden sein. Das Original befindet sich \u00fcbrigens seit 1952\/1953 im M\u00fcnchner Stadtmuseum. Was heute noch im Truderinger Wald steht, ist eine Nachbildung, die 1988 an der Originalstelle platziert wurde.<\/p>\n<figure id=\"attachment_21085\" aria-describedby=\"caption-attachment-21085\" style=\"width: 580px\" class=\"wp-caption alignnone\"><a href=\"https:\/\/www.neuperlach.org\/blog\/wp-content\/uploads\/2010\/08\/IMG_4114-1.jpg\"><img loading=\"lazy\" decoding=\"async\" class=\"size-large wp-image-21085\" src=\"https:\/\/www.neuperlach.org\/blog\/wp-content\/uploads\/2010\/08\/IMG_4114-1-683x1024.jpg\" alt=\"Schwedenstein\" width=\"580\" height=\"870\" srcset=\"https:\/\/www.neuperlach.org\/blog\/wp-content\/uploads\/2010\/08\/IMG_4114-1-683x1024.jpg 683w, https:\/\/www.neuperlach.org\/blog\/wp-content\/uploads\/2010\/08\/IMG_4114-1-200x300.jpg 200w, https:\/\/www.neuperlach.org\/blog\/wp-content\/uploads\/2010\/08\/IMG_4114-1-768x1152.jpg 768w, https:\/\/www.neuperlach.org\/blog\/wp-content\/uploads\/2010\/08\/IMG_4114-1-1024x1536.jpg 1024w, https:\/\/www.neuperlach.org\/blog\/wp-content\/uploads\/2010\/08\/IMG_4114-1-1366x2048.jpg 1366w, https:\/\/www.neuperlach.org\/blog\/wp-content\/uploads\/2010\/08\/IMG_4114-1-1200x1800.jpg 1200w, https:\/\/www.neuperlach.org\/blog\/wp-content\/uploads\/2010\/08\/IMG_4114-1.jpg 1707w\" sizes=\"auto, (max-width: 580px) 100vw, 580px\" \/><\/a><figcaption id=\"caption-attachment-21085\" class=\"wp-caption-text\">Ein bisschen n\u00e4her dran, und schon zeigt sich die Sch\u00f6nheit des Denkmals noch wahrhaftiger (21.08.2010) \u00a9 Thomas Irlbeck<\/figcaption><\/figure>\n<figure id=\"attachment_21086\" aria-describedby=\"caption-attachment-21086\" style=\"width: 580px\" class=\"wp-caption alignnone\"><a href=\"https:\/\/www.neuperlach.org\/blog\/wp-content\/uploads\/2010\/08\/IMG_4111.jpg\"><img loading=\"lazy\" decoding=\"async\" class=\"size-large wp-image-21086\" src=\"https:\/\/www.neuperlach.org\/blog\/wp-content\/uploads\/2010\/08\/IMG_4111-1024x683.jpg\" alt=\"Schwedenstein\" width=\"580\" height=\"387\" srcset=\"https:\/\/www.neuperlach.org\/blog\/wp-content\/uploads\/2010\/08\/IMG_4111-1024x683.jpg 1024w, https:\/\/www.neuperlach.org\/blog\/wp-content\/uploads\/2010\/08\/IMG_4111-300x200.jpg 300w, https:\/\/www.neuperlach.org\/blog\/wp-content\/uploads\/2010\/08\/IMG_4111-768x512.jpg 768w, https:\/\/www.neuperlach.org\/blog\/wp-content\/uploads\/2010\/08\/IMG_4111-1536x1024.jpg 1536w, https:\/\/www.neuperlach.org\/blog\/wp-content\/uploads\/2010\/08\/IMG_4111-2048x1366.jpg 2048w, https:\/\/www.neuperlach.org\/blog\/wp-content\/uploads\/2010\/08\/IMG_4111-1200x800.jpg 1200w, https:\/\/www.neuperlach.org\/blog\/wp-content\/uploads\/2010\/08\/IMG_4111-1980x1320.jpg 1980w\" sizes=\"auto, (max-width: 580px) 100vw, 580px\" \/><\/a><figcaption id=\"caption-attachment-21086\" class=\"wp-caption-text\">Gedenktafel am Schwedenstein. Der legendenumwobene Stein ist also leider nur eine Nachbildung, die aber inzwischen auch ganz sch\u00f6n alt aussieht (21.08.2010) \u00a9 Thomas Irlbeck<\/figcaption><\/figure>\n<p>Wem ist der Stein aber gewidmet, wenn die Story vom untoten General doch eher wenig glaubhaft ist? Einer anderen Legende nach soll das Teil ein Denkmal f\u00fcr den Empfang Kaiser Karls V. 1530 sein. Von der Jahreszahl kommt das schon n\u00e4her hin. Der Kaiser zog zu dieser Zeit von Innsbruck \u00fcber M\u00fcnchen nach Augsburg. Damals war das Gebiet noch unbewaldet. Auf dieser &#8222;Perlacher Haydn&#8220; wurde zu Ehren des Kaisers eine Jagd veranstaltet.<\/p>\n<p>Nicht weit vom Schwedenstein entfernt gibt es eine kleine Siedlung, die eine schmale Zunge im Wald mit nur einer Stra\u00dfe darstellt und irgendwo zwischen der Truderinger Grenzkolonie und der Kolonie Waldfrieden im Niemandsland eingeklinkt ist. Obwohl man noch zum Stadtgebiet geh\u00f6rt, gibt es dort keine L\u00e4den und auch keinen \u00f6ffentlichen Nahverkehr. Diese einzige Stra\u00dfe hei\u00dft \u2013 wie auch sonst \u2013 Schwedensteinstra\u00dfe, die Siedlung wird h\u00e4ufig folgerichtig als Schwedensiedlung bezeichnet. Der Schwede zieht also weite Kreise. Alter Schwede!<img loading=\"lazy\" decoding=\"async\" class=\"vg\" src=\"https:\/\/ssl-vg03.met.vgwort.de\/na\/3e735ee421d0434a8c5135c26d18a4a7\" alt=\"\" width=\"1\" height=\"1\" \/><\/p>\n<h3>Trivia<\/h3>\n<ul>\n<li>Neben dem Stadtmuseum bem\u00fchte sich auch der Versch\u00f6nerungsverein Perlach um den alten Stein, um den Ortskern aufzuwerten. Allerdings erfolglos.<\/li>\n<li>Der Spruch &#8222;Alter Schwede!&#8220; hat seinen Ursprung in der Zeit nach dem Drei\u00dfigj\u00e4hrigen Krieg. N\u00e4heres hierzu: <a href=\"https:\/\/de.wikipedia.org\/wiki\/Alter_Schwede_%28Redewendung%29\" target=\"_blank\" rel=\"noopener noreferrer\">Wikipedia: Alter Schwede (Redewendung)<\/a><\/li>\n<\/ul>\n<h3>Quellen<\/h3>\n<ul>\n<li>Walter Gra\u00dfmann: der Schwedenstein, in: Gudrun Gersmann \/ Torsten Reimer (Hg.): M\u00fcnchen im Drei\u00dfigj\u00e4hrigen Krieg. Ein universit\u00e4res Lehrprojekt, 1. Version vom 6.12.2000<\/li>\n<li><a href=\"https:\/\/de.wikipedia.org\/wiki\/Gustaf_Horn\" target=\"_blank\" rel=\"noopener noreferrer\">Wikipedia: Gustaf Horn<\/a><\/li>\n<\/ul>\n","protected":false},"excerpt":{"rendered":"<p>Im Truderinger Wald, auf dem zu Waldperlach geh\u00f6rigen Gebiet, unweit der Kiesgrube am alten Quetschwerk Fritz Roth, steht der Schwedenstein. Es handelt sich um einen Gedenkstein, welcher der Legende nach General Horn gewidmet ist. Angeblich ist Gustaf Carl Horn im Drei\u00dfigj\u00e4hrigen Krieg 1632 bei K\u00e4mpfen um Perlach gefallen und unter dem Gedenkstein beerdigt. Doch diese [&hellip;]<\/p>\n","protected":false},"author":1,"featured_media":0,"comment_status":"open","ping_status":"open","sticky":false,"template":"","format":"standard","meta":{"footnotes":""},"categories":[10,400,15,474],"tags":[466,1157,1156,458,1154,1153,218,320],"class_list":["post-4126","post","type-post","status-publish","format-standard","hentry","category-bilder","category-historisches","category-kunst","category-mystisches","tag-general-horn","tag-kolonie-waldfrieden","tag-schwedensiedlung","tag-schwedenstein","tag-schwedensteinstrase","tag-truderinger-grenzkolonie","tag-truderinger-wald","tag-waldperlach"],"_links":{"self":[{"href":"https:\/\/www.neuperlach.org\/blog\/wp-json\/wp\/v2\/posts\/4126","targetHints":{"allow":["GET"]}}],"collection":[{"href":"https:\/\/www.neuperlach.org\/blog\/wp-json\/wp\/v2\/posts"}],"about":[{"href":"https:\/\/www.neuperlach.org\/blog\/wp-json\/wp\/v2\/types\/post"}],"author":[{"embeddable":true,"href":"https:\/\/www.neuperlach.org\/blog\/wp-json\/wp\/v2\/users\/1"}],"replies":[{"embeddable":true,"href":"https:\/\/www.neuperlach.org\/blog\/wp-json\/wp\/v2\/comments?post=4126"}],"version-history":[{"count":0,"href":"https:\/\/www.neuperlach.org\/blog\/wp-json\/wp\/v2\/posts\/4126\/revisions"}],"wp:attachment":[{"href":"https:\/\/www.neuperlach.org\/blog\/wp-json\/wp\/v2\/media?parent=4126"}],"wp:term":[{"taxonomy":"category","embeddable":true,"href":"https:\/\/www.neuperlach.org\/blog\/wp-json\/wp\/v2\/categories?post=4126"},{"taxonomy":"post_tag","embeddable":true,"href":"https:\/\/www.neuperlach.org\/blog\/wp-json\/wp\/v2\/tags?post=4126"}],"curies":[{"name":"wp","href":"https:\/\/api.w.org\/{rel}","templated":true}]}}