{"id":9882,"date":"2017-02-17T00:52:12","date_gmt":"2017-02-16T23:52:12","guid":{"rendered":"http:\/\/www.neuperlach.org\/blog\/?p=9882"},"modified":"2026-01-24T12:43:10","modified_gmt":"2026-01-24T11:43:10","slug":"die-serbisch-orthodoxe-kirche-am-wohnring-mystische-orte-teil-18","status":"publish","type":"post","link":"https:\/\/www.neuperlach.org\/blog\/die-serbisch-orthodoxe-kirche-am-wohnring-mystische-orte-teil-18\/","title":{"rendered":"Die Serbisch-Orthodoxe Kirche am Wohnring"},"content":{"rendered":"<figure id=\"attachment_13495\" aria-describedby=\"caption-attachment-13495\" style=\"width: 660px\" class=\"wp-caption alignnone\"><a href=\"https:\/\/www.neuperlach.org\/blog\/wp-content\/uploads\/2017\/02\/IMG_6356-1.jpg\"><img loading=\"lazy\" decoding=\"async\" class=\"size-large wp-image-13495\" src=\"https:\/\/www.neuperlach.org\/blog\/wp-content\/uploads\/2017\/02\/IMG_6356-1-1024x768.jpg\" alt=\"Serbisch-Orthodoxe Kirche\" width=\"660\" height=\"495\" srcset=\"https:\/\/www.neuperlach.org\/blog\/wp-content\/uploads\/2017\/02\/IMG_6356-1-1024x768.jpg 1024w, https:\/\/www.neuperlach.org\/blog\/wp-content\/uploads\/2017\/02\/IMG_6356-1-300x225.jpg 300w, https:\/\/www.neuperlach.org\/blog\/wp-content\/uploads\/2017\/02\/IMG_6356-1-768x576.jpg 768w, https:\/\/www.neuperlach.org\/blog\/wp-content\/uploads\/2017\/02\/IMG_6356-1.jpg 1920w\" sizes=\"auto, (max-width: 660px) 100vw, 660px\" \/><\/a><figcaption id=\"caption-attachment-13495\" class=\"wp-caption-text\">Bild 1:\u00a0Serbisch-Orthodoxe Kirche &#8222;Heiliger M\u00e4rtyrerk\u00f6nig Jovan Vladimir&#8220; (16.02.2017) \u00a9 Thomas Irlbeck<\/figcaption><\/figure>\n<p>Unser heutiger mystischer Ort ist ein sehr auff\u00e4lliges, f\u00fcr deutsche Augen eher ungew\u00f6hnliches Geb\u00e4ude. Kein Wunder, denn katholische Kirchen haben in M\u00fcnchen bekanntlich einen h\u00f6heren Verbreitungsgrad, und hier sehen wir ja schlie\u00dflich eine Serbisch-Orthodoxe Kirche. Sie ist die einzige Serbisch-Orthodoxe Kirche in M\u00fcnchen. Ihr Name ist Heiliger M\u00e4rtyrerk\u00f6nig Jovan Vladimir. Sie liegt fast unmittelbar vor dem Neuperlacher Wohnring, also an einer der bekanntesten Wohnanlagen in Neuperlach.<\/p>\n<p>Dennoch werden viele Neuperlacher diese Kirche noch nie gesehen haben. Das liegt daran, dass sie von der viel befahrenen Putzbrunner Stra\u00dfe aus nur schwer einsehbar ist \u2013 und von anderen Stra\u00dfen (Schumacherring vor dem Wohnring etwa) auch kaum. Man muss von dort ein paar Meter am Hans-Fried-Weg laufen, um die Kirche sehen zu k\u00f6nnen. \u00dcbrigens grenzt an die Kirche unmittelbar der <a href=\"https:\/\/www.neuperlach.org\/blog\/?p=17040\">Friedhof Perlach<\/a>, der auch nicht besonders bekannt ist. Wie auch der Friedhof Perlach liegt die Kirche offiziell haarscharf noch in Perlach, aber der sehr nahe Wohnring erzeugt Satellitenstadt-Atmosph\u00e4re.<\/p>\n<figure id=\"attachment_9885\" aria-describedby=\"caption-attachment-9885\" style=\"width: 660px\" class=\"wp-caption alignnone\"><a href=\"https:\/\/www.neuperlach.org\/blog\/wp-content\/uploads\/2017\/02\/IMG_6353.jpg\"><img loading=\"lazy\" decoding=\"async\" class=\"size-large wp-image-9885\" src=\"https:\/\/www.neuperlach.org\/blog\/wp-content\/uploads\/2017\/02\/IMG_6353-1024x796.jpg\" alt=\"Serbisch-Orthodoxe Kirche\" width=\"660\" height=\"513\" srcset=\"https:\/\/www.neuperlach.org\/blog\/wp-content\/uploads\/2017\/02\/IMG_6353-1024x796.jpg 1024w, https:\/\/www.neuperlach.org\/blog\/wp-content\/uploads\/2017\/02\/IMG_6353-300x233.jpg 300w, https:\/\/www.neuperlach.org\/blog\/wp-content\/uploads\/2017\/02\/IMG_6353-768x597.jpg 768w, https:\/\/www.neuperlach.org\/blog\/wp-content\/uploads\/2017\/02\/IMG_6353.jpg 1600w\" sizes=\"auto, (max-width: 660px) 100vw, 660px\" \/><\/a><figcaption id=\"caption-attachment-9885\" class=\"wp-caption-text\">Bild 2 (16.02.2017) \u00a9 Thomas Irlbeck<\/figcaption><\/figure>\n<h3>Geschichte und Daten zur Kirche &#8222;Heiliger M\u00e4rtyrerk\u00f6nig Jovan Vladimir&#8220;<\/h3>\n<p>Die Serbisch-Orthodoxe Kirchengemeinde in M\u00fcnchen wurde bereits 1946 gegr\u00fcndet. Unter den ersten Mitgliedern waren fr\u00fchere serbische Kriegsgefangene. Der Bau der Kirche und des Kirchenzentrums an der Putzbrunner Stra\u00dfe fand aber erst 1994 (Kirchenzentrum vor der Kirche, auf den Bildern nicht zu sehen, siehe Umgebungskarte) bzw. 1996 (Kirchengeb\u00e4ude) statt. Bis dahin wurden f\u00fcr Gottesdienste und andere Aktivit\u00e4ten provisorisch R\u00e4ume in Kirchen und Wohnungen angemietet. Heute betreut die Gemeinde rund 25.000 orthodoxe Serben. Die Adresse von Kirchenzentrum und Kirche ist Putzbrunner Stra\u00dfe 49.<\/p>\n<p>Quelle: <a href=\"https:\/\/stadtgeschichte-muenchen.de\/stadtfuehrung\/d_stadtfuehrung.php?id=1215\" target=\"_blank\" rel=\"noopener noreferrer\">Die Serbisch-Orthodoxe Kirchengemeinde in M\u00fcnchen<\/a><\/p>\n<h3>Die Serbisch-Orthodoxe Kirche<\/h3>\n<p>Rund 80 Prozent der elf Millionen Serben weltweit bekennen sich zur orthodoxen Kirche. Mehr unter dem Wikipedia-Artikel <a href=\"https:\/\/de.wikipedia.org\/wiki\/Serbisch-Orthodoxe_Kirche\" target=\"_blank\" rel=\"noopener noreferrer\">Serbisch-Orthodoxe Kirche<\/a>.<\/p>\n<figure id=\"attachment_9886\" aria-describedby=\"caption-attachment-9886\" style=\"width: 580px\" class=\"wp-caption alignnone\"><a href=\"https:\/\/www.neuperlach.org\/blog\/wp-content\/uploads\/2017\/02\/IMG_6350.jpg\"><img loading=\"lazy\" decoding=\"async\" class=\"wp-image-9886 size-large\" src=\"https:\/\/www.neuperlach.org\/blog\/wp-content\/uploads\/2017\/02\/IMG_6350-1024x768.jpg\" alt=\"Serbisch-Orthodoxe Kirche\" width=\"580\" height=\"435\" srcset=\"https:\/\/www.neuperlach.org\/blog\/wp-content\/uploads\/2017\/02\/IMG_6350-1024x768.jpg 1024w, https:\/\/www.neuperlach.org\/blog\/wp-content\/uploads\/2017\/02\/IMG_6350-300x225.jpg 300w, https:\/\/www.neuperlach.org\/blog\/wp-content\/uploads\/2017\/02\/IMG_6350-768x576.jpg 768w, https:\/\/www.neuperlach.org\/blog\/wp-content\/uploads\/2017\/02\/IMG_6350.jpg 1600w\" sizes=\"auto, (max-width: 580px) 100vw, 580px\" \/><\/a><figcaption id=\"caption-attachment-9886\" class=\"wp-caption-text\">Bild 3 (16.02.2017) \u00a9 Thomas Irlbeck<\/figcaption><\/figure>\n<figure id=\"attachment_9883\" aria-describedby=\"caption-attachment-9883\" style=\"width: 580px\" class=\"wp-caption alignnone\"><a href=\"https:\/\/www.neuperlach.org\/blog\/wp-content\/uploads\/2017\/02\/IMG_6358.jpg\"><img loading=\"lazy\" decoding=\"async\" class=\"wp-image-9883 size-large\" src=\"https:\/\/www.neuperlach.org\/blog\/wp-content\/uploads\/2017\/02\/IMG_6358-1024x723.jpg\" alt=\"Serbisch-Orthodoxe Kirche\" width=\"580\" height=\"410\" srcset=\"https:\/\/www.neuperlach.org\/blog\/wp-content\/uploads\/2017\/02\/IMG_6358-1024x723.jpg 1024w, https:\/\/www.neuperlach.org\/blog\/wp-content\/uploads\/2017\/02\/IMG_6358-300x212.jpg 300w, https:\/\/www.neuperlach.org\/blog\/wp-content\/uploads\/2017\/02\/IMG_6358-768x542.jpg 768w, https:\/\/www.neuperlach.org\/blog\/wp-content\/uploads\/2017\/02\/IMG_6358.jpg 1600w\" sizes=\"auto, (max-width: 580px) 100vw, 580px\" \/><\/a><figcaption id=\"caption-attachment-9883\" class=\"wp-caption-text\">Bild 4 (16.02.2017) \u00a9 Thomas Irlbeck<\/figcaption><\/figure>\n<h3>Heiliger M\u00e4rtyrerk\u00f6nig Jovan Vladimir<\/h3>\n<p>Jovan Vladimir (serb. \u0408\u043e\u0432\u0430\u043d \u0412\u043b\u0430\u0434\u0438\u043c\u0438\u0440; bulg. \u0418\u0432\u0430\u043d \u0412\u043b\u0430\u0434\u0438\u043c\u0438\u0440 Ivan Vladimir; deutsch auch Johannes Wladimir; * 10. Jahrhundert; \u2020 22. 05.1016) war laut Wikipedia Herrscher von Duklja, dem bedeutendsten serbischen F\u00fcrstentum seiner Zeit. Er wird von der Serbisch-Orthodoxen Kirche als M\u00e4rtyrer und nationale Symbolfigur verehrt. Mehr unter dem Wikipedia-Artikel <a href=\"https:\/\/de.wikipedia.org\/wiki\/Jovan_Vladimir\" target=\"_blank\" rel=\"noopener noreferrer\">Jovan Vladimir<\/a>.<img loading=\"lazy\" decoding=\"async\" class=\"vg\" src=\"https:\/\/ssl-vg03.met.vgwort.de\/na\/06cc217579cf416d9d876ee59c47b7cd\" alt=\"\" width=\"1\" height=\"1\" \/><\/p>\n","protected":false},"excerpt":{"rendered":"<p>Unser heutiger mystischer Ort ist ein sehr auff\u00e4lliges, f\u00fcr deutsche Augen eher ungew\u00f6hnliches Geb\u00e4ude. Kein Wunder, denn katholische Kirchen haben in M\u00fcnchen bekanntlich einen h\u00f6heren Verbreitungsgrad, und hier sehen wir ja schlie\u00dflich eine Serbisch-Orthodoxe Kirche. Sie ist die einzige Serbisch-Orthodoxe Kirche in M\u00fcnchen. Ihr Name ist Heiliger M\u00e4rtyrerk\u00f6nig Jovan Vladimir. Sie liegt fast unmittelbar vor [&hellip;]<\/p>\n","protected":false},"author":1,"featured_media":0,"comment_status":"open","ping_status":"open","sticky":false,"template":"","format":"standard","meta":{"footnotes":""},"categories":[5,10,473,474],"tags":[1659,958,258,189,1660,662],"class_list":["post-9882","post","type-post","status-publish","format-standard","hentry","category-architektur","category-bilder","category-kirchereligion","category-mystisches","tag-hans-fried-weg","tag-kirche","tag-perlach","tag-putzbrunner-strase","tag-serbisch-orthodoxe-kirche","tag-wohnring"],"_links":{"self":[{"href":"https:\/\/www.neuperlach.org\/blog\/wp-json\/wp\/v2\/posts\/9882","targetHints":{"allow":["GET"]}}],"collection":[{"href":"https:\/\/www.neuperlach.org\/blog\/wp-json\/wp\/v2\/posts"}],"about":[{"href":"https:\/\/www.neuperlach.org\/blog\/wp-json\/wp\/v2\/types\/post"}],"author":[{"embeddable":true,"href":"https:\/\/www.neuperlach.org\/blog\/wp-json\/wp\/v2\/users\/1"}],"replies":[{"embeddable":true,"href":"https:\/\/www.neuperlach.org\/blog\/wp-json\/wp\/v2\/comments?post=9882"}],"version-history":[{"count":0,"href":"https:\/\/www.neuperlach.org\/blog\/wp-json\/wp\/v2\/posts\/9882\/revisions"}],"wp:attachment":[{"href":"https:\/\/www.neuperlach.org\/blog\/wp-json\/wp\/v2\/media?parent=9882"}],"wp:term":[{"taxonomy":"category","embeddable":true,"href":"https:\/\/www.neuperlach.org\/blog\/wp-json\/wp\/v2\/categories?post=9882"},{"taxonomy":"post_tag","embeddable":true,"href":"https:\/\/www.neuperlach.org\/blog\/wp-json\/wp\/v2\/tags?post=9882"}],"curies":[{"name":"wp","href":"https:\/\/api.w.org\/{rel}","templated":true}]}}